{"id":191507,"date":"2008-01-26T02:06:28","date_gmt":"2008-01-26T02:06:28","guid":{"rendered":"http:\/\/diariodominicano.ddns.net\/?p=191507"},"modified":"2008-01-26T02:06:28","modified_gmt":"2008-01-26T02:06:28","slug":"pld-concluye-contaje-del-entarimado-para-el-acto-de-proclamacion-de-leonel-fernandez-este-domingo-en-el-palacio-de-los-deportes","status":"publish","type":"post","link":"https:\/\/diariodominicano.com\/?p=191507","title":{"rendered":"PLD concluye contaje del entarimado para el acto de proclamaci\u00f3n de Leonel Fern\u00e1ndez este domingo en el Palacio de los Deportes"},"content":{"rendered":"<p><body><\/p>\n<p align=\"justify\" class=\"titulogrande1\"><strong>PLD concluye contaje del entarimado para  el acto de proclamaci\u00f3n de Leonel Fern\u00e1ndez este domingo en el Palacio de los  Deportes <\/strong><\/p>\n<p>&#13;<\/p>\n<p align=\"justify\" class=\"text1noticias\"><strong><img loading=\"lazy\" decoding=\"async\" src=\"http:\/\/localhost:8080\/pictures\/pld269.jpg\" width=\"269\" height=\"210\" hspace=\"4\" align=\"left\" \/>SANTO  DOMINGO.-<\/strong> Mientras en los Comit\u00e9s Intermedios del Partido de la Liberaci\u00f3n Dominicana  (PLD) en el Distrito Nacional y la   Provincia de Santo Domingo\u00a0  realizan actividades de calentamiento, la Direcci\u00f3n Operativa  del Comit\u00e9 Nacional de Campa\u00f1a concluye el montaje del entarimado para el acto  de proclamaci\u00f3n de\u00a0 Leonel Fern\u00e1ndez como  candidato presidencial para las elecciones del 16 de mayo pr\u00f3ximo. <\/p>\n<p>&#13;<\/p>\n<p align=\"justify\" class=\"text1noticias\">Un  despacho de prensa del partido morado indic\u00f3 que este Viernes y s\u00e1bado los  miembros del PLD se preparan para asistir al Palacio de los Deportes de Santo  Domingo, el domingo a las 10:00 de la ma\u00f1ana,\u00a0  instalaciones en las que el Partido de la Liberaci\u00f3n Dominicana  realizar\u00e1 su acto de convenci\u00f3n, tal y como lo estipula la Ley Electoral.<\/p>\n<p>&#13;<\/p>\n<p align=\"justify\" class=\"text1noticias\">El  documento detall\u00f3 que en la tarima principal se ubicar\u00e1n los miembros del  Comit\u00e9 Pol\u00edtico, Comit\u00e9 Central del PLD  y la Comisi\u00f3n   Nacional Electoral, estructura interna que organiza el acto  de proclamaci\u00f3n.<\/p>\n<p>&#13;<\/p>\n<p align=\"justify\" class=\"text1noticias\">Agreg\u00f3  que un equipo de protocolo a cargo de la Direcci\u00f3n de Operaciones ubicar\u00e1 en los lugares  reservados a los delegados a la asamblea de proclamaci\u00f3n, los invitados,  representaciones de los aliados y el p\u00fablico en general.<\/p>\n<p>&#13;<\/p>\n<p align=\"justify\" class=\"text1noticias\">\u201cIgual  organizaci\u00f3n se ha establecido en el estacionamiento de veh\u00edculos explic\u00e1ndose  que los medios de transporte se ubicar\u00e1n en los parqueos internos del Centro  Ol\u00edmpico Juan Pablo Duarte por regiones\u201d, a\u00f1adi\u00f3 la nota informativa del PLD.<\/p>\n<p>&#13;<\/p>\n<p align=\"justify\" class=\"text1noticias\">\u201cSe  convoca a los Miembros del Comit\u00e9 Central, los Presidentes de Comit\u00e9s  Provinciales, los Presidentes de Comit\u00e9s Municipales, los Presidentes de las  Circunscripciones Electorales del Distrito Nacional y de la Provincia Santo  Domingo; y los Presidentes de Seccionales del Partido de la Liberaci\u00f3n Dominicana\u201d,  se manifiesta en la convocatoria publicada el pasado fin de semana en los  medios impresos de circulaci\u00f3n nacional\u201d, expres\u00f3 el documento del partido de  gobierno.<\/p>\n<p>&#13;<\/p>\n<p align=\"justify\" class=\"text1noticias\">Inform\u00f3  que \u201cal tiempo de convocar a los delegados pelede\u00edstas al acto de proclamaci\u00f3n  de Leonel Fern\u00e1ndez como candidato presidencial de esa organizaci\u00f3n, se les  invita a decidir sobre la autorizaci\u00f3n para que el Partido de la Liberaci\u00f3n Dominicana  (PLD) pueda suscribir Pactos de Alianza o Coalici\u00f3n con otros partidos o  agrupaciones pol\u00edticas\u201d.<\/p>\n<p>&#13;<\/p>\n<p align=\"justify\" class=\"text1noticias\">Manifest\u00f3  que en el\u00a0 acto\u00a0 se alternar\u00e1n\u00a0  los oradores, la parte protocolar que ordena la Ley Electoral y la  presentaci\u00f3n de atractivas figuras art\u00edsticas populares. <\/p>\n<p>&#13;<\/p>\n<p align=\"justify\" class=\"text1noticias\">Ademas  precis\u00f3 que \u201cen esta semana tanto Francisco Javier\u00a0 Garc\u00eda, Coordinador General del Comit\u00e9  Nacional de Campa\u00f1a, como Reinaldo Pared P\u00e9rez, Secretario General del Partido  de la Liberaci\u00f3n   Dominicana, adelantaron que el Presidente Leonel Fern\u00e1ndez en  su intervenci\u00f3n en el acto esbozar\u00e1 en l\u00edneas generales el programa de gobierno  para el pr\u00f3ximo cuatrienio\u201d.<\/p>\n<p>&#13;<\/p>\n<p align=\"justify\" class=\"text1noticias\">\u201cEs  una brillante oportunidad que va a tener el pueblo de escuchar las razones por  la que el Presidente Leonel Fern\u00e1ndez debe permanecer en el poder por cuatro  a\u00f1os m\u00e1s dirigiendo los destinos de la Rep\u00fablica Dominicana\u201d,  se\u00f1al\u00f3 Francisco Javier Garc\u00eda mediante la nota informativa divulgada por la Secretar\u00eda de  Comunicaciones del PLD.<\/p>\n<p>&#13;<\/p>\n<h6> 2008-01-26 02:06:28 <\/h6>\n<p><!--\n<link rel=\"stylesheet\" href=\"css\/bootstrap.min.css\">\n\n\n<ul class=\"pagination\">\n\t    \n\t\n\n<li >\n\t<a href='?page_no=34254'>Previous<\/a>\n\t<\/li>\n\n\n       \n    \n\n<li><a href='?page_no=1'>1<\/a><\/li>\n\n\n\n<li><a href='?page_no=2'>2<\/a><\/li>\n\n\n\n<li><a>...<\/a><\/li>\n\n\n\n<li><a href='?page_no=34253'>34253<\/a><\/li>\n\n\n\n<li><a href='?page_no=34254'>34254<\/a><\/li>\n\n\n\n<li class='active'><a>34255<\/a><\/li>\n\n\n\n<li><a href='?page_no=34256'>34256<\/a><\/li>\n\n\n\n<li><a href='?page_no=34257'>34257<\/a><\/li>\n\n\n\n<li><a>...<\/a><\/li>\n\n\n\n<li><a href='?page_no=36999'>36999<\/a><\/li>\n\n\n\n<li><a href='?page_no=37000'>37000<\/a><\/li>\n\n    \n\t\n\n<li >\n\t<a href='?page_no=34256'>Next<\/a>\n\t<\/li>\n\n\n    \n\n<li><a href='?page_no=37000'>Last &rsaquo;&rsaquo;<\/a><\/li>\n\n<\/ul>\n\n\n--><br \/>\n<\/body><\/p>\n","protected":false},"excerpt":{"rendered":"<p>PLD concluye contaje del entarimado para el acto de proclamaci\u00f3n de Leonel Fern\u00e1ndez este domingo en el Palacio de los Deportes &#13; SANTO DOMINGO.- Mientras en los Comit\u00e9s Intermedios del Partido de la Liberaci\u00f3n Dominicana (PLD) en el Distrito Nacional y la Provincia de Santo Domingo\u00a0 realizan actividades de calentamiento, la Direcci\u00f3n Operativa del Comit\u00e9 [&hellip;]<\/p>\n","protected":false},"author":3,"featured_media":0,"comment_status":"open","ping_status":"open","sticky":false,"template":"","format":"standard","meta":{"footnotes":""},"categories":[22],"tags":[],"class_list":["post-191507","post","type-post","status-publish","format-standard","hentry","category-politica"],"_links":{"self":[{"href":"https:\/\/diariodominicano.com\/index.php?rest_route=\/wp\/v2\/posts\/191507","targetHints":{"allow":["GET"]}}],"collection":[{"href":"https:\/\/diariodominicano.com\/index.php?rest_route=\/wp\/v2\/posts"}],"about":[{"href":"https:\/\/diariodominicano.com\/index.php?rest_route=\/wp\/v2\/types\/post"}],"author":[{"embeddable":true,"href":"https:\/\/diariodominicano.com\/index.php?rest_route=\/wp\/v2\/users\/3"}],"replies":[{"embeddable":true,"href":"https:\/\/diariodominicano.com\/index.php?rest_route=%2Fwp%2Fv2%2Fcomments&post=191507"}],"version-history":[{"count":0,"href":"https:\/\/diariodominicano.com\/index.php?rest_route=\/wp\/v2\/posts\/191507\/revisions"}],"wp:attachment":[{"href":"https:\/\/diariodominicano.com\/index.php?rest_route=%2Fwp%2Fv2%2Fmedia&parent=191507"}],"wp:term":[{"taxonomy":"category","embeddable":true,"href":"https:\/\/diariodominicano.com\/index.php?rest_route=%2Fwp%2Fv2%2Fcategories&post=191507"},{"taxonomy":"post_tag","embeddable":true,"href":"https:\/\/diariodominicano.com\/index.php?rest_route=%2Fwp%2Fv2%2Ftags&post=191507"}],"curies":[{"name":"wp","href":"https:\/\/api.w.org\/{rel}","templated":true}]}}