{"id":191506,"date":"2008-01-26T03:23:52","date_gmt":"2008-01-26T03:23:52","guid":{"rendered":"http:\/\/diariodominicano.ddns.net\/?p=191506"},"modified":"2008-01-26T03:23:52","modified_gmt":"2008-01-26T03:23:52","slug":"en-aniversario-natalicio-de-patricio-amable-dice-duarte-y-balaguer-han-sido-mejores-politicos-dominicanos","status":"publish","type":"post","link":"https:\/\/diariodominicano.com\/?p=191506","title":{"rendered":"En Aniversario Natalicio de Patricio: Amable dice Duarte y Balaguer han sido mejores pol\u00edticos dominicanos"},"content":{"rendered":"<p><body><\/p>\n<p align=\"justify\" class=\"titulogrande1\">En Aniversario Natalicio de Patricio: <strong>Amable dice Duarte y Balaguer han<\/strong> <strong>sido mejores pol\u00edticos dominicanos<\/strong><\/p>\n<p>&#13;<\/p>\n<p align=\"justify\" class=\"text1noticias\"><strong>Santo Domingo.- <\/strong>El candidato  presidencial del Partido Reformista Social Cristiano (PRSC)\u00a0 declar\u00f3 hoy que el patricio Juan Pablo Duarte  y el ex presidente Joaqu\u00edn Balaguer han sido los mejores pol\u00edticos de toda la  historia de la Rep\u00fablica   Dominicana.<\/p>\n<p>&#13;<\/p>\n<p align=\"justify\" class=\"text1noticias\">Amable Aristy  Castro llam\u00f3 a los dominicanos a emular los ejemplos de Duarte y Balaguer, de  quienes dijo siempre pusieron el inter\u00e9s nacional por encima de los  particulares y personales.<\/p>\n<p>&#13;<\/p>\n<p align=\"justify\" class=\"text1noticias\">Consider\u00f3 a  Duarte como la principal escuela de pensamientos de que disponen los  dominicanos y Balaguer \u201csu principal bi\u00f3grafo en su obra cumbre el Cristo de la Libertad y el ejecutor en  t\u00e9rminos pr\u00e1cticos de los ideales del patricio\u201d.<\/p>\n<p>&#13;<\/p>\n<p align=\"justify\" class=\"text1noticias\">Dijo que el pa\u00eds  necesita un gobernante que siempre ponga el inter\u00e9s nacional sobre los  intereses particulares de grupos, amigos, familiares y allegados.<\/p>\n<p>&#13;<\/p>\n<p align=\"justify\" class=\"text1noticias\">Aristy Castro prometi\u00f3  que en su gobierno\u00a0 lo dominicano ser\u00e1  primero, promoviendo la creaci\u00f3n de una marca-pa\u00eds\u00a0 para la comercializaci\u00f3n en el extranjero de  los productores agropecuarios y de la industria nacional.<\/p>\n<p>&#13;<\/p>\n<p align=\"justify\" class=\"text1noticias\">Garantiz\u00f3  asimismo que promover\u00e1 una pol\u00edtica migratoria clara y que en los primeros 100 d\u00edas  de su gobierno decretar\u00e1 el reglamento de la nueva Ley de Migraci\u00f3n \u201cque de  manera irresponsable no lo ha querido dictar el doctor Leonel Fern\u00e1ndez ni tampoco  lo hizo el PRD\u201d.<\/p>\n<p>&#13;<\/p>\n<p align=\"justify\" class=\"text1noticias\">Sostuvo que la  nueva Ley de Migraci\u00f3n tiene cuatro a\u00f1os sin que se pueda implementar por la  carencia de un reglamento que debi\u00f3 dictar el ejecutivo para su aplicaci\u00f3n.<\/p>\n<p>&#13;<\/p>\n<p align=\"justify\" class=\"text1noticias\">En otro orden, el  candidato presidencial reformista asegur\u00f3 que aplicar\u00e1 el C\u00f3digo Laboral en lo  que se refiere a que el 80 por ciento de la mano de obra en el sector privado  debe ser nacional.<\/p>\n<p>&#13;<\/p>\n<p align=\"justify\" class=\"text1noticias\">Dijo que va a  disponer que en el caso de las obras que ejecuta el Estado el 100 por ciento de  los obreros, t\u00e9cnicos y maestros sean dominicanos.<\/p>\n<p>&#13;<\/p>\n<p align=\"justify\" class=\"text1noticias\">\u201cEs una  verg\u00fcenza que en la construcci\u00f3n, la agropecuaria, econom\u00eda informal y hasta en  la mendicidad los dominicanos han sido desplazados por\u00a0 extranjeros ilegales ante la mirada  indiferente de las autoridades de las tres \u00faltimas administraci\u00f3n\u201d, expres\u00f3.<\/p>\n<p>&#13;<\/p>\n<p align=\"justify\" class=\"text1noticias\">Agreg\u00f3 que solo  Balaguer honraba la memoria de Duarte y los trinitarios\u00a0 que derramaron su sangre para darnos el pan  preciado de la libertad con una pol\u00edtica migratoria clara y defendiendo siempre  el inter\u00e9s nacional.<\/p>\n<p>&#13;<\/p>\n<p align=\"justify\" class=\"text1noticias\">Amable Aristy  consider\u00f3 penoso\u00a0 que obras como el Metro  de Santo Domingo y en las construcciones de escuelas, proyectos habitacionales,  carreteras y otras obras que desarrolla el gobierno m\u00e1s del 80 por ciento de  los obreros que participan en las mismas son extranjeros ilegales, en su mayor\u00eda  haitianos.<\/p>\n<p>&#13;<\/p>\n<p align=\"justify\" class=\"text1noticias\">\u201cEsto se hace en  franca violaci\u00f3n a la Ley  de Migraci\u00f3n y del C\u00f3digo Laboral\u201d, se\u00f1al\u00f3.<\/p>\n<p>&#13;<\/p>\n<p align=\"justify\" class=\"text1noticias\">El aspirante  presidencial dijo que mientras esto ocurre, en los escenarios internacionales  el pa\u00eds es v\u00edctima de constantes acusaciones de esclavismo y racismo en contra  de estos extranjeros, que en la mayor\u00eda de los casos viven en muchas mejores  condiciones que una gran parte de dominicanos que han sido desplazados por  ellos en el mercado laboral.<\/p>\n<p>&#13;<\/p>\n<p align=\"justify\" class=\"text1noticias\">Amable encabez\u00f3  una marcha-caravana en el sector La   Ure\u00f1a, en la Provincia   Santo Domingo, donde distribuy\u00f3 cerdos, gallinas, salami,  mosquiteros, sillas de ruedas y dinero en efectivo.<\/p>\n<p>&#13;<\/p>\n<h6> 2008-01-26 03:23:52 <\/h6>\n<p><!--\n<link rel=\"stylesheet\" href=\"css\/bootstrap.min.css\">\n\n\n<ul class=\"pagination\">\n\t    \n\t\n\n<li >\n\t<a href='?page_no=34253'>Previous<\/a>\n\t<\/li>\n\n\n       \n    \n\n<li><a href='?page_no=1'>1<\/a><\/li>\n\n\n\n<li><a href='?page_no=2'>2<\/a><\/li>\n\n\n\n<li><a>...<\/a><\/li>\n\n\n\n<li><a href='?page_no=34252'>34252<\/a><\/li>\n\n\n\n<li><a href='?page_no=34253'>34253<\/a><\/li>\n\n\n\n<li class='active'><a>34254<\/a><\/li>\n\n\n\n<li><a href='?page_no=34255'>34255<\/a><\/li>\n\n\n\n<li><a href='?page_no=34256'>34256<\/a><\/li>\n\n\n\n<li><a>...<\/a><\/li>\n\n\n\n<li><a href='?page_no=36999'>36999<\/a><\/li>\n\n\n\n<li><a href='?page_no=37000'>37000<\/a><\/li>\n\n    \n\t\n\n<li >\n\t<a href='?page_no=34255'>Next<\/a>\n\t<\/li>\n\n\n    \n\n<li><a href='?page_no=37000'>Last &rsaquo;&rsaquo;<\/a><\/li>\n\n<\/ul>\n\n\n--><br \/>\n<\/body><\/p>\n","protected":false},"excerpt":{"rendered":"<p>En Aniversario Natalicio de Patricio: Amable dice Duarte y Balaguer han sido mejores pol\u00edticos dominicanos &#13; Santo Domingo.- El candidato presidencial del Partido Reformista Social Cristiano (PRSC)\u00a0 declar\u00f3 hoy que el patricio Juan Pablo Duarte y el ex presidente Joaqu\u00edn Balaguer han sido los mejores pol\u00edticos de toda la historia de la Rep\u00fablica Dominicana. &#13; [&hellip;]<\/p>\n","protected":false},"author":3,"featured_media":0,"comment_status":"open","ping_status":"open","sticky":false,"template":"","format":"standard","meta":{"footnotes":""},"categories":[22],"tags":[],"class_list":["post-191506","post","type-post","status-publish","format-standard","hentry","category-politica"],"_links":{"self":[{"href":"https:\/\/diariodominicano.com\/index.php?rest_route=\/wp\/v2\/posts\/191506","targetHints":{"allow":["GET"]}}],"collection":[{"href":"https:\/\/diariodominicano.com\/index.php?rest_route=\/wp\/v2\/posts"}],"about":[{"href":"https:\/\/diariodominicano.com\/index.php?rest_route=\/wp\/v2\/types\/post"}],"author":[{"embeddable":true,"href":"https:\/\/diariodominicano.com\/index.php?rest_route=\/wp\/v2\/users\/3"}],"replies":[{"embeddable":true,"href":"https:\/\/diariodominicano.com\/index.php?rest_route=%2Fwp%2Fv2%2Fcomments&post=191506"}],"version-history":[{"count":0,"href":"https:\/\/diariodominicano.com\/index.php?rest_route=\/wp\/v2\/posts\/191506\/revisions"}],"wp:attachment":[{"href":"https:\/\/diariodominicano.com\/index.php?rest_route=%2Fwp%2Fv2%2Fmedia&parent=191506"}],"wp:term":[{"taxonomy":"category","embeddable":true,"href":"https:\/\/diariodominicano.com\/index.php?rest_route=%2Fwp%2Fv2%2Fcategories&post=191506"},{"taxonomy":"post_tag","embeddable":true,"href":"https:\/\/diariodominicano.com\/index.php?rest_route=%2Fwp%2Fv2%2Ftags&post=191506"}],"curies":[{"name":"wp","href":"https:\/\/api.w.org\/{rel}","templated":true}]}}