{"id":191505,"date":"2008-01-26T03:28:36","date_gmt":"2008-01-26T03:28:36","guid":{"rendered":"http:\/\/diariodominicano.ddns.net\/?p=191505"},"modified":"2008-01-26T03:28:36","modified_gmt":"2008-01-26T03:28:36","slug":"dirigente-peledeista-advierte-que-el-pueblo-impedira-la-vuelta-al-retroceso-que-representa-el-prd","status":"publish","type":"post","link":"https:\/\/diariodominicano.com\/?p=191505","title":{"rendered":"Dirigente peledeista advierte que el pueblo impedir\u00e1 la vuelta al retroceso que representa el PRD"},"content":{"rendered":"<p><body><\/p>\n<p align=\"justify\" class=\"titulogrande1\"><strong>Dirigente peledeista advierte que el pueblo  impedir\u00e1 la vuelta al retroceso que representa el PRD \u00a0<\/strong><\/p>\n<p>&#13;<\/p>\n<p align=\"justify\" class=\"text1noticias\"><strong>SANTO  DOMINGO.-<\/strong> El titular de la   Secretaria de Finanzas del Partido de la Liberaci\u00f3n Dominicana  PLD V\u00edctor D\u00edaz R\u00faa advirti\u00f3 este viernes \u00a0que esa organizaci\u00f3n pol\u00edtica y el pueblo  dominicano impedir\u00e1n la vuelta al retroceso, al desorden y el\u00a0 desastre que representa la candidatura  perredeista-pepehachista.<\/p>\n<p>&#13;<\/p>\n<p align=\"justify\" class=\"text1noticias\">Manifest\u00f3  que el PLD est\u00e1 comprometido hist\u00f3ricamente con el pueblo dominicano, en sus  ansias de progreso, avance social y econ\u00f3mico.<\/p>\n<p>&#13;<\/p>\n<p align=\"justify\" class=\"text1noticias\">\u00abSeguiremos  defendiendo a la poblaci\u00f3n, porque entiendo que en este proceso electoral somos  los defensores del pueblo; porque no podemos dejar que pase de nuevo el  desastre que pas\u00f3 en el cuatrienio 2000-2004\u00bb, indic\u00f3 D\u00edaz R\u00f9a al  participar en el programa\u00a0 D\u00b4Agenda y que  rese\u00f1a la Secretar\u00eda  de Comunicaciones del PLD.<\/p>\n<p>&#13;<\/p>\n<p align=\"justify\" class=\"text1noticias\">D\u00edaz  R\u00faa, tambi\u00e9n miembro de los comit\u00e9s Central y Nacional de Campa\u00f1a del Partido  de la Liberaci\u00f3n   Dominicana (PLD), asegur\u00f3 que los dominicanos conocen a los  perredeistas-pepehachistas \u00abaunque vengan disfrazados como bacalao\u00bb.<\/p>\n<p>&#13;<\/p>\n<p align=\"justify\" class=\"text1noticias\">Expres\u00f3  que el candidato del PRD-PPH fue uno de los integrantes de m\u00e1s confianza  durante el pasado gobierno de Hip\u00f3lito Mej\u00eda, por lo que no puede hablar de  creaci\u00f3n de empleos, ni de eficiencia, ni de honestidad.<\/p>\n<p>&#13;<\/p>\n<p align=\"justify\" class=\"text1noticias\">Manifest\u00f3  que el pueblo no cree la campa\u00f1a que tiene el candidato perredeista, de  presentarse como el representante de un supuesto nuevo PRD.<\/p>\n<p>&#13;<\/p>\n<p align=\"justify\" class=\"text1noticias\">Dijo  que los asesores econ\u00f3micos que llevaron el desastre al pa\u00eds en el pasado gobierno  perredeista, son los mismos que actualmente asesoran al aludido candidato.<\/p>\n<p>&#13;<\/p>\n<p align=\"justify\" class=\"text1noticias\">\u00abPor  eso es que le decimos el bacalao, por que lo conocemos aunque venga  disfrazado.\u00a0 De qu\u00e9 nuevo PRD habla, si  las caras est\u00e1n ah\u00ed, son las mismas. Es lo contrario, los buenos perredeistas  que hay no est\u00e1n con \u00e9l\u00bb, precis\u00f3 D\u00edaz R\u00f9a.<\/p>\n<p>&#13;<\/p>\n<p align=\"justify\" class=\"text1noticias\">Reiter\u00f3  que independientemente de que \u00e9l se quiera presentar con caras de perredeistas  que no est\u00e1n tan quemados ante la poblaci\u00f3n, el pueblo dominicano los conoce y  no se dejar\u00e1 enga\u00f1ar ni confundir de nuevo.<\/p>\n<p>&#13;<\/p>\n<p align=\"justify\" class=\"text1noticias\">El  dirigente pelede\u00edsta indic\u00f3 que el Presidente Leonel Fern\u00e1ndez s\u00f3lo se ha  dedicado a gobernar con certera visi\u00f3n de estadista, mientras que otros  \u00abse han dedicado a otras cosas\u00bb cuando les ha tocado su turno.<\/p>\n<p>&#13;<\/p>\n<h6> 2008-01-26 03:28:36 <\/h6>\n<p><!--\n<link rel=\"stylesheet\" href=\"css\/bootstrap.min.css\">\n\n\n<ul class=\"pagination\">\n\t    \n\t\n\n<li >\n\t<a href='?page_no=34252'>Previous<\/a>\n\t<\/li>\n\n\n       \n    \n\n<li><a href='?page_no=1'>1<\/a><\/li>\n\n\n\n<li><a href='?page_no=2'>2<\/a><\/li>\n\n\n\n<li><a>...<\/a><\/li>\n\n\n\n<li><a href='?page_no=34251'>34251<\/a><\/li>\n\n\n\n<li><a href='?page_no=34252'>34252<\/a><\/li>\n\n\n\n<li class='active'><a>34253<\/a><\/li>\n\n\n\n<li><a href='?page_no=34254'>34254<\/a><\/li>\n\n\n\n<li><a href='?page_no=34255'>34255<\/a><\/li>\n\n\n\n<li><a>...<\/a><\/li>\n\n\n\n<li><a href='?page_no=36999'>36999<\/a><\/li>\n\n\n\n<li><a href='?page_no=37000'>37000<\/a><\/li>\n\n    \n\t\n\n<li >\n\t<a href='?page_no=34254'>Next<\/a>\n\t<\/li>\n\n\n    \n\n<li><a href='?page_no=37000'>Last &rsaquo;&rsaquo;<\/a><\/li>\n\n<\/ul>\n\n\n--><br \/>\n<\/body><\/p>\n","protected":false},"excerpt":{"rendered":"<p>Dirigente peledeista advierte que el pueblo impedir\u00e1 la vuelta al retroceso que representa el PRD \u00a0 &#13; SANTO DOMINGO.- El titular de la Secretaria de Finanzas del Partido de la Liberaci\u00f3n Dominicana PLD V\u00edctor D\u00edaz R\u00faa advirti\u00f3 este viernes \u00a0que esa organizaci\u00f3n pol\u00edtica y el pueblo dominicano impedir\u00e1n la vuelta al retroceso, al desorden y [&hellip;]<\/p>\n","protected":false},"author":3,"featured_media":0,"comment_status":"open","ping_status":"open","sticky":false,"template":"","format":"standard","meta":{"footnotes":""},"categories":[22],"tags":[],"class_list":["post-191505","post","type-post","status-publish","format-standard","hentry","category-politica"],"_links":{"self":[{"href":"https:\/\/diariodominicano.com\/index.php?rest_route=\/wp\/v2\/posts\/191505","targetHints":{"allow":["GET"]}}],"collection":[{"href":"https:\/\/diariodominicano.com\/index.php?rest_route=\/wp\/v2\/posts"}],"about":[{"href":"https:\/\/diariodominicano.com\/index.php?rest_route=\/wp\/v2\/types\/post"}],"author":[{"embeddable":true,"href":"https:\/\/diariodominicano.com\/index.php?rest_route=\/wp\/v2\/users\/3"}],"replies":[{"embeddable":true,"href":"https:\/\/diariodominicano.com\/index.php?rest_route=%2Fwp%2Fv2%2Fcomments&post=191505"}],"version-history":[{"count":0,"href":"https:\/\/diariodominicano.com\/index.php?rest_route=\/wp\/v2\/posts\/191505\/revisions"}],"wp:attachment":[{"href":"https:\/\/diariodominicano.com\/index.php?rest_route=%2Fwp%2Fv2%2Fmedia&parent=191505"}],"wp:term":[{"taxonomy":"category","embeddable":true,"href":"https:\/\/diariodominicano.com\/index.php?rest_route=%2Fwp%2Fv2%2Fcategories&post=191505"},{"taxonomy":"post_tag","embeddable":true,"href":"https:\/\/diariodominicano.com\/index.php?rest_route=%2Fwp%2Fv2%2Ftags&post=191505"}],"curies":[{"name":"wp","href":"https:\/\/api.w.org\/{rel}","templated":true}]}}