{"id":191504,"date":"2008-01-26T03:40:57","date_gmt":"2008-01-26T03:40:57","guid":{"rendered":"http:\/\/diariodominicano.ddns.net\/?p=191504"},"modified":"2008-01-26T03:40:57","modified_gmt":"2008-01-26T03:40:57","slug":"almeyda-rancier-vargas-maldonado-hara-historia-en-el-prd-por-sacar-la-votacion-mas-baja-como-candidato","status":"publish","type":"post","link":"https:\/\/diariodominicano.com\/?p=191504","title":{"rendered":"Almeyda Rancier \u00bb Vargas Maldonado har\u00e1 historia en el PRD por sacar la votaci\u00f3n m\u00e1s baja como candidato\u00bb"},"content":{"rendered":"<p><body><\/p>\n<p align=\"justify\"><span class=\"titulogrande1\">Almeyda Rancier \u00abAfirma Vargas Maldonado har\u00e1 historia en el PRD por sacar la votaci\u00f3n m\u00e1s baja como candidato\u00bb<\/span><br \/>&#13;\n<\/p>\n<p>&#13;<\/p>\n<p align=\"justify\" class=\"text1noticias\"><strong><img loading=\"lazy\" decoding=\"async\" src=\"http:\/\/localhost:8080\/pictures\/franklin almeyda2.jpg\" width=\"269\" height=\"237\" hspace=\"4\" align=\"left\" \/>Santo Domingo.-<\/strong> El director Nacional Electoral del Comit\u00e9 Nacional  de Campa\u00f1a del Partido de la Liberaci\u00f3n Dominicana, Franklin Almeyda Rancier, atribuy\u00f3  el descalabro de la candidatura del Partido Revolucionario Dominicano (PRD) a  que faltando s\u00f3lo cuatro meses para las elecciones el ingeniero Miguel Vargas \u201cse  destape presentando propuestas sin sustancia y demag\u00f3gica\u201d.<\/p>\n<p>&#13;<\/p>\n<p align=\"justify\" class=\"text1noticias\">Dijo  que desde este domingo cuando el Presidente Leonel Fern\u00e1ndez sea proclamado  como candidato presidencial del PLD, el vac\u00edo que tiene el ingeniero Vargas se  har\u00e1 m\u00e1s notorio y su candidatura continuar\u00e1 en picada.<\/p>\n<p>&#13;<\/p>\n<p align=\"justify\" class=\"text1noticias\">Consider\u00f3  que la alta aceptaci\u00f3n del candidato Leonel Fern\u00e1ndez provocar\u00e1 que el PRD  logre la votaci\u00f3n m\u00e1s baja en la historia llevando a Vargas como candidato  presidencial, ya que su techo no pasar\u00e1 en ning\u00fan escenario de un 33 por  ciento, mientras el PLD sigue en constante crecimiento.<\/p>\n<p>&#13;<\/p>\n<p align=\"justify\" class=\"text1noticias\">El  miembro del Comit\u00e9 Pol\u00edtico del PLD sostuvo que mientras el Presidente  Fern\u00e1ndez da muestra de ser un \u201cmagnifico\u201d estadista que ha sabido manejar el  pa\u00eds y sacarlo del abismo que lo coloc\u00f3 el PRD, el candidato perrede\u00edsta  evidencia que no sabe de manejo de los asuntos estatales, y \u201ceso qued\u00f3  demostrado cuando habl\u00f3 al pa\u00eds recientemente\u201d.<\/p>\n<p>&#13;<\/p>\n<p align=\"justify\" class=\"text1noticias\">Almeyda  Rancier asegur\u00f3 que desde este domingo 27, cuando el doctor Fern\u00e1ndez presente  su propuesta de gobierno para el siguiente per\u00edodo gubernamental, el panorama  electoral quedar\u00e1 claramente despejado d\u00e1ndole m\u00e1s de un 60 por ciento al PLD y  su candidato.<\/p>\n<p>&#13;<\/p>\n<p align=\"justify\" class=\"text1noticias\">Inform\u00f3  que en lo que va de a\u00f1o ha visitado 21 provincias y que la reacci\u00f3n de todos  dirigentes, simpatizantes y los llamados indecisos es integrarse a trabajar por  la continuidad en el poder del Presidente Fern\u00e1ndez.<\/p>\n<p>&#13;<\/p>\n<p align=\"justify\" class=\"text1noticias\">El  director Electoral del Comit\u00e9 Nacional de Campa\u00f1a del Doctor Leonel Fern\u00e1ndez  dijo que mientras el PLD y su candidato tienen como objetivo el progreso, la  estabilidad, el orden y el crecimiento, el partido blanco estimula el desorden  y la arrabalizaci\u00f3n.<\/p>\n<p>&#13;<\/p>\n<p align=\"justify\" class=\"text1noticias\">El  alto dirigente pelede\u00edsta no descart\u00f3 que miles de perrede\u00edstas voten \u201ca favor  del progreso\u201d.<\/p>\n<p>&#13;<\/p>\n<h6> 2008-01-26 03:40:57 <\/h6>\n<p><!--\n<link rel=\"stylesheet\" href=\"css\/bootstrap.min.css\">\n\n\n<ul class=\"pagination\">\n\t    \n\t\n\n<li >\n\t<a href='?page_no=34251'>Previous<\/a>\n\t<\/li>\n\n\n       \n    \n\n<li><a href='?page_no=1'>1<\/a><\/li>\n\n\n\n<li><a href='?page_no=2'>2<\/a><\/li>\n\n\n\n<li><a>...<\/a><\/li>\n\n\n\n<li><a href='?page_no=34250'>34250<\/a><\/li>\n\n\n\n<li><a href='?page_no=34251'>34251<\/a><\/li>\n\n\n\n<li class='active'><a>34252<\/a><\/li>\n\n\n\n<li><a href='?page_no=34253'>34253<\/a><\/li>\n\n\n\n<li><a href='?page_no=34254'>34254<\/a><\/li>\n\n\n\n<li><a>...<\/a><\/li>\n\n\n\n<li><a href='?page_no=36999'>36999<\/a><\/li>\n\n\n\n<li><a href='?page_no=37000'>37000<\/a><\/li>\n\n    \n\t\n\n<li >\n\t<a href='?page_no=34253'>Next<\/a>\n\t<\/li>\n\n\n    \n\n<li><a href='?page_no=37000'>Last &rsaquo;&rsaquo;<\/a><\/li>\n\n<\/ul>\n\n\n--><br \/>\n<\/body><\/p>\n","protected":false},"excerpt":{"rendered":"<p>Almeyda Rancier \u00abAfirma Vargas Maldonado har\u00e1 historia en el PRD por sacar la votaci\u00f3n m\u00e1s baja como candidato\u00bb&#13; &#13; Santo Domingo.- El director Nacional Electoral del Comit\u00e9 Nacional de Campa\u00f1a del Partido de la Liberaci\u00f3n Dominicana, Franklin Almeyda Rancier, atribuy\u00f3 el descalabro de la candidatura del Partido Revolucionario Dominicano (PRD) a que faltando s\u00f3lo cuatro [&hellip;]<\/p>\n","protected":false},"author":3,"featured_media":0,"comment_status":"open","ping_status":"open","sticky":false,"template":"","format":"standard","meta":{"footnotes":""},"categories":[22],"tags":[],"class_list":["post-191504","post","type-post","status-publish","format-standard","hentry","category-politica"],"_links":{"self":[{"href":"https:\/\/diariodominicano.com\/index.php?rest_route=\/wp\/v2\/posts\/191504","targetHints":{"allow":["GET"]}}],"collection":[{"href":"https:\/\/diariodominicano.com\/index.php?rest_route=\/wp\/v2\/posts"}],"about":[{"href":"https:\/\/diariodominicano.com\/index.php?rest_route=\/wp\/v2\/types\/post"}],"author":[{"embeddable":true,"href":"https:\/\/diariodominicano.com\/index.php?rest_route=\/wp\/v2\/users\/3"}],"replies":[{"embeddable":true,"href":"https:\/\/diariodominicano.com\/index.php?rest_route=%2Fwp%2Fv2%2Fcomments&post=191504"}],"version-history":[{"count":0,"href":"https:\/\/diariodominicano.com\/index.php?rest_route=\/wp\/v2\/posts\/191504\/revisions"}],"wp:attachment":[{"href":"https:\/\/diariodominicano.com\/index.php?rest_route=%2Fwp%2Fv2%2Fmedia&parent=191504"}],"wp:term":[{"taxonomy":"category","embeddable":true,"href":"https:\/\/diariodominicano.com\/index.php?rest_route=%2Fwp%2Fv2%2Fcategories&post=191504"},{"taxonomy":"post_tag","embeddable":true,"href":"https:\/\/diariodominicano.com\/index.php?rest_route=%2Fwp%2Fv2%2Ftags&post=191504"}],"curies":[{"name":"wp","href":"https:\/\/api.w.org\/{rel}","templated":true}]}}