{"id":191501,"date":"2008-01-26T06:25:05","date_gmt":"2008-01-26T06:25:05","guid":{"rendered":"http:\/\/diariodominicano.ddns.net\/?p=191501"},"modified":"2008-01-26T06:25:05","modified_gmt":"2008-01-26T06:25:05","slug":"llamado-a-rehacer-los-afectos-y-a-cuidar-la-probidad-marcan-inicio-de-conclave-concertacionista","status":"publish","type":"post","link":"https:\/\/diariodominicano.com\/?p=191501","title":{"rendered":"Llamado a rehacer los afectos y a cuidar la probidad marcan inicio de c\u00f3nclave concertacionista"},"content":{"rendered":"<p><body><\/p>\n<h1 align=\"justify\" class=\"titulogrande1\">Llamado a rehacer los afectos y a cuidar la probidad marcan inicio de  c\u00f3nclave concertacionista<\/h1>\n<p>&#13;<\/p>\n<p align=\"justify\"><strong>\u00abMe indigna\u00bb quienes olvidan los principios de probidad dijo la Presidenta Bachelet  esto en medio del esc\u00e1ndalo EFE. De paso, Camilo Escalona envi\u00f3 mensaje a  d\u00edscolos. <\/strong><\/p>\n<p>&#13;<\/p>\n<p align=\"justify\" class=\"text1noticias\"><img loading=\"lazy\" decoding=\"async\" src=\"http:\/\/localhost:8080\/pictures\/todos chile.jpg\" width=\"269\" height=\"195\" hspace=\"4\" align=\"left\" \/>Con fuertes discursos pol\u00edticos se inaugur\u00f3 la \u00abEscuela de Verano  Concertaci\u00f3n 2008: Todos por Chile el ma\u00f1ana est\u00e1 en curso\u00bb que congreg\u00f3 a  los principales l\u00edderes del oficialismo, presidentes de partidos, el ex Presidente  Patricio Aylwin como orador y la <strong>Presidenta Michelle<\/strong><strong> Bachelet<\/strong>.<br \/>&#13;<br \/>\n  <br \/>&#13;<br \/>\n  Tanto Bachelet como el vocero de la Concertaci\u00f3n, Camilo Escalona, llamaron a que  esta instancia \u2013que aclararon no es formalmente un c\u00f3nclave- debe servir para  potenciar la unidad interna, rehacer las confianzas y \u00aboxigenar y  renovar\u00bb el proyecto progresista, todo esto enmarcado en la idea de  segundo tiempo implantado por el gobierno.<br \/>&#13;<br \/>\n  <br \/>&#13;<br \/>\n  La jefa de Estado pidi\u00f3 autocr\u00edtica y no dormirse \u00aben los  laureles\u00bb al conglomerado, a tener autocr\u00edtica y reconocer errores.<br \/>&#13;<br \/>\n  <br \/>&#13;<br \/>\n  Lo propio hizo al detenerse en el cap\u00edtulo Transantiago \u2013pidi\u00f3 a modo de  broma que no pifiaran- donde remarc\u00f3 que hay que ser bien \u00abmujercitas y  hombrecitos\u00bb y arreglar lo que se ha hecho mal.<br \/>&#13;<br \/>\n  <br \/>&#13;<br \/>\n  Pero se detuvo especialmente a la hora de hacer un llamado a defender la  \u00e9tica pol\u00edtica y la probidad en momentos en que el tema EFE levanta polvareda.<br \/>&#13;<br \/>\n  <br \/>&#13;<br \/>\n  \u00abMe molesta cuando percibo que en ciertas \u00e1reas todo lo que est\u00e1 a  nuestro alcance y por cierto me indigna cuando algunos se olvidan de los  principios de probidad, si la pol\u00edtica no va de la mano de la \u00e9tica no sirve  para crear una sociedad mejor, lo que no puede pasarnos como fuerza pol\u00edtica es  que nos apoltronemos, que perdamos dinamismo (\u2026) la Concertaci\u00f3n no tiene  derecho a dormirse en los laureles ni a perder el sentido de la  autoexigencia\u00bb, apunt\u00f3.<br \/>&#13;<br \/>\n  <br \/>&#13;<br \/>\n  Bachelet tambi\u00e9n tuvo palabras para la oposici\u00f3n. Si bien reconoci\u00f3 y valor\u00f3  los acuerdos alcanzados a trav\u00e9s de un gran pacto social con la Alianza, refut\u00f3 su actitud  de \u00abcritica\u00bb persistente. Asimismo dijo que le teman al trabajo en  terreno del gobierno y a comunica las obras en alusi\u00f3n indirecta al diario  Chile Contigo.<br \/>&#13;<br \/>\n  <br \/>&#13;<br \/>\n  \u00abNo da lo mismo quienes gobiernen. No le hace bien a Chile a criticarlo  todo y a no reconocer nada, se enojan cuando mostramos nuestra obra y temen a  nuestra tradici\u00f3n a estar en terreno. <br \/>&#13;<br \/>\n  <br \/>&#13;<br \/>\n  No hay nada que temer, sabemos como  ejercer la democracia y hacerla m\u00e1s participativa\u00bb, indic\u00f3 la jefa de  Estado.<br \/>&#13;<br \/>\n  <br \/>&#13;<br \/>\n  <strong>MENSAJE A D\u00cdSCOLOS<\/strong><strong><br \/>&#13;<br \/>\n  <br \/>&#13;<br \/>\n  <\/strong>El vocero de la   Concertaci\u00f3n, Camilo Escalona, tuvo un mensaje directo a los  parlamentarios d\u00edscolos o \u00abdescolgados\u00bb del bloque oficialista.<br \/>&#13;<br \/>\n  <br \/>&#13;<br \/>\n  \u00abEl Chile que se ha construido tiene en la Concertaci\u00f3n a su  base pol\u00edtica esencial, es cierto que algunos se cansaron, claro a unos ya no  les gust\u00f3 y buscan otras maneras de hacer pol\u00edticas, aqu\u00ed nadie est\u00e1 obligado  porque estamos reunidos por un com\u00fan concepto de pa\u00eds\u00bb, dijo  Escalona.\u00a0\u00a0\u00a0<br \/>&#13;<br \/>\n  <br \/>&#13;<br \/>\n  <strong>Cristi\u00e1n Cand\u00eda\/La tercera <\/strong><\/p>\n<p>&#13;<\/p>\n<h6> 2008-01-26 06:25:05 <\/h6>\n<p><!--\n<link rel=\"stylesheet\" href=\"css\/bootstrap.min.css\">\n\n\n<ul class=\"pagination\">\n\t    \n\t\n\n<li >\n\t<a href='?page_no=34248'>Previous<\/a>\n\t<\/li>\n\n\n       \n    \n\n<li><a href='?page_no=1'>1<\/a><\/li>\n\n\n\n<li><a href='?page_no=2'>2<\/a><\/li>\n\n\n\n<li><a>...<\/a><\/li>\n\n\n\n<li><a href='?page_no=34247'>34247<\/a><\/li>\n\n\n\n<li><a href='?page_no=34248'>34248<\/a><\/li>\n\n\n\n<li class='active'><a>34249<\/a><\/li>\n\n\n\n<li><a href='?page_no=34250'>34250<\/a><\/li>\n\n\n\n<li><a href='?page_no=34251'>34251<\/a><\/li>\n\n\n\n<li><a>...<\/a><\/li>\n\n\n\n<li><a href='?page_no=36999'>36999<\/a><\/li>\n\n\n\n<li><a href='?page_no=37000'>37000<\/a><\/li>\n\n    \n\t\n\n<li >\n\t<a href='?page_no=34250'>Next<\/a>\n\t<\/li>\n\n\n    \n\n<li><a href='?page_no=37000'>Last &rsaquo;&rsaquo;<\/a><\/li>\n\n<\/ul>\n\n\n--><br \/>\n<\/body><\/p>\n","protected":false},"excerpt":{"rendered":"<p>Llamado a rehacer los afectos y a cuidar la probidad marcan inicio de c\u00f3nclave concertacionista &#13; \u00abMe indigna\u00bb quienes olvidan los principios de probidad dijo la Presidenta Bachelet esto en medio del esc\u00e1ndalo EFE. De paso, Camilo Escalona envi\u00f3 mensaje a d\u00edscolos. &#13; Con fuertes discursos pol\u00edticos se inaugur\u00f3 la \u00abEscuela de Verano Concertaci\u00f3n 2008: [&hellip;]<\/p>\n","protected":false},"author":3,"featured_media":0,"comment_status":"open","ping_status":"open","sticky":false,"template":"","format":"standard","meta":{"footnotes":""},"categories":[22],"tags":[],"class_list":["post-191501","post","type-post","status-publish","format-standard","hentry","category-politica"],"_links":{"self":[{"href":"https:\/\/diariodominicano.com\/index.php?rest_route=\/wp\/v2\/posts\/191501","targetHints":{"allow":["GET"]}}],"collection":[{"href":"https:\/\/diariodominicano.com\/index.php?rest_route=\/wp\/v2\/posts"}],"about":[{"href":"https:\/\/diariodominicano.com\/index.php?rest_route=\/wp\/v2\/types\/post"}],"author":[{"embeddable":true,"href":"https:\/\/diariodominicano.com\/index.php?rest_route=\/wp\/v2\/users\/3"}],"replies":[{"embeddable":true,"href":"https:\/\/diariodominicano.com\/index.php?rest_route=%2Fwp%2Fv2%2Fcomments&post=191501"}],"version-history":[{"count":0,"href":"https:\/\/diariodominicano.com\/index.php?rest_route=\/wp\/v2\/posts\/191501\/revisions"}],"wp:attachment":[{"href":"https:\/\/diariodominicano.com\/index.php?rest_route=%2Fwp%2Fv2%2Fmedia&parent=191501"}],"wp:term":[{"taxonomy":"category","embeddable":true,"href":"https:\/\/diariodominicano.com\/index.php?rest_route=%2Fwp%2Fv2%2Fcategories&post=191501"},{"taxonomy":"post_tag","embeddable":true,"href":"https:\/\/diariodominicano.com\/index.php?rest_route=%2Fwp%2Fv2%2Ftags&post=191501"}],"curies":[{"name":"wp","href":"https:\/\/api.w.org\/{rel}","templated":true}]}}