{"id":191500,"date":"2008-01-26T06:28:13","date_gmt":"2008-01-26T06:28:13","guid":{"rendered":"http:\/\/diariodominicano.ddns.net\/?p=191500"},"modified":"2008-01-26T06:28:13","modified_gmt":"2008-01-26T06:28:13","slug":"chavez-acusa-a-colombia-de-fraguar-provocacion-belica-contra-venezuela","status":"publish","type":"post","link":"https:\/\/diariodominicano.com\/?p=191500","title":{"rendered":"Ch\u00e1vez acusa a Colombia de fraguar provocaci\u00f3n b\u00e9lica contra Venezuela"},"content":{"rendered":"<p><body><\/p>\n<h1 align=\"justify\" class=\"titulogrande1\">Ch\u00e1vez acusa a Colombia de fraguar provocaci\u00f3n b\u00e9lica contra Venezuela <\/h1>\n<p>&#13;<\/p>\n<p align=\"justify\" class=\"text1noticias\"><img loading=\"lazy\" decoding=\"async\" src=\"http:\/\/localhost:8080\/pictures\/chavez colombia.jpg\" width=\"269\" height=\"195\" hspace=\"4\" align=\"left\" \/>El Mandatario venezolano asegura que tiene informaci\u00f3n de servicios de  inteligencia para creer que Colombia cuenta con el apoyo de Estados Unidos para  generar un complot en contra de su gobierno.<br \/>&#13;<br \/>\n  <br \/>&#13;<br \/>\n  El presidente <strong>Hugo Ch\u00e1vez<\/strong> acus\u00f3 el viernes al gobierno de <strong>Colombia<\/strong> de \u00abestar fraguando una provocaci\u00f3n b\u00e9lica\u00bb contra Venezuela, apoyada  por el gobierno de <strong>Estados Unidos<\/strong>, seg\u00fan afirm\u00f3.<br \/>&#13;<br \/>\n  <br \/>&#13;<br \/>\n  \u00abYo acuso al gobierno de Colombia de estar fraguando una conspiraci\u00f3n,  actuando como pe\u00f3n del imperio norteamericano, de estar fraguando una  provocaci\u00f3n b\u00e9lica contra Venezuela\u00bb, dijo Ch\u00e1vez en una conferencia de  prensa acompa\u00f1ado del mandatario nicarag\u00fcense Daniel Ortega, de visita oficial  en Caracas.<br \/>&#13;<br \/>\n  <br \/>&#13;<br \/>\n  La declaraci\u00f3n se produjo en medio de la crisis que enfrentan las relaciones  entre los gobiernos de Venezuela y Colombia desde hace dos meses luego que el  presidente colombiano Alvaro Uribe le retir\u00f3 la mediaci\u00f3n que estaba cumpliendo  Ch\u00e1vez para un canje de rehenes por guerrilleros.<br \/>&#13;<br \/>\n  <br \/>&#13;<br \/>\n  \u00abYo quiero alertar al mundo: no se le vaya a ocurrir al gobierno de  Colombia una provocaci\u00f3n contra Venezuela&#8230; porque tenemos informaci\u00f3n de  inteligencia, no s\u00f3lo de las nuestras, sino tambi\u00e9n de otros pa\u00edses de Am\u00e9rica  Latina que\u00a0nos han hecho llegar preocupaciones, porque la visita de (la  secretaria de Estado) Condoleezza Rice a Colombia, y de otros altos  funcionarios estadounidenses, no es casual\u00bb.<br \/>&#13;<br \/>\n  <br \/>&#13;<br \/>\n  Tambi\u00e9n indic\u00f3 que el \u00bb gobierno de Colombia, es un gobierno subordinado  de Estados Unidos&#8230; los Estados Unidos no quiere la paz en Colombia porque es  la excusa perfecta para tener all\u00ed miles de militares, la CIA, bases militares, aviones  esp\u00edas y qui\u00e9n sabe que otras operaciones basura contra Venezuela y otros  pa\u00edses\u00bb, coment\u00f3.<br \/>&#13;<br \/>\n  <br \/>&#13;<br \/>\n  El gobierno de George W. Bush y sus m\u00e1s cercanos colaboradores \u00abpiensan  que nosotros estamos contra las cuerdas, que estamos debilitados y que es el  momento. Bueno tengan cuidado\u00bb, enfatiz\u00f3.<br \/>&#13;<br \/>\n  <br \/>&#13;<br \/>\n  <em>AP<\/em><\/p>\n<p>&#13;<\/p>\n<h6> 2008-01-26 06:28:13 <\/h6>\n<p><!--\n<link rel=\"stylesheet\" href=\"css\/bootstrap.min.css\">\n\n\n<ul class=\"pagination\">\n\t    \n\t\n\n<li >\n\t<a href='?page_no=34247'>Previous<\/a>\n\t<\/li>\n\n\n       \n    \n\n<li><a href='?page_no=1'>1<\/a><\/li>\n\n\n\n<li><a href='?page_no=2'>2<\/a><\/li>\n\n\n\n<li><a>...<\/a><\/li>\n\n\n\n<li><a href='?page_no=34246'>34246<\/a><\/li>\n\n\n\n<li><a href='?page_no=34247'>34247<\/a><\/li>\n\n\n\n<li class='active'><a>34248<\/a><\/li>\n\n\n\n<li><a href='?page_no=34249'>34249<\/a><\/li>\n\n\n\n<li><a href='?page_no=34250'>34250<\/a><\/li>\n\n\n\n<li><a>...<\/a><\/li>\n\n\n\n<li><a href='?page_no=36999'>36999<\/a><\/li>\n\n\n\n<li><a href='?page_no=37000'>37000<\/a><\/li>\n\n    \n\t\n\n<li >\n\t<a href='?page_no=34249'>Next<\/a>\n\t<\/li>\n\n\n    \n\n<li><a href='?page_no=37000'>Last &rsaquo;&rsaquo;<\/a><\/li>\n\n<\/ul>\n\n\n--><br \/>\n<\/body><\/p>\n","protected":false},"excerpt":{"rendered":"<p>Ch\u00e1vez acusa a Colombia de fraguar provocaci\u00f3n b\u00e9lica contra Venezuela &#13; El Mandatario venezolano asegura que tiene informaci\u00f3n de servicios de inteligencia para creer que Colombia cuenta con el apoyo de Estados Unidos para generar un complot en contra de su gobierno.&#13; &#13; El presidente Hugo Ch\u00e1vez acus\u00f3 el viernes al gobierno de Colombia de [&hellip;]<\/p>\n","protected":false},"author":3,"featured_media":0,"comment_status":"open","ping_status":"open","sticky":false,"template":"","format":"standard","meta":{"footnotes":""},"categories":[22],"tags":[],"class_list":["post-191500","post","type-post","status-publish","format-standard","hentry","category-politica"],"_links":{"self":[{"href":"https:\/\/diariodominicano.com\/index.php?rest_route=\/wp\/v2\/posts\/191500","targetHints":{"allow":["GET"]}}],"collection":[{"href":"https:\/\/diariodominicano.com\/index.php?rest_route=\/wp\/v2\/posts"}],"about":[{"href":"https:\/\/diariodominicano.com\/index.php?rest_route=\/wp\/v2\/types\/post"}],"author":[{"embeddable":true,"href":"https:\/\/diariodominicano.com\/index.php?rest_route=\/wp\/v2\/users\/3"}],"replies":[{"embeddable":true,"href":"https:\/\/diariodominicano.com\/index.php?rest_route=%2Fwp%2Fv2%2Fcomments&post=191500"}],"version-history":[{"count":0,"href":"https:\/\/diariodominicano.com\/index.php?rest_route=\/wp\/v2\/posts\/191500\/revisions"}],"wp:attachment":[{"href":"https:\/\/diariodominicano.com\/index.php?rest_route=%2Fwp%2Fv2%2Fmedia&parent=191500"}],"wp:term":[{"taxonomy":"category","embeddable":true,"href":"https:\/\/diariodominicano.com\/index.php?rest_route=%2Fwp%2Fv2%2Fcategories&post=191500"},{"taxonomy":"post_tag","embeddable":true,"href":"https:\/\/diariodominicano.com\/index.php?rest_route=%2Fwp%2Fv2%2Ftags&post=191500"}],"curies":[{"name":"wp","href":"https:\/\/api.w.org\/{rel}","templated":true}]}}