{"id":191499,"date":"2008-01-26T17:55:50","date_gmt":"2008-01-26T17:55:50","guid":{"rendered":"http:\/\/diariodominicano.ddns.net\/?p=191499"},"modified":"2008-01-26T17:55:50","modified_gmt":"2008-01-26T17:55:50","slug":"un-conjunto-de-movimientos-se-compromete-a-aportar-miles-de-votos-a-candidatura-del-presidente-fernandez","status":"publish","type":"post","link":"https:\/\/diariodominicano.com\/?p=191499","title":{"rendered":"Un conjunto de movimientos se compromete a aportar miles de votos a candidatura del Presidente Fern\u00e1ndez"},"content":{"rendered":"<p><body><\/p>\n<p align=\"justify\" class=\"text1noticias\"><strong>Un conjunto de movimientos se compromete a aportar miles de votos a candidatura del Presidente Fern\u00e1ndez <\/strong><\/p>\n<p>&#13;<\/p>\n<p align=\"justify\" class=\"text1noticias\"><strong><img loading=\"lazy\" decoding=\"async\" src=\"http:\/\/localhost:8080\/pictures\/comando leonel pic.jpg\" width=\"269\" height=\"181\" hspace=\"4\" align=\"left\" \/>Santo Domingo<\/strong>.- Un nuevo conjunto de  organizaciones de base de la sociedad civil, agrupadas en el Bloque Alianza  Liberal Nacional inform\u00f3 su adhesi\u00f3n a la candidatura del doctor Leonel  Fern\u00e1ndez.<\/p>\n<p>&#13;<\/p>\n<p align=\"justify\" class=\"text1noticias\">Este movimiento que se suma a los cientos de movimientos  que han decido trabajar por la continuidad del progreso y la estabilidad del  pa\u00eds, enfocar\u00e1 su estrategia pol\u00edtica en  la conquista del 85 por ciento de los nuevos votantes, seg\u00fan informo su  presidenta Bertha Jim\u00e9nez. <\/p>\n<p>&#13;<\/p>\n<p align=\"justify\" class=\"text1noticias\">Durante una rueda de prensa que ofreci\u00f3 en la sede de la Comisi\u00f3n Nacional  del Sector Externo con Leonel (CONASEL), ubicada en la avenida Abraham Lincoln,  la dirigente comunitaria dijo que Alianza Liberal Nacional ha crecido  considerablemente desde sus inicios en que se traz\u00f3 como meta aglutinar j\u00f3venes  y mujeres de diversos sectores del Distrito Nacional y el interior del pa\u00eds.<\/p>\n<p>&#13;<\/p>\n<p align=\"justify\" class=\"text1noticias\">Asegura que esta organizaci\u00f3n gana un importante sitial  que atribuye al trabajo que vienen realizando y al creciente respaldo que  recibe la candidatura del PLD en el seno del pueblo.<\/p>\n<p>&#13;<\/p>\n<p align=\"justify\" class=\"text1noticias\">Este Bloque agrupa una decena de movimientos\u00a0 juveniles, barriales, juntas de vecinos, y  grupos deportivos y culturales, en toda la geograf\u00eda nacional, entre los que se  encuentran, Juventud de los Guar\u00edcanos, Juventud con el Progreso, Movimiento  Acci\u00f3n Juvenil Universitaria, Movimiento Organizando Fuerzas, Integridad  Nacional y Noroestanos con Leonel.<\/p>\n<p>&#13;<\/p>\n<p align=\"justify\" class=\"text1noticias\">Resalt\u00f3 que muchos de los directivos y de los integrantes  del conjunto de movimientos, organizados en este Bloque, provienen de otras agrupaciones  pol\u00edticas y de la sociedad civil, que han encontrado en la candidatura del  doctor Leonel Fern\u00e1ndez \u00a0la mejor opci\u00f3n  para seguir digiriendo los destinos de la naci\u00f3n y continuar por la ruta del  progreso.<\/p>\n<p>&#13;<\/p>\n<h6> 2008-01-26 17:55:50 <\/h6>\n<p><!--\n<link rel=\"stylesheet\" href=\"css\/bootstrap.min.css\">\n\n\n<ul class=\"pagination\">\n\t    \n\t\n\n<li >\n\t<a href='?page_no=34246'>Previous<\/a>\n\t<\/li>\n\n\n       \n    \n\n<li><a href='?page_no=1'>1<\/a><\/li>\n\n\n\n<li><a href='?page_no=2'>2<\/a><\/li>\n\n\n\n<li><a>...<\/a><\/li>\n\n\n\n<li><a href='?page_no=34245'>34245<\/a><\/li>\n\n\n\n<li><a href='?page_no=34246'>34246<\/a><\/li>\n\n\n\n<li class='active'><a>34247<\/a><\/li>\n\n\n\n<li><a href='?page_no=34248'>34248<\/a><\/li>\n\n\n\n<li><a href='?page_no=34249'>34249<\/a><\/li>\n\n\n\n<li><a>...<\/a><\/li>\n\n\n\n<li><a href='?page_no=36999'>36999<\/a><\/li>\n\n\n\n<li><a href='?page_no=37000'>37000<\/a><\/li>\n\n    \n\t\n\n<li >\n\t<a href='?page_no=34248'>Next<\/a>\n\t<\/li>\n\n\n    \n\n<li><a href='?page_no=37000'>Last &rsaquo;&rsaquo;<\/a><\/li>\n\n<\/ul>\n\n\n--><br \/>\n<\/body><\/p>\n","protected":false},"excerpt":{"rendered":"<p>Un conjunto de movimientos se compromete a aportar miles de votos a candidatura del Presidente Fern\u00e1ndez &#13; Santo Domingo.- Un nuevo conjunto de organizaciones de base de la sociedad civil, agrupadas en el Bloque Alianza Liberal Nacional inform\u00f3 su adhesi\u00f3n a la candidatura del doctor Leonel Fern\u00e1ndez. &#13; Este movimiento que se suma a los [&hellip;]<\/p>\n","protected":false},"author":3,"featured_media":0,"comment_status":"open","ping_status":"open","sticky":false,"template":"","format":"standard","meta":{"footnotes":""},"categories":[22],"tags":[],"class_list":["post-191499","post","type-post","status-publish","format-standard","hentry","category-politica"],"_links":{"self":[{"href":"https:\/\/diariodominicano.com\/index.php?rest_route=\/wp\/v2\/posts\/191499","targetHints":{"allow":["GET"]}}],"collection":[{"href":"https:\/\/diariodominicano.com\/index.php?rest_route=\/wp\/v2\/posts"}],"about":[{"href":"https:\/\/diariodominicano.com\/index.php?rest_route=\/wp\/v2\/types\/post"}],"author":[{"embeddable":true,"href":"https:\/\/diariodominicano.com\/index.php?rest_route=\/wp\/v2\/users\/3"}],"replies":[{"embeddable":true,"href":"https:\/\/diariodominicano.com\/index.php?rest_route=%2Fwp%2Fv2%2Fcomments&post=191499"}],"version-history":[{"count":0,"href":"https:\/\/diariodominicano.com\/index.php?rest_route=\/wp\/v2\/posts\/191499\/revisions"}],"wp:attachment":[{"href":"https:\/\/diariodominicano.com\/index.php?rest_route=%2Fwp%2Fv2%2Fmedia&parent=191499"}],"wp:term":[{"taxonomy":"category","embeddable":true,"href":"https:\/\/diariodominicano.com\/index.php?rest_route=%2Fwp%2Fv2%2Fcategories&post=191499"},{"taxonomy":"post_tag","embeddable":true,"href":"https:\/\/diariodominicano.com\/index.php?rest_route=%2Fwp%2Fv2%2Ftags&post=191499"}],"curies":[{"name":"wp","href":"https:\/\/api.w.org\/{rel}","templated":true}]}}