{"id":191498,"date":"2008-01-26T19:09:05","date_gmt":"2008-01-26T19:09:05","guid":{"rendered":"http:\/\/diariodominicano.ddns.net\/?p=191498"},"modified":"2008-01-26T19:09:05","modified_gmt":"2008-01-26T19:09:05","slug":"leonel-sera-proclamado-manana","status":"publish","type":"post","link":"https:\/\/diariodominicano.com\/?p=191498","title":{"rendered":"Leonel ser\u00e1 proclamado ma\u00f1ana"},"content":{"rendered":"<p><body><\/p>\n<p class=\"titulogrande1\"><strong>Leonel ser\u00e1 proclamado ma\u00f1ana<\/strong><\/p>\n<p>&#13;<\/p>\n<p align=\"justify\" class=\"text1noticias\">  <strong><img loading=\"lazy\" decoding=\"async\" src=\"http:\/\/localhost:8080\/pictures\/leonel abrazo.jpg\" width=\"269\" height=\"204\" hspace=\"4\" align=\"left\" \/>SANTO DOMINGO.-<\/strong> El presidente Leonel Fern\u00e1ndez ser\u00e1 proclamado ma\u00f1ana en medio  de interrogantes respecto a si su\u00a0 pasado contendor interno y ex colaborador,  Danilo Medina, asistir\u00e1 a la actividad que dar\u00eda inicio oficial a la campa\u00f1a  reeleccionista.<br \/>&#13;<br \/>\n<br \/>&#13;<br \/>\n   Dirigentes cercanos y seguidores de\u00a0 Medina, as\u00ed  como promotores de la reelecci\u00f3n del mandatario han afirmado que el ex  secretario de la   Presidencia no asistir\u00e1 al acto pol\u00edtico, a celebrarse a las  10:00 de la ma\u00f1ana de\u00a0 este domingo, en el Palacio de los Deportes.<br \/>&#13;<br \/>\n  <br \/>&#13;<br \/>\n  <br \/>&#13;<br \/>\n  \u201cLo del domingo ser\u00e1 la culminaci\u00f3n de lo que ocurri\u00f3 el 6 de  mayo pasado\u201d, afirm\u00f3 a HOY uno de los hombres de confianza de Medina, quien no  quiso que se revelara su nombre.<br \/>&#13;<br \/>\n  <br \/>&#13;<br \/>\n  Refiri\u00e9ndose a lo dicho por Medina\u00a0 de que Fern\u00e1ndez le  gan\u00f3 la candidatura presidencial porque \u201cel Estado se impuso\u201d, el informante  dijo a esta redactora que c\u00f3mo pretenden los reeleccionistas que el pasado  influyente secretario de la   Presidencia del gobierno pelede\u00edsta se integre a la campa\u00f1a  cuando este\u00a0 entendi\u00f3 en ese momento\u00a0 que no le ganaron limpiamente.<br \/>&#13;<br \/>\n  <br \/>&#13;<br \/>\n  No obstante, el danilista dijo que posiblemente su  jefe\u00a0 se integre en los pr\u00f3ximos d\u00edas a las reuniones del Comit\u00e9 Pol\u00edtico  del Partido de la   Liberaci\u00f3n Dominicana (PLD), m\u00e1ximo organismo de direcci\u00f3n de  la entidad oficial.<br \/>&#13;<br \/>\n  <br \/>&#13;<br \/>\n  El informante dijo que la orden que Danilo dio a sus\u00a0  seguidores\u00a0 es que se integren a trabajar a favor de Fern\u00e1ndez.<br \/>&#13;<br \/>\n<br \/>&#13;<br \/>\n   Hay quienes opinan que la no asistencia de Medina al acto  de proclamaci\u00f3n de Fern\u00e1ndez ser\u00eda un punto desfavorable para la reelecci\u00f3n, ya  que al\u00a0 no convencerlo a casi nueve meses despu\u00e9s del proceso interno para  que se monte en el tren reeleccionista, dar\u00eda la imagen de que el PLD no est\u00e1  del todo unificado.<br \/>&#13;<br \/>\n  <br \/>&#13;<br \/>\n  Otros entienden que al jefe del Estado le conviene que Medina se  quede al margen del proceso para que las \u00e1cidas cr\u00edticas que hizo al gobierno y  a sus funcionarios no sean un arma pol\u00edtica de la oposici\u00f3n.<br \/>&#13;<br \/>\n  <br \/>&#13;<br \/>\n  Recientemente F\u00e9lix Jim\u00e9nez dijo que Medina le hab\u00eda expresado  que no asistir\u00e1 al acto de ma\u00f1ana. <br \/>&#13;<br \/>\n  <br \/>&#13;<br \/>\n  Ayer, el presidente de la C\u00e1mara de Diputados, Julio C\u00e9sar Valent\u00edn, el  vocero del bloque\u00a0 del PLD, Alejandro Mont\u00e1s y\u00a0 Alejandrina Germ\u00e1n,  dijeron que todos los seguidores de\u00a0 Medina est\u00e1n integrados a la campa\u00f1a  a favor de Fern\u00e1ndez. <br \/>&#13;<br \/>\n  <br \/>&#13;<br \/>\n  <strong>Las frases<\/strong><strong><br \/>&#13;<br \/>\n  <br \/>&#13;<br \/>\n  <strong>Alejandro Mont\u00e1s<\/strong><\/strong> <br \/>&#13;<br \/>\n  <br \/>&#13;<br \/>\n  Los danilistas nos hemos entregado con\u00a0 apego y  responsabilidad en la defensa de Leonel Fern\u00e1ndez\u00a0 y con ese mismo  entusiasmo estaremos el domingo\u201d<br \/>&#13;<br \/>\n  <br \/>&#13;<br \/>\n  <strong> Alejandrina Germ\u00e1n<\/strong> <br \/>&#13;<br \/>\n  <br \/>&#13;<br \/>\n  Estoy segura que aunque Danilo no est\u00e9 en la programaci\u00f3n, si su  gente est\u00e1 integrada es porque \u00e9l quiere que Leonel gane\u201d<br \/>&#13;<br \/>\n  <br \/>&#13;<br \/>\n  <strong>Antecedentes<\/strong><strong><br \/>&#13;<br \/>\n  <br \/>&#13;<br \/>\n  <strong>Renuncia como secretario<\/strong><br \/>&#13;<br \/>\n  <br \/>&#13;<br \/>\n  <strong>7 de noviembre<\/strong><\/strong> <br \/>&#13;<br \/>\n  Danilo\u00a0 informa al presidente Fern\u00e1ndez que\u00a0 deja el  cargo como secretario de la   Presidencia. De inmediato el gobierno informa que el puesto  queda vacante. <br \/>&#13;<br \/>\n  <br \/>&#13;<br \/>\n  <strong>Anuncia aspiraciones<\/strong><strong><br \/>&#13;<br \/>\n  <br \/>&#13;<br \/>\n  <strong>13 de diciembre<\/strong><\/strong> <br \/>&#13;<br \/>\n  Danilo informa al pa\u00eds que buscar\u00e1 la candidatura  presidencial por el PLD e inicia sus cr\u00edticas al gobierno del que fue part\u00edcipe  por dos a\u00f1os.<br \/>&#13;<br \/>\n  <br \/>&#13;<br \/>\n  <strong>Pierde elecciones internas<\/strong><strong><br \/>&#13;<br \/>\n  <br \/>&#13;<br \/>\n  <strong>6 de mayo 2007<\/strong><\/strong> <br \/>&#13;<br \/>\n  Leonel Fern\u00e1ndez gana la candidatura\u00a0 del PLD con el 72% de  los votos pelede\u00edstas, mientras Danilo Medina obtuvo el 28%.<br \/>&#13;<br \/>\n  <br \/>&#13;<br \/>\n  <strong> Alega fraude <\/strong><strong><br \/>&#13;<br \/>\n  <br \/>&#13;<br \/>\n  <strong>6 de mayo 2007<\/strong><\/strong> <br \/>&#13;<br \/>\n  Danilo no reconoce la derrota y dice: \u201c el Estado se impuso\u201d y  que le hicieron un fraude colosal.<br \/>&#13;<br \/>\n  <br \/>&#13;<br \/>\n  <strong>Instruye a danilistas<\/strong><strong><br \/>&#13;<br \/>\n  <br \/>&#13;<br \/>\n  <strong>30 de septiembre 2007<\/strong><\/strong> <br \/>&#13;<br \/>\n  Danilo instruye a sus seguidores integrarse a la campa\u00f1a del  PLD.<br \/>&#13;<br \/>\n  <br \/>&#13;<br \/>\n  <strong>Primer encuentro<\/strong><strong><br \/>&#13;<br \/>\n  <br \/>&#13;<br \/>\n  <strong>10 de noviembre 2007<\/strong><\/strong> <br \/>&#13;<br \/>\n  Fern\u00e1ndez y Danilo se saludan en Moca, al coincidir en una  misa en memoria del dirigente y ex c\u00f3nsul en Miami Javier Gonz\u00e1lez.<br \/>&#13;<br \/>\n  <br \/>&#13;<br \/>\n  <strong>ROSA ALCANTARA<br \/>&#13;<br \/>\nr.alcantara@hoy.com<\/strong><\/p>\n<p>&#13;<\/p>\n<h6> 2008-01-26 19:09:05 <\/h6>\n<p><!--\n<link rel=\"stylesheet\" href=\"css\/bootstrap.min.css\">\n\n\n<ul class=\"pagination\">\n\t    \n\t\n\n<li >\n\t<a href='?page_no=34245'>Previous<\/a>\n\t<\/li>\n\n\n       \n    \n\n<li><a href='?page_no=1'>1<\/a><\/li>\n\n\n\n<li><a href='?page_no=2'>2<\/a><\/li>\n\n\n\n<li><a>...<\/a><\/li>\n\n\n\n<li><a href='?page_no=34244'>34244<\/a><\/li>\n\n\n\n<li><a href='?page_no=34245'>34245<\/a><\/li>\n\n\n\n<li class='active'><a>34246<\/a><\/li>\n\n\n\n<li><a href='?page_no=34247'>34247<\/a><\/li>\n\n\n\n<li><a href='?page_no=34248'>34248<\/a><\/li>\n\n\n\n<li><a>...<\/a><\/li>\n\n\n\n<li><a href='?page_no=36999'>36999<\/a><\/li>\n\n\n\n<li><a href='?page_no=37000'>37000<\/a><\/li>\n\n    \n\t\n\n<li >\n\t<a href='?page_no=34247'>Next<\/a>\n\t<\/li>\n\n\n    \n\n<li><a href='?page_no=37000'>Last &rsaquo;&rsaquo;<\/a><\/li>\n\n<\/ul>\n\n\n--><br \/>\n<\/body><\/p>\n","protected":false},"excerpt":{"rendered":"<p>Leonel ser\u00e1 proclamado ma\u00f1ana &#13; SANTO DOMINGO.- El presidente Leonel Fern\u00e1ndez ser\u00e1 proclamado ma\u00f1ana en medio de interrogantes respecto a si su\u00a0 pasado contendor interno y ex colaborador, Danilo Medina, asistir\u00e1 a la actividad que dar\u00eda inicio oficial a la campa\u00f1a reeleccionista.&#13; &#13; Dirigentes cercanos y seguidores de\u00a0 Medina, as\u00ed como promotores de la reelecci\u00f3n [&hellip;]<\/p>\n","protected":false},"author":3,"featured_media":0,"comment_status":"open","ping_status":"open","sticky":false,"template":"","format":"standard","meta":{"footnotes":""},"categories":[22],"tags":[],"class_list":["post-191498","post","type-post","status-publish","format-standard","hentry","category-politica"],"_links":{"self":[{"href":"https:\/\/diariodominicano.com\/index.php?rest_route=\/wp\/v2\/posts\/191498","targetHints":{"allow":["GET"]}}],"collection":[{"href":"https:\/\/diariodominicano.com\/index.php?rest_route=\/wp\/v2\/posts"}],"about":[{"href":"https:\/\/diariodominicano.com\/index.php?rest_route=\/wp\/v2\/types\/post"}],"author":[{"embeddable":true,"href":"https:\/\/diariodominicano.com\/index.php?rest_route=\/wp\/v2\/users\/3"}],"replies":[{"embeddable":true,"href":"https:\/\/diariodominicano.com\/index.php?rest_route=%2Fwp%2Fv2%2Fcomments&post=191498"}],"version-history":[{"count":0,"href":"https:\/\/diariodominicano.com\/index.php?rest_route=\/wp\/v2\/posts\/191498\/revisions"}],"wp:attachment":[{"href":"https:\/\/diariodominicano.com\/index.php?rest_route=%2Fwp%2Fv2%2Fmedia&parent=191498"}],"wp:term":[{"taxonomy":"category","embeddable":true,"href":"https:\/\/diariodominicano.com\/index.php?rest_route=%2Fwp%2Fv2%2Fcategories&post=191498"},{"taxonomy":"post_tag","embeddable":true,"href":"https:\/\/diariodominicano.com\/index.php?rest_route=%2Fwp%2Fv2%2Ftags&post=191498"}],"curies":[{"name":"wp","href":"https:\/\/api.w.org\/{rel}","templated":true}]}}