{"id":191497,"date":"2008-01-26T20:47:18","date_gmt":"2008-01-26T20:47:18","guid":{"rendered":"http:\/\/diariodominicano.ddns.net\/?p=191497"},"modified":"2008-01-26T20:47:18","modified_gmt":"2008-01-26T20:47:18","slug":"carlos-gabriel-garcia-califica-de-chistoso-anuncio-programa-gobierno-de-leonel","status":"publish","type":"post","link":"https:\/\/diariodominicano.com\/?p=191497","title":{"rendered":"Carlos Gabriel Garc\u00eda califica de chistoso anuncio programa Gobierno de Leonel"},"content":{"rendered":"<p><body><\/p>\n<p align=\"justify\" class=\"titulogrande1\">Carlos Gabriel Garc\u00eda califica de chistoso anuncio programa Gobierno de Leonel <\/p>\n<p>&#13;<\/p>\n<p align=\"justify\" class=\"text1noticias\"><strong><img loading=\"lazy\" decoding=\"async\" src=\"http:\/\/localhost:8080\/pictures\/carlos gabriel dirigente prd.jpg\" width=\"269\" height=\"382\" hspace=\"4\" align=\"left\" \/>Santo Domingo.-<\/strong> El doctor Carlos Gabriel Garc\u00eda,  Director de Comunicaciones del Comando de Campa\u00f1a del PRD, calific\u00f3  como \u00abel chiste del a\u00f1o\u00bb el anuncio del candidato reeleccionista de  que este domingo pondr\u00e1 en circulaci\u00f3n su programa de gobierno.<\/p>\n<p>&#13;<\/p>\n<p align=\"justify\" class=\"text1noticias\">Dijo que esa informaci\u00f3n ha provocado  risa entre los electores porque saben que Leonel Fern\u00e1ndez no cumplir\u00eda  ninguna de las promesas que pueda contemplar ese documento como,  seg\u00fan, dijo sucedi\u00f3 con todas las ofertas que hizo durante las elecciones  del 2004.<\/p>\n<p>&#13;<\/p>\n<p align=\"justify\" class=\"text1noticias\">\u00abEl candidato reeleccionista no  tiene posibilidad de sustentar su ambici\u00f3n personal con una plataforma  program\u00e1tica, porque carece de credibilidad en el seno de una sociedad  que se considera v\u00edctima de los incumplimientos de todas sus  promesas de campa\u00f1a\u00bb, indic\u00f3.<\/p>\n<p>&#13;<\/p>\n<p align=\"justify\" class=\"text1noticias\">Record\u00f3 que Leonel Fern\u00e1ndez prometi\u00f3  crear medio mill\u00f3n de empleos durante su mandato, sin embargo, precis\u00f3  que no s\u00f3lo incumpli\u00f3 su promesa, sino que durante su  administraci\u00f3n doscientos cincuenta mil dominicanos han perdido sus plazas de  trabajo por las pol\u00edticas p\u00fablicas equivocadas que ha  implementado.<\/p>\n<p>&#13;<\/p>\n<p align=\"justify\" class=\"text1noticias\">Agreg\u00f3 que Fern\u00e1ndez\u00a0 tambi\u00e9n se comprometi\u00f3 a reducir el gasto corriente por lo menos en un 20 por  ciento, pero lo ha aumentado en un 29 por ciento; prometi\u00f3 reducir la  n\u00f3mina p\u00fablica y designar s\u00f3lo los funcionarios contemplados en la ley,  \u00absin embargo hoy tenemos una n\u00f3mina p\u00fablica hipertrofiada, con  Secretar\u00edas de Estado que tienen hasta 25 subsecretarios, y un cuerpo  diplom\u00e1tico y consular con un personal que triplica lo  encontrado\u00bb.<\/p>\n<p>&#13;<\/p>\n<p align=\"justify\" class=\"text1noticias\">Se\u00f1al\u00f3 que la misma suerte corrieron  todas las ofertas que hizo a las poblaciones del interior del pa\u00eds  durante los denominados Consejos de Desarrollo Provinciales, \u00bb los  cuales fueron convocados por el gobierno para escuchar las demandas de  esas comunidades, pero no fueron complacidas en ningunas de sus  demandas porque el candidato reeleccionista prefiri\u00f3 concentrar la  inversi\u00f3n p\u00fablica en obras caprichosas como el Metro de Santo  Domingo\u00bb.<\/p>\n<p>&#13;<\/p>\n<p align=\"justify\" class=\"text1noticias\">Destac\u00f3 que Miguel Vargas est\u00e1  desarrollando un modelo de campa\u00f1a diferente, donde las falsas expectativas y los discursos  demag\u00f3gicos han sido sustituidos por los  acuerdos-compromisos que ha venido firmando p\u00fablicamente con diferentes  sectores de la vida nacional.<\/p>\n<p>&#13;<\/p>\n<p align=\"justify\" class=\"text1noticias\">Garc\u00eda consider\u00f3 que esa comunicaci\u00f3n  directa del candidato presidencial perrede\u00edsta con su pueblo  se mantendr\u00e1 inalterable ahora y despu\u00e9s de las elecciones, porque su  propuesta de gobierno se sustenta en la verdad.<\/p>\n<p>&#13;<\/p>\n<h6> 2008-01-26 20:47:18 <\/h6>\n<p><!--\n<link rel=\"stylesheet\" href=\"css\/bootstrap.min.css\">\n\n\n<ul class=\"pagination\">\n\t    \n\t\n\n<li >\n\t<a href='?page_no=34244'>Previous<\/a>\n\t<\/li>\n\n\n       \n    \n\n<li><a href='?page_no=1'>1<\/a><\/li>\n\n\n\n<li><a href='?page_no=2'>2<\/a><\/li>\n\n\n\n<li><a>...<\/a><\/li>\n\n\n\n<li><a href='?page_no=34243'>34243<\/a><\/li>\n\n\n\n<li><a href='?page_no=34244'>34244<\/a><\/li>\n\n\n\n<li class='active'><a>34245<\/a><\/li>\n\n\n\n<li><a href='?page_no=34246'>34246<\/a><\/li>\n\n\n\n<li><a href='?page_no=34247'>34247<\/a><\/li>\n\n\n\n<li><a>...<\/a><\/li>\n\n\n\n<li><a href='?page_no=36999'>36999<\/a><\/li>\n\n\n\n<li><a href='?page_no=37000'>37000<\/a><\/li>\n\n    \n\t\n\n<li >\n\t<a href='?page_no=34246'>Next<\/a>\n\t<\/li>\n\n\n    \n\n<li><a href='?page_no=37000'>Last &rsaquo;&rsaquo;<\/a><\/li>\n\n<\/ul>\n\n\n--><br \/>\n<\/body><\/p>\n","protected":false},"excerpt":{"rendered":"<p>Carlos Gabriel Garc\u00eda califica de chistoso anuncio programa Gobierno de Leonel &#13; Santo Domingo.- El doctor Carlos Gabriel Garc\u00eda, Director de Comunicaciones del Comando de Campa\u00f1a del PRD, calific\u00f3 como \u00abel chiste del a\u00f1o\u00bb el anuncio del candidato reeleccionista de que este domingo pondr\u00e1 en circulaci\u00f3n su programa de gobierno. &#13; Dijo que esa informaci\u00f3n [&hellip;]<\/p>\n","protected":false},"author":3,"featured_media":0,"comment_status":"open","ping_status":"open","sticky":false,"template":"","format":"standard","meta":{"footnotes":""},"categories":[22],"tags":[],"class_list":["post-191497","post","type-post","status-publish","format-standard","hentry","category-politica"],"_links":{"self":[{"href":"https:\/\/diariodominicano.com\/index.php?rest_route=\/wp\/v2\/posts\/191497","targetHints":{"allow":["GET"]}}],"collection":[{"href":"https:\/\/diariodominicano.com\/index.php?rest_route=\/wp\/v2\/posts"}],"about":[{"href":"https:\/\/diariodominicano.com\/index.php?rest_route=\/wp\/v2\/types\/post"}],"author":[{"embeddable":true,"href":"https:\/\/diariodominicano.com\/index.php?rest_route=\/wp\/v2\/users\/3"}],"replies":[{"embeddable":true,"href":"https:\/\/diariodominicano.com\/index.php?rest_route=%2Fwp%2Fv2%2Fcomments&post=191497"}],"version-history":[{"count":0,"href":"https:\/\/diariodominicano.com\/index.php?rest_route=\/wp\/v2\/posts\/191497\/revisions"}],"wp:attachment":[{"href":"https:\/\/diariodominicano.com\/index.php?rest_route=%2Fwp%2Fv2%2Fmedia&parent=191497"}],"wp:term":[{"taxonomy":"category","embeddable":true,"href":"https:\/\/diariodominicano.com\/index.php?rest_route=%2Fwp%2Fv2%2Fcategories&post=191497"},{"taxonomy":"post_tag","embeddable":true,"href":"https:\/\/diariodominicano.com\/index.php?rest_route=%2Fwp%2Fv2%2Ftags&post=191497"}],"curies":[{"name":"wp","href":"https:\/\/api.w.org\/{rel}","templated":true}]}}