{"id":191496,"date":"2008-01-26T20:54:27","date_gmt":"2008-01-26T20:54:27","guid":{"rendered":"http:\/\/diariodominicano.ddns.net\/?p=191496"},"modified":"2008-01-26T20:54:27","modified_gmt":"2008-01-26T20:54:27","slug":"amable-aristy-dice-mejor-manera-de-honrar-a-duarte-es-impidiendo-invasion-pacifica-haitiana","status":"publish","type":"post","link":"https:\/\/diariodominicano.com\/?p=191496","title":{"rendered":"Amable Aristy dice Mejor manera de honrar a Duarte es impidiendo invasi\u00f3n pac\u00edfica haitiana"},"content":{"rendered":"<p><body><\/p>\n<p align=\"justify\" class=\"titulogrande1\"><strong>Amable Aristy dice: Mejor manera de honrar a Duarte es impidiendo invasi\u00f3n  pac\u00edfica haitiana<\/strong><\/p>\n<p>&#13;<\/p>\n<p align=\"justify\" class=\"text1noticias\"><strong><img loading=\"lazy\" decoding=\"async\" src=\"http:\/\/localhost:8080\/pictures\/amable mausoleo balaguer 1.jpg\" width=\"269\" height=\"269\" hspace=\"4\" align=\"left\" \/>Santo Domingo.-<\/strong> El candidato  presidencial reformista, Amable Aristy Castro, declar\u00f3 hoy que la mejor manera  de honrar al patricio Juan Pablo Duarte es impidiendo la invasi\u00f3n pac\u00edfica y  clandestina de haitianos a la Rep\u00fablica Dominicana. <\/p>\n<p>&#13;<\/p>\n<p align=\"justify\" class=\"text1noticias\">Critic\u00f3 al  gobierno del presidente Leonel Fern\u00e1ndez y a la pasada administraci\u00f3n del  Partido Revolucionario Dominicano (PRD) por no haber aplicado la nueva Ley  General de Migraci\u00f3n para controlar la inmigraci\u00f3n clandestina.<\/p>\n<p>&#13;<\/p>\n<p align=\"justify\" class=\"text1noticias\">Dijo que desde  hace cuatro a\u00f1os existe esa ley de Migraci\u00f3n que no ha podido ser implementada  por la carencia de un reglamento que debe emitir el presidente Fern\u00e1ndez.<\/p>\n<p>&#13;<\/p>\n<p align=\"justify\" class=\"text1noticias\">Se\u00f1al\u00f3 que el  reglamento tampoco fue decretado en la pasada administraci\u00f3n del Partido  Revolucionario Dominicano (PRD).<\/p>\n<p>&#13;<\/p>\n<p align=\"justify\" class=\"text1noticias\">Explic\u00f3 que  mientras el pa\u00eds sufre esta invasi\u00f3n pac\u00edfica y clandestina desde Hait\u00ed con una  indiferencia total de las autoridades, \u201ctambi\u00e9n se viola el C\u00f3digo Laboral que establece  que el 80 por ciento de la mano de obra en el sector privado debe ser nacional\u201d.<\/p>\n<p>&#13;<\/p>\n<p align=\"justify\" class=\"text1noticias\">\u201cEs una  verg\u00fcenza que en la construcci\u00f3n, la agropecuaria, econom\u00eda informal y hasta en  la mendicidad los dominicanos han sido desplazados por\u00a0 extranjeros ilegales ante la mirada  indiferente de las autoridades de las tres \u00faltimas administraci\u00f3n\u201d, dijo.<\/p>\n<p>&#13;<\/p>\n<p align=\"justify\" class=\"text1noticias\">Amable Aristy  consider\u00f3 penoso\u00a0 que obras como el Metro  de Santo Domingo y en las construcciones de escuelas, proyectos habitacionales,  carreteras y otras obras que desarrolla el gobierno m\u00e1s del 80 por ciento de  los obreros que participan en las mismas son extranjeros ilegales, en su  mayor\u00eda haitianos.<\/p>\n<p>&#13;<\/p>\n<p align=\"justify\" class=\"text1noticias\">Resalt\u00f3 que en  su gobierno va a disponer que las obras ejecutadas por el Estado el 100 por ciento  de los obreros, t\u00e9cnicos y maestros sean dominicanos.<\/p>\n<p>&#13;<\/p>\n<p align=\"justify\" class=\"text1noticias\">Agreg\u00f3 que solo Joaqu\u00edn  Balaguer honraba la memoria de Duarte y los trinitarios\u00a0 que derramaron su sangre para darnos el pan  preciado de la libertad con una pol\u00edtica migratoria clara y defendiendo siempre  el inter\u00e9s nacional.<\/p>\n<p>&#13;<\/p>\n<p align=\"justify\" class=\"text1noticias\">El aspirante  presidencial dijo que mientras esto ocurre, en los escenarios internacionales  el pa\u00eds es v\u00edctima de constantes acusaciones de esclavismo y racismo en contra  de estos extranjeros, que en la mayor\u00eda de los casos viven en muchas mejores  condiciones que una gran parte de dominicanos que han sido desplazados por  ellos en el mercado laboral.<\/p>\n<p>&#13;<\/p>\n<p align=\"justify\" class=\"text1noticias\">Amable Aristy al  depositar una ofrenda floral en el momento al patricio Juan Pablo Duarte en la  avenida Las Am\u00e9ricas, en la provincia Santo Domingo, al conmemorarse el 195  aniversario del natalicio del fundador de la Rep\u00fablica.<\/p>\n<p>&#13;<\/p>\n<p align=\"justify\" class=\"text1noticias\">Estuvo  acompa\u00f1ado del coordinador nacional de campa\u00f1a, Ram\u00f3n Rogelio Genao, V\u00edctor  \u2013Ito- Bison\u00f3, Pedro Bret\u00f3n, Jos\u00e9 Osvaldo Leger, Placido Domingo, entre otros.<\/p>\n<p>&#13;<\/p>\n<p align=\"justify\" class=\"text1noticias\">Aristy Castro prometi\u00f3  que en su gobierno\u00a0 lo dominicano ser\u00e1  primero, promoviendo la creaci\u00f3n de una marca-pa\u00eds\u00a0 para la comercializaci\u00f3n en el extranjero de  los productores agropecuarios y de la industria nacional.<\/p>\n<p>&#13;<\/p>\n<p align=\"justify\" class=\"text1noticias\">Garantiz\u00f3  asimismo que promover\u00e1 una pol\u00edtica migratoria clara y que en los primeros 100  d\u00edas de su gobierno decretar\u00e1 el reglamento de la nueva Ley de Migraci\u00f3n \u201cque  de manera irresponsable no lo ha querido dictar el doctor Leonel Fern\u00e1ndez ni  tampoco lo hizo el PRD\u201d.<\/p>\n<p>&#13;<\/p>\n<h6> 2008-01-26 20:54:27 <\/h6>\n<p><!--\n<link rel=\"stylesheet\" href=\"css\/bootstrap.min.css\">\n\n\n<ul class=\"pagination\">\n\t    \n\t\n\n<li >\n\t<a href='?page_no=34243'>Previous<\/a>\n\t<\/li>\n\n\n       \n    \n\n<li><a href='?page_no=1'>1<\/a><\/li>\n\n\n\n<li><a href='?page_no=2'>2<\/a><\/li>\n\n\n\n<li><a>...<\/a><\/li>\n\n\n\n<li><a href='?page_no=34242'>34242<\/a><\/li>\n\n\n\n<li><a href='?page_no=34243'>34243<\/a><\/li>\n\n\n\n<li class='active'><a>34244<\/a><\/li>\n\n\n\n<li><a href='?page_no=34245'>34245<\/a><\/li>\n\n\n\n<li><a href='?page_no=34246'>34246<\/a><\/li>\n\n\n\n<li><a>...<\/a><\/li>\n\n\n\n<li><a href='?page_no=36999'>36999<\/a><\/li>\n\n\n\n<li><a href='?page_no=37000'>37000<\/a><\/li>\n\n    \n\t\n\n<li >\n\t<a href='?page_no=34245'>Next<\/a>\n\t<\/li>\n\n\n    \n\n<li><a href='?page_no=37000'>Last &rsaquo;&rsaquo;<\/a><\/li>\n\n<\/ul>\n\n\n--><br \/>\n<\/body><\/p>\n","protected":false},"excerpt":{"rendered":"<p>Amable Aristy dice: Mejor manera de honrar a Duarte es impidiendo invasi\u00f3n pac\u00edfica haitiana &#13; Santo Domingo.- El candidato presidencial reformista, Amable Aristy Castro, declar\u00f3 hoy que la mejor manera de honrar al patricio Juan Pablo Duarte es impidiendo la invasi\u00f3n pac\u00edfica y clandestina de haitianos a la Rep\u00fablica Dominicana. &#13; Critic\u00f3 al gobierno del [&hellip;]<\/p>\n","protected":false},"author":3,"featured_media":0,"comment_status":"open","ping_status":"open","sticky":false,"template":"","format":"standard","meta":{"footnotes":""},"categories":[22],"tags":[],"class_list":["post-191496","post","type-post","status-publish","format-standard","hentry","category-politica"],"_links":{"self":[{"href":"https:\/\/diariodominicano.com\/index.php?rest_route=\/wp\/v2\/posts\/191496","targetHints":{"allow":["GET"]}}],"collection":[{"href":"https:\/\/diariodominicano.com\/index.php?rest_route=\/wp\/v2\/posts"}],"about":[{"href":"https:\/\/diariodominicano.com\/index.php?rest_route=\/wp\/v2\/types\/post"}],"author":[{"embeddable":true,"href":"https:\/\/diariodominicano.com\/index.php?rest_route=\/wp\/v2\/users\/3"}],"replies":[{"embeddable":true,"href":"https:\/\/diariodominicano.com\/index.php?rest_route=%2Fwp%2Fv2%2Fcomments&post=191496"}],"version-history":[{"count":0,"href":"https:\/\/diariodominicano.com\/index.php?rest_route=\/wp\/v2\/posts\/191496\/revisions"}],"wp:attachment":[{"href":"https:\/\/diariodominicano.com\/index.php?rest_route=%2Fwp%2Fv2%2Fmedia&parent=191496"}],"wp:term":[{"taxonomy":"category","embeddable":true,"href":"https:\/\/diariodominicano.com\/index.php?rest_route=%2Fwp%2Fv2%2Fcategories&post=191496"},{"taxonomy":"post_tag","embeddable":true,"href":"https:\/\/diariodominicano.com\/index.php?rest_route=%2Fwp%2Fv2%2Ftags&post=191496"}],"curies":[{"name":"wp","href":"https:\/\/api.w.org\/{rel}","templated":true}]}}