{"id":191493,"date":"2008-01-27T15:41:20","date_gmt":"2008-01-27T15:41:20","guid":{"rendered":"http:\/\/diariodominicano.ddns.net\/?p=191493"},"modified":"2008-01-27T15:41:20","modified_gmt":"2008-01-27T15:41:20","slug":"comision-politica-prsc-pedira-renuncia-amable","status":"publish","type":"post","link":"https:\/\/diariodominicano.com\/?p=191493","title":{"rendered":"Comisi\u00f3n Pol\u00edtica PRSC pedir\u00e1 renuncia Amable"},"content":{"rendered":"<p><body><\/p>\n<p class=\"titulogrande1\"><strong>Comisi\u00f3n Pol\u00edtica  PRSC pedir\u00e1 renuncia Amable<\/strong> <\/p>\n<p>&#13;<\/p>\n<p align=\"justify\" class=\"text1noticias\"><strong><img loading=\"lazy\" decoding=\"async\" src=\"http:\/\/localhost:8080\/pictures\/prsc logo.jpg\" width=\"269\" height=\"269\" hspace=\"4\" align=\"left\" \/>Santo Domingo.-<\/strong> El Partido Reformista le pedir\u00e1 a su candidato  presidencial, licenciado Amable Aristy Castro, que renuncie a sus aspiraciones  y, en cambio, encabece una comisi\u00f3n de negociaci\u00f3n con el PRD o el PLD, a la  luz de que en tres encuestas internas su popularidad oscila entre el 9 y 11%,  lo que obliga a un plan de preservaci\u00f3n de la organizaci\u00f3n, seg\u00fan informaron  los organizadores de la reuni\u00f3n que celebrar\u00e1 la Comisi\u00f3n Pol\u00edtica el 7 de  febrero para esos fines. <br \/>&#13;<br \/>\n  <br \/>&#13;<br \/>\n  La fuente confirm\u00f3 la  denuncia que hiciera la jefa de campa\u00f1a del ingeniero Eduardo Estrella, Sergia  Elena de S\u00e9liman, de que el PRSC en dicho encuentro institucional se pretende  presentar la definici\u00f3n electoral del PRSC con miras al proceso electoral del  16 de mayo, y que tendr\u00eda que ser de alianzas al observar que apenas se  conserva un fragmento de dignidad entre el electorado. <br \/>&#13;<br \/>\n  <br \/>&#13;<br \/>\n  \u00abEn los d\u00edas por  venir se estar\u00e1n haciendo los talleres para conciliar los pareceres de tres  grupos que se debaten en torno a la decisi\u00f3n que adoptar\u00e1 el Partido Reformista  en esa reuni\u00f3n, que pasar\u00eda como propuesta \u00fanica a la asamblea ratificadora de  la alianza\u00bb, revel\u00f3 un diputado miembro de la Comisi\u00f3n Pol\u00edtica. <br \/>&#13;<br \/>\n  <br \/>&#13;<br \/>\n  Seg\u00fan nos explic\u00f3,  tres grupos tratar\u00e1n de imponer su criterio en esa reuni\u00f3n: Uno, entiende que  negociar con el gobierno en primera vuelta es lo correcto; otro segundo grupo  que est\u00e1 promoviendo un acuerdo con el PRD en primera vuelta; y el tercer  sector que busca negociar con el gobierno en segunda vuelta. <br \/>&#13;<br \/>\n  <br \/>&#13;<br \/>\n  El segundo grupo actua  frontalmente y con transparencia, llevado su lucha al seno de la organizaci\u00f3n  de manera clara y sin hacer trabajos de carpinter\u00eda en aposentos, sino de  frente al pa\u00eds; lo encabeza ex director de la Loter\u00eda Nacional, Ram\u00f3n Bona  Rivera y la fuente asegura que lo integran los miembros de la comisi\u00f3n pol\u00edtica  Joaqu\u00edn Ricardo, Florentino Carvajal Suero, Jos\u00e9 Ram\u00f3n Gonz\u00e1lez P\u00e9rez, Ram\u00f3n  P\u00e9rez Mart\u00ednez y No\u00e9 Sterling V\u00e1squez. <br \/>&#13;<br \/>\n  <br \/>&#13;<br \/>\n  \u00abEstos entienden  que la \u00fanica manera de conseguir detener el triunfo del presidente Fern\u00e1ndez es  creando la condiciones de una polarizaci\u00f3n temprana, que permita definir  estrategias para levantar esperanzas en ambas militancias, PRD y PRSC, y en una  coyuntura hacer que Vargas Maldonado supere al candidato puntero del  gobierno\u00bb, manifestaron. <br \/>&#13;<br \/>\n  <br \/>&#13;<br \/>\n  El grupo que apoya la  idea de que se negocie con el PLD, en primera vuelta,\u00a0 a\u00fan cuando no ha  expresado su apoyo al candidato pelede\u00edsta, lo encabezan el ingeniero Johnny  Jones, Luis Toral, Adriano S\u00e1nchez Roa, V\u00edctor Garc\u00eda Santos, Beny Mets, Mar\u00eda  Rosa Belliart, Milton Ginebra; estos entienden que una alianza con Fern\u00e1ndez le  garantizar\u00eda una victoria segura y la reunificaci\u00f3n del partido reformista con  la posibilidad de volver al poder en el a\u00f1o 2012, junto a los que ya se  marcharon. <br \/>&#13;<br \/>\n  <br \/>&#13;<br \/>\n  Entre los que aspiran  a negociar con el PLD, pero en segunda vuelta, est\u00e1n el jefe de campa\u00f1a Ram\u00f3n  Rogelio Genao, Lila Alburquerque, Ito Bison\u00f3, Marino Collante, Jos\u00e9 Osvaldo  Leger y Pl\u00e1cido Domingo; los motiva el deseo de varios de ellos en conseguir  una cuota de poder importante, la presidencia de la C\u00e1mara de diputados y la  vuelta de los poderes de la Liga Municipal Dominicana. <br \/>&#13;<br \/>\n  <br \/>&#13;<br \/>\n  El presidente,  ingeniero Federico Ant\u00fan Batlle, se debate entre estas situaciones y ha  emprendido una gira de consultas con el s\u00edndico de Santiago, Jos\u00e9 Enrique Sued  para conseguir la mejor salida a la crisis de decisi\u00f3n que debatir\u00e1 la  organizaci\u00f3n en la importante reuni\u00f3n del 7 de febrero, pero es de opini\u00f3n de  que ahora es el momento de la definici\u00f3n. <br \/>&#13;<br \/>\n  <br \/>&#13;<br \/>\n  Segia Elena de Seliman  denunci\u00f3 que tiene una carta escrita por Amable Aristy Castro para que se le  inscribiera en el PNVC por temor a que su partido reformista se niegue a inscribirlo  a partir del debate que se ha abierto a lo interno; denunci\u00f3 que por ello  Aristy trata de obstaculizar la convenci\u00f3n del PNVC donde proclamar\u00e1 al  candidato Eduardo Estrella. <br \/>&#13;<br \/>\n  <br \/>&#13;<br \/>\n  A Sergia Elena se le  ha visto muy activa en los \u00faltimos d\u00edas y la misma fuente comunic\u00f3 que ha  tenido conversaciones con el secretario general del PRSC, V\u00edctor G\u00f3mez  Casanova, el m\u00e1s institucionalista, quien se le ubica dentro de los que quieren  un acuerdo en primera vuelta con el PRD y quien se ha reunido en diferentes  ocasiones con Vargas Maldonado; adem\u00e1s, ha estado en reuniones con los  \u00abreflexivos\u00bb. <br \/>&#13;<br \/>\n  <br \/>&#13;<br \/>\n  La situaci\u00f3n tender\u00e1 a  calentarse en los pr\u00f3ximos d\u00edas en la cuadra colorada y los vaticinios indican  que ser\u00e1 una lucha muy cerrada en lo que respeta\u00a0 a esa decisi\u00f3n, si con  el PLD o el PRD, en primera o segunda vuelta, m\u00e1xime cuando todos coinciden en  que habr\u00e1 que bregar mucho para convencer a Aristy de que ya perdi\u00f3 la  oportunidad de garantizar un 15% o m\u00e1s en una primera vuelta, y que en la  segunda el PRSC se desgranar\u00eda sin control para los dos lados. <\/p>\n<p>&#13;<\/p>\n<h6> 2008-01-27 15:41:20 <\/h6>\n<p><!--\n<link rel=\"stylesheet\" href=\"css\/bootstrap.min.css\">\n\n\n<ul class=\"pagination\">\n\t    \n\t\n\n<li >\n\t<a href='?page_no=34240'>Previous<\/a>\n\t<\/li>\n\n\n       \n    \n\n<li><a href='?page_no=1'>1<\/a><\/li>\n\n\n\n<li><a href='?page_no=2'>2<\/a><\/li>\n\n\n\n<li><a>...<\/a><\/li>\n\n\n\n<li><a href='?page_no=34239'>34239<\/a><\/li>\n\n\n\n<li><a href='?page_no=34240'>34240<\/a><\/li>\n\n\n\n<li class='active'><a>34241<\/a><\/li>\n\n\n\n<li><a href='?page_no=34242'>34242<\/a><\/li>\n\n\n\n<li><a href='?page_no=34243'>34243<\/a><\/li>\n\n\n\n<li><a>...<\/a><\/li>\n\n\n\n<li><a href='?page_no=36999'>36999<\/a><\/li>\n\n\n\n<li><a href='?page_no=37000'>37000<\/a><\/li>\n\n    \n\t\n\n<li >\n\t<a href='?page_no=34242'>Next<\/a>\n\t<\/li>\n\n\n    \n\n<li><a href='?page_no=37000'>Last &rsaquo;&rsaquo;<\/a><\/li>\n\n<\/ul>\n\n\n--><br \/>\n<\/body><\/p>\n","protected":false},"excerpt":{"rendered":"<p>Comisi\u00f3n Pol\u00edtica PRSC pedir\u00e1 renuncia Amable &#13; Santo Domingo.- El Partido Reformista le pedir\u00e1 a su candidato presidencial, licenciado Amable Aristy Castro, que renuncie a sus aspiraciones y, en cambio, encabece una comisi\u00f3n de negociaci\u00f3n con el PRD o el PLD, a la luz de que en tres encuestas internas su popularidad oscila entre el [&hellip;]<\/p>\n","protected":false},"author":3,"featured_media":0,"comment_status":"open","ping_status":"open","sticky":false,"template":"","format":"standard","meta":{"footnotes":""},"categories":[22],"tags":[],"class_list":["post-191493","post","type-post","status-publish","format-standard","hentry","category-politica"],"_links":{"self":[{"href":"https:\/\/diariodominicano.com\/index.php?rest_route=\/wp\/v2\/posts\/191493","targetHints":{"allow":["GET"]}}],"collection":[{"href":"https:\/\/diariodominicano.com\/index.php?rest_route=\/wp\/v2\/posts"}],"about":[{"href":"https:\/\/diariodominicano.com\/index.php?rest_route=\/wp\/v2\/types\/post"}],"author":[{"embeddable":true,"href":"https:\/\/diariodominicano.com\/index.php?rest_route=\/wp\/v2\/users\/3"}],"replies":[{"embeddable":true,"href":"https:\/\/diariodominicano.com\/index.php?rest_route=%2Fwp%2Fv2%2Fcomments&post=191493"}],"version-history":[{"count":0,"href":"https:\/\/diariodominicano.com\/index.php?rest_route=\/wp\/v2\/posts\/191493\/revisions"}],"wp:attachment":[{"href":"https:\/\/diariodominicano.com\/index.php?rest_route=%2Fwp%2Fv2%2Fmedia&parent=191493"}],"wp:term":[{"taxonomy":"category","embeddable":true,"href":"https:\/\/diariodominicano.com\/index.php?rest_route=%2Fwp%2Fv2%2Fcategories&post=191493"},{"taxonomy":"post_tag","embeddable":true,"href":"https:\/\/diariodominicano.com\/index.php?rest_route=%2Fwp%2Fv2%2Ftags&post=191493"}],"curies":[{"name":"wp","href":"https:\/\/api.w.org\/{rel}","templated":true}]}}