{"id":191489,"date":"2008-01-27T20:57:57","date_gmt":"2008-01-27T20:57:57","guid":{"rendered":"http:\/\/diariodominicano.ddns.net\/?p=191489"},"modified":"2008-01-27T20:57:57","modified_gmt":"2008-01-27T20:57:57","slug":"el-discurso-de-leonel-fernandez-reyna-luego-de-que-fue-proclamado-este-domingo-candidato-presidencial-del-pld-para-las-elecciones-del-16-de-mayo","status":"publish","type":"post","link":"https:\/\/diariodominicano.com\/?p=191489","title":{"rendered":"El Discurso de Leonel Fern\u00e1ndez Reyna, luego de que fue proclamado este domingo candidato presidencial del PLD, para las elecciones del 16 de Mayo"},"content":{"rendered":"<p><body><\/p>\n<p align=\"justify\"><span class=\"titulogrande1\">Discurso  de Proclamaci\u00f3n<\/span><br \/>&#13;<br \/>\n  <br \/>&#13;<br \/>\n    <span class=\"text1noticias\">Honorable  Se\u00f1or Vicepresidente de la Rep\u00fablica, Compa\u00f1ero Dr. Rafael Alburquerque;<br \/>&#13;<br \/>\n    <br \/>&#13;<br \/>\n    Honorable  Se\u00f1or Presidente del Senado y Secretario General del Partido de la Liberaci\u00f3n  Dominicana, Dr. Reynaldo Pared P\u00e9rez;<br \/>&#13;<br \/>\n    <br \/>&#13;<br \/>\n    Compa\u00f1ero  Licenciado Francisco Javier Garc\u00eda, Coordinador de la Campa\u00f1a Presidencial<br \/>&#13;<br \/>\n    <br \/>&#13;<br \/>\n    Compa\u00f1eros  Miembros del Comit\u00e9 Pol\u00edtico y del Comit\u00e9 Central del Partido de la Liberaci\u00f3n  Dominicana;<br \/>&#13;<br \/>\n    <br \/>&#13;<br \/>\n    Compa\u00f1eros  Miembros del Comit\u00e9 Nacional de Campa\u00f1a;<br \/>&#13;<br \/>\n    <br \/>&#13;<br \/>\n    Compa\u00f1eros  Presidentes de Comit\u00e9s Provinciales, de Comit\u00e9s Intermedios y de Comit\u00e9s de  Base;<br \/>&#13;<br \/>\n    Compa\u00f1eros  Representantes de Fuerzas Pol\u00edticas Aliadas;<br \/>&#13;<br \/>\n    <br \/>&#13;<br \/>\n  Invitados  Especiales;<br \/>&#13;<br \/>\n  <br \/>&#13;<br \/>\n  Do\u00f1a  Yolanda Reyna, Margarita Cede\u00f1o, mis hermanos, primos y dem\u00e1s familiares.<br \/>&#13;<br \/>\n  <br \/>&#13;<br \/>\n  <img loading=\"lazy\" decoding=\"async\" src=\"http:\/\/localhost:8080\/pictures\/proclamacion leonel.jpg\" width=\"269\" height=\"2269\" hspace=\"4\" align=\"left\" \/>Compa\u00f1eras y Compa\u00f1eros:<br \/>&#13;<br \/>\n  <br \/>&#13;<br \/>\n Esta  es la tercera vez que acudo ante Uds. en calidad de candidato a la Presidencia  de la Rep\u00fablica por el Partido de la Liberaci\u00f3n Dominicana. Lo hago  profundamente agradecido por el apoyo entusiasta que siempre me han brindado,  por la generosa confianza que han depositado en m\u00ed y por el inmenso honor que  me han conferido. \u00a0<br \/>&#13;<br \/>\n<br \/>&#13;<br \/>\n Por  supuesto, al asumir nuevamente esta candidatura presidencial, lo hago tambi\u00e9n  consciente de las graves responsabilidades morales y pol\u00edticas que implica, del  sagrado compromiso con nuestro pueblo, de nuestro deber frente al Partido y de  nuestra obligaci\u00f3n ante la historia.<br \/>&#13;<br \/>\n<br \/>&#13;<br \/>\n Es  tambi\u00e9n el compromiso de honor de mantener inmaculado el legado \u00e9tico y  pol\u00edtico de nuestro gu\u00eda espiritual, el profesor Juan Bosch.<br \/>&#13;<br \/>\n<br \/>&#13;<br \/>\n En  las dos ocasiones en que hemos disfrutado del inmenso privilegio de encabezar  la boleta electoral del Partido de la Liberaci\u00f3n Dominicana, a pesar de las  inmensas dificultades y de los m\u00e1s variados obst\u00e1culos, hemos salido  victoriosos.<br \/>&#13;<br \/>\n<br \/>&#13;<br \/>\n En  el 1996, cuando se vaticinaban los m\u00e1s sombr\u00edos pron\u00f3sticos, cuando no se nos  conced\u00edan posibilidades algunas de triunfo, cuando tanto nuestros adversarios  como representantes de distintos sectores de la opini\u00f3n p\u00fablica nacional se  mofaban y hac\u00edan burlas de nuestra candidatura, calific\u00e1ndola como la del \u201cpollito\u201d,  he ah\u00ed, sin embargo, que \u00e9ste, apoyado en la fuerza arrolladora del pueblo, se  convirti\u00f3 r\u00e1pidamente en un gallito de pelea que hizo derribar a su opositor en  el segundo asalto cuando le propin\u00f3 un espuelazo colorao\u00a0 junto a un golpe morado de bols\u00f3n.<br \/>&#13;<br \/>\n<br \/>&#13;<br \/>\n El  2004 todav\u00eda lo tenemos muy fresco para recordar. <br \/>&#13;<br \/>\n <br \/>&#13;<br \/>\n Se dec\u00eda entonces, con tono  imperativo, que pod\u00edamos ganar, pero que no subir\u00edamos las escalinatas del  Palacio Nacional. Entonces advertimos: \u201cNo hay fuerza alguna capaz de detener a  un pueblo cuando \u00e9ste decide ser el arquitecto de su propio destino. Con el  respaldo del pueblo ganaremos las pr\u00f3ximas elecciones, y entonces tendr\u00e1n que  irse por las buenas,\u00a0 y si no, se ir\u00e1n  por las malas, porque de que se van, se van\u201d.<br \/>&#13;<br \/>\n <br \/>&#13;<br \/>\n Y  as\u00ed ocurri\u00f3. Se fueron, tranquilos, echados por el pueblo, con el anuncio del  primer bolet\u00edn de la\u00a0 Junta Central  Electoral.<br \/>&#13;<br \/>\n<br \/>&#13;<br \/>\n Ahora,  se ha tocado la campana para que subamos de nuevo al ring, y como siempre, el  candidato de los blancos aparece acompa\u00f1ado por un grupo coral de bravucones y  fanfarrones, especialistas en el ultraje, la infamia y el insulto.<br \/>&#13;<br \/>\n <br \/>&#13;<br \/>\n Y  mientras tanto, nosotros s\u00f3lo le hemos estado contemplando en lontananza. Observando  cada uno de sus movimientos, prestando atenci\u00f3n a sus pasos y siguiendo con  atenci\u00f3n, aunque con prudencia, el alcance de sus diatribas.\u00a0\u00a0 <br \/>&#13;<br \/>\n<br \/>&#13;<br \/>\n El  16 de mayo de este a\u00f1o es la fecha decisiva. Para eso nos hemos estado  preparando. Para eso nos hemos estado organizando en el Partido, junto a  nuestros aliados y las fuerzas externas que nos apoyan. <br \/>&#13;<br \/>\n<br \/>&#13;<br \/>\n Ahora, ya estamos  listos. Y por eso aqu\u00ed lo proclamamos una vez m\u00e1s: El Le\u00f3n del Partido de la  Liberaci\u00f3n Dominicana ya est\u00e1 en las calles y ruge de nuevo por todo el  territorio de la Rep\u00fablica. <br \/>&#13;<br \/>\n<br \/>&#13;<br \/>\nRuge en los campos y en las ciudades. Ruge en las  lomas y en los valles, y ese rugir no es m\u00e1s que un nuevo canto de victoria  para el Partido de la Liberaci\u00f3n Dominicana y un himno renovado de esperanza  para el pueblo dominicano.<br \/>&#13;<br \/>\n<br \/>&#13;<br \/>\nEn el a\u00f1o 2004,  en medio de una de las crisis m\u00e1s agudas y traum\u00e1ticas que hab\u00edan afectado la  sociedad dominicana, volvimos a dirigir los destinos de la naci\u00f3n.<br \/>&#13;<br \/>\n<br \/>&#13;<br \/>\nEn aquella  ocasi\u00f3n sostuvimos que retorn\u00e1bamos al Palacio Nacional para recuperar la  estabilidad macroecon\u00f3mica, activar el crecimiento del producto y reconquistar  la confianza de inversionistas y agentes econ\u00f3micos en general.<br \/>&#13;<br \/>\n<br \/>&#13;<br \/>\nAl cabo de casi  cuatro a\u00f1os podemos decir con orgullo: Pueblo Dominicano: misi\u00f3n cumplida.<br \/>&#13;<br \/>\n<br \/>&#13;<br \/>\nPorque  efectivamente, nadie puede regatearnos el que durante esta gesti\u00f3n de gobierno  el peso dominicano volvi\u00f3 a adquirir valor, el que las tasas de inter\u00e9s de los  pr\u00e9stamos bancarios bajaron de manera dram\u00e1tica, el que la inflaci\u00f3n se redujo  en forma abrupta y el que la econom\u00eda volvi\u00f3 a crecer, por encima inclusive, de  los niveles alcanzados durante nuestra primera gesti\u00f3n de gobierno.<br \/>&#13;<br \/>\n<br \/>&#13;<br \/>\n Pero si bien  esas metas han sido alcanzadas, todos sabemos que tanto en la naturaleza como  en la vida social, nada permanece est\u00e1tico, que todo est\u00e1 sujeto a un cambio  continuo; y justamente cuando en base al esfuerzo de todos empezamos a salir de  la crisis heredada del per\u00edodo 2000-2004, nuevos nubarrones se ciernen sobre el  horizonte, esta vez provocados por alteraciones en el \u00e1mbito internacional.<br \/>&#13;<br \/>\n<br \/>&#13;<br \/>\nDurante el a\u00f1o  reci\u00e9n pasado pudimos constatar el alza imparable de los precios del petr\u00f3leo  en los mercados internacionales, al punto de que en un momento dado lleg\u00f3 a  cotizarse hasta 100 d\u00f3lares el barril.<br \/>&#13;<br \/>\n<br \/>&#13;<br \/>\n\u00a1Imag\u00ednense Uds.  lo que habr\u00eda sido a 100 d\u00f3lares el barril de petr\u00f3leo durante el gobierno que  nos antecedi\u00f3!. \u00bfQu\u00e9 habr\u00eda ocurrido en este pa\u00eds?<br \/>&#13;<br \/>\n<br \/>&#13;<br \/>\nSin embargo, a  pesar del impacto que ha tenido en el precio de algunos\u00a0 art\u00edculos, a\u00fan a 100 d\u00f3lares, ni siquiera el  petr\u00f3leo\u00a0 ha podido alterar la  estabilidad de nuestra econom\u00eda, reconquistada durante este per\u00edodo  gubernamental.<br \/>&#13;<br \/>\n<br \/>&#13;<br \/>\nPero en  adici\u00f3n al precio del petr\u00f3leo, ahora se suman otros factores. Est\u00e1 la crisis  hipotecaria de los Estados Unidos, la cual ha generado p\u00e9rdidas por encima de  un trill\u00f3n de d\u00f3lares. Est\u00e1 la devaluaci\u00f3n del propio d\u00f3lar frente al euro, el  yen\u00a0 y otras monedas, y est\u00e1 tambi\u00e9n lo  que se estima como una inminente recesi\u00f3n de la econom\u00eda de los Estados Unidos.<br \/>&#13;<br \/>\n<br \/>&#13;<br \/>\n<br \/>&#13;<br \/>\nAl momento en  que la econom\u00eda dominicana, como consecuencia de las pol\u00edticas aplicadas  durante este per\u00edodo de gobierno, empezaba a fortalecerse, la econom\u00eda global  ha empezado a debilitarse.<br \/>&#13;<br \/>\n<br \/>&#13;<br \/>\nEso es al rev\u00e9s  de lo que ocurri\u00f3 durante la gesti\u00f3n anterior a la actual. En aquel momento la  econom\u00eda global estaba fuerte, mientras que la econom\u00eda nacional, por la  aplicaci\u00f3n de malas pol\u00edticas, entr\u00f3 en crisis.<br \/>&#13;<br \/>\n<br \/>&#13;<br \/>\nEn ning\u00fan  momento de la historia los pueblos han reemplazado a conductores serenos y  templados, que gu\u00edan con firmeza y seguridad la nave del Estado a trav\u00e9s de un  mar proceloso lleno de incertidumbre,\u00a0  por pseudo-capitanes improvisados, inexpertos y atiborrados de dudas. <br \/>&#13;<br \/>\n<br \/>&#13;<br \/>\nJam\u00e1s, bajo  ninguna circunstancia, los pueblos cambian lo seguro por aquello que les resulta  dudoso.<br \/>&#13;<br \/>\n<br \/>&#13;<br \/>\nEn estos  momentos de turbulencia financiera en el mundo, lo que m\u00e1s conviene a la  Rep\u00fablica Dominicana es consolidar sus logros obtenidos. Consolidar la estabilidad  de su econom\u00eda. <br \/>&#13;<br \/>\n<br \/>&#13;<br \/>\nContinuar con el crecimiento alcanzado. Controlar la inflaci\u00f3n.  Promover la creaci\u00f3n de empleos \u00a0y  mantener la confianza de los agentes econ\u00f3micos.<br \/>&#13;<br \/>\n<br \/>&#13;<br \/>\nEso es,  contrario a nuestros adversarios,\u00a0 lo que  durante dos per\u00edodos de gobierno ha hecho el PLD, y por eso podemos afirmar que  s\u00f3lo el Partido de la Liberaci\u00f3n Dominicana est\u00e1 en capacidad, en las actuales  circunstancias, de conducir al pueblo dominicano, en medio de tempestades,  truenos y rel\u00e1mpagos, a puerto seguro y tierra firme.<br \/>&#13;<br \/>\n<br \/>&#13;<br \/>\nCompa\u00f1eras y  Compa\u00f1eros, a pesar de los inmensos desaf\u00edos que constituyen para nuestro pa\u00eds  las actuales alteraciones, as\u00ed como las transformaciones, en sentido general,  de la econom\u00eda mundial, debemos indicar, sin embargo, que vemos con gran optimismo  el porvenir de la Rep\u00fablica Dominicana.<br \/>&#13;<br \/>\n<br \/>&#13;<br \/>\nCreemos  firmemente que ser\u00e1 durante el per\u00edodo 2008-2012, que empezar\u00e1 a dar sus frutos  el acuerdo de libre comercio entre los Estados Unidos, Centroam\u00e9rica y la  Rep\u00fablica Dominicana, y que, como resultado de ese acuerdo, se incrementar\u00e1 el  flujo de inversiones,\u00a0 de comercio y de  transferencia de tecnolog\u00eda hacia nuestro pa\u00eds.<br \/>&#13;<br \/>\n<br \/>&#13;<br \/>\nPor su posici\u00f3n  geogr\u00e1fica privilegiada, cercana a la costa Este de los Estados Unidos,  empresas de diversos pa\u00edses, de los propios Estados Unidos, de Europa, de Asia  y de Am\u00e9rica Latina, se instalar\u00e1n en nuestro territorio, para aprovechar desde  aqu\u00ed las ventajas del libre acceso al mercado norteamericano. <br \/>&#13;<br \/>\n<br \/>&#13;<br \/>\nPero el libre  acceso al m\u00e1s grande e importante mercado del mundo no ser\u00e1 suficiente para que  nuestro pa\u00eds obtenga todos los beneficios deseados,\u00a0 y convierta esa oportunidad en una fuente de  desarrollo. <br \/>&#13;<br \/>\n<br \/>&#13;<br \/>\nPara que el  libre comercio se convierta verdaderamente en un instrumento de prosperidad y  de progreso, se hace imprescindible la puesta en ejecuci\u00f3n de un plan nacional  de competitividad.<br \/>&#13;<br \/>\n<br \/>&#13;<br \/>\nDurante este  per\u00edodo de gobierno hemos estado trabajando intensamente en la elaboraci\u00f3n de  ese plan nacional de competitividad, y debemos decir que ya el plan existe;  inclusive, que lo hemos empezado a aplicar. Pero ser\u00e1, en verdad, a partir de  un pr\u00f3ximo per\u00edodo de gobierno que alcanzar\u00e1 su plena aplicaci\u00f3n.<br \/>&#13;<br \/>\n<br \/>&#13;<br \/>\nPor esa raz\u00f3n,  aqu\u00ed podemos afirmar\u00a0 que\u00a0 para que se aplique en toda su extensi\u00f3n en  la Rep\u00fablica Dominicana un verdadero plan nacional de competitividad, necesitamos  cuatro a\u00f1os m\u00e1s.<br \/>&#13;<br \/>\n<br \/>&#13;<br \/>\nPara que la  Rep\u00fablica Dominicana se convierta en un pa\u00eds exportador y se inserte plenamente  en los mercados internacionales, necesitamos cuatro a\u00f1os m\u00e1s.<br \/>&#13;<br \/>\n<br \/>&#13;<br \/>\nPara alcanzar la  convergencia de la industria local y las empresas de zonas francas, integradas  a la cadena global de valor, generando empleos productivos, bien remunerados,  necesitamos cuatro a\u00f1os m\u00e1s.<br \/>&#13;<br \/>\n<br \/>&#13;<br \/>\nPara crear un  sistema nacional de innovaci\u00f3n y desarrollo tecnol\u00f3gico, que contribuya a  incrementar la productividad y capacidad competitiva de nuestras empresas,  necesitamos cuatro a\u00f1os m\u00e1s.<br \/>&#13;<br \/>\n<br \/>&#13;<br \/>\nPara desarrollar  los clusters de textiles y confecciones, as\u00ed como de pieles y cueros,  necesitamos cuatro a\u00f1os m\u00e1s.<br \/>&#13;<br \/>\n<br \/>&#13;<br \/>\nPara hacer m\u00e1s  competitivas las medianas, peque\u00f1as y microempresas, ampliando el fondo de  pr\u00e9stamos de Promypime y construyendo los parques industriales que \u00e9stas  requieren para operar adecuadamente, necesitamos cuatro a\u00f1os m\u00e1s.<br \/>&#13;<br \/>\n<br \/>&#13;<br \/>\nPara garantizar  la demanda nacional de productos alimenticios, disminuir la pobreza y crear  empleos rurales, necesitamos cuatro a\u00f1os m\u00e1s.<br \/>&#13;<br \/>\n<br \/>&#13;<br \/>\nPara promover  los agro-negocios, desarrollando nuevos nichos de mercado, con productos como  el aguacate, el mango, la banana, el cacao, el caf\u00e9, el tabaco y otros,  necesitamos cuatro a\u00f1os m\u00e1s.<br \/>&#13;<br \/>\n<br \/>&#13;<br \/>\nPara continuar  fortaleciendo nuestro turismo, diversificar su oferta y mejorar su calidad,  necesitamos cuatro a\u00f1os m\u00e1s.<br \/>&#13;<br \/>\n<br \/>&#13;<br \/>\nPara impulsar el  \u00e1rea de la construcci\u00f3n, mejorar nuestra infraestructura f\u00edsica y acelerar el  proceso de modernizaci\u00f3n, necesitamos cuatro a\u00f1os m\u00e1s.<br \/>&#13;<br \/>\n<br \/>&#13;<br \/>\nHay una notable  diferencia con nuestros opositores, en lo que ata\u00f1e a la eficacia y el  compromiso con que se asumen las aspiraciones de avance y progreso de nuestra  poblaci\u00f3n.<br \/>&#13;<br \/>\n<br \/>&#13;<br \/>\nAl terminar  nuestro primer per\u00edodo de gobierno en el a\u00f1o 2000, hab\u00edamos dejado la  construcci\u00f3n del edificio de la Suprema Corte de Justicia en cerca de un 90 por  ciento.<br \/>&#13;<br \/>\n<br \/>&#13;<br \/>\nSe\u00f1ores, pasaron  cuatro a\u00f1os, y el entonces secretario de Obras P\u00fablicas no hizo lo que se llama  absolutamente nada.<br \/>&#13;<br \/>\n<br \/>&#13;<br \/>\nRegresamos al  gobierno en el 2004 y entregamos el edificio de la Suprema Corte en s\u00f3lo cuatro  meses.<br \/>&#13;<br \/>\n<br \/>&#13;<br \/>\nDejamos la  biblioteca de la Universidad Aut\u00f3noma de Santo Domingo en un 80 por ciento.  <br \/>&#13;<br \/>\n<br \/>&#13;<br \/>\nPasaron cuatro a\u00f1os, tiempo en se cursa una carrera completa de licenciatura,  \u00bfy saben algo? El entonces secretario de Obras P\u00fablicas no hizo nada.<br \/>&#13;<br \/>\n<br \/>&#13;<br \/>\n  Volvimos al  gobierno y a los pocos meses ya estaba lista la biblioteca.<br \/>&#13;<br \/>\n  <br \/>&#13;<br \/>\n  Dejamos en cerca  de un 80 por ciento el centro regional de la UASD en Santiago. Se\u00f1ores, pasaron  cuatro a\u00f1os, y el entonces secretario de Obras P\u00fablicas no hizo nada.\u00a0 \u00a0<br \/>&#13;<br \/>\n  <br \/>&#13;<br \/>\n  Al retornar al  gobierno, culminamos el centro regional de la UASD en Santiago, que ha  funcionado de manera tan ejemplar que ya est\u00e1 requiriendo de algunas  ampliaciones.<br \/>&#13;<br \/>\n  <br \/>&#13;<br \/>\n  Dejamos en  avanzado estado de construcci\u00f3n el centro regional de la UASD en Puerto Plata.  <br \/>&#13;<br \/>\n  <br \/>&#13;<br \/>\n  Pasaron cuatro a\u00f1os y el entonces secretario de Estado de Obras P\u00fablicas no  hizo nada.<br \/>&#13;<br \/>\n  <br \/>&#13;<br \/>\n  Se requiri\u00f3 que  el Partido de la Liberaci\u00f3n Dominicana volviese al gobierno para hacer entrega  a los j\u00f3venes de Puerto Plata su anhelado centro de educaci\u00f3n superior.<br \/>&#13;<br \/>\n  <br \/>&#13;<br \/>\n  Avanzamos en m\u00e1s  de un 60 por ciento la construcci\u00f3n del centro regional de la UASD en Nagua; y  se\u00f1ores, Uds. no lo van a creer, pero el entonces secretario de Estado de Obras  P\u00fablicas, una vez m\u00e1s, tampoco hizo nada.<br \/>&#13;<br \/>\n  <br \/>&#13;<br \/>\n  Ante tanto  incumplimiento y tanta ineficiencia, cualquiera se siente tentado a pensar que  hay un profundo desprecio hacia la Universidad Aut\u00f3noma de Santo Domingo y  hacia la juventud universitaria de nuestro pa\u00eds.<br \/>&#13;<br \/>\n  <br \/>&#13;<br \/>\n  De otra manera  no se explica como pudo haber habido tanta indiferencia y tanta indolencia  frente a obras que se encontraban en su fase de culminaci\u00f3n.<br \/>&#13;<br \/>\n  <br \/>&#13;<br \/>\n  Pero no  solamente fue en los proyectos de desarrollo de infraestructura de la UASD  donde hubo ineficiencia e incapacidad gerencial.<br \/>&#13;<br \/>\n  <br \/>&#13;<br \/>\n\u00bfQue alguien nos  explique qu\u00e9 pas\u00f3 con el puente Mauricio B\u00e1ez sobre el r\u00edo Higuamo en San Pedro  de Macor\u00eds?<br \/>&#13;<br \/>\n<br \/>&#13;<br \/>\nEse puente se  dej\u00f3 en el a\u00f1o 2000 sumamente avanzado, y a pesar de que buscaron 1 mil 100  millones de d\u00f3lares en bonos soberanos para supuestamente atender obras de  infraestructura, dejaron a los petromacorisanos esperando.<br \/>&#13;<br \/>\n<br \/>&#13;<br \/>\n\u00a0Porque, a decir verdad, en cuatro a\u00f1os, el  entonces secretario de Obras P\u00fablicas no hizo nada.<br \/>&#13;<br \/>\n<br \/>&#13;<br \/>\nEl Hospital de  los Alcarrizos. Tambi\u00e9n lo dejamos en el a\u00f1o 2000 pr\u00e1cticamente en su fase  final. <br \/>&#13;<br \/>\n<br \/>&#13;<br \/>\n Sin embargo, pasaron cuatro a\u00f1os, y el entonces secretario de Obras  P\u00fablicas no hizo nada.<br \/>&#13;<br \/>\n<br \/>&#13;<br \/>\nHa sido a esta  segunda gesti\u00f3n del Partido de la Liberaci\u00f3n Dominicana a la que le ha tocado el  honor y el privilegio de dejar inaugurado el hospital de esa localidad y de  Santo Domingo Oeste, para de esa manera satisfacer una necesidad sentida por los  moradores de esa localidad.<br \/>&#13;<br \/>\n<br \/>&#13;<br \/>\nPudiera  continuar con una larga lista de carreteras, puentes, escuelas, hospitales y  cl\u00ednicas rurales. Pero no les voy a agobiar. Creo que con los ejemplos  presentados podemos concluir que el Secretario de Estado de Obras P\u00fablicas del  anterior gobierno se caracteriz\u00f3 por una cualidad muy singular: nunca hizo  nada.<br \/>&#13;<br \/>\n<br \/>&#13;<br \/>\nPero para que  puedan Uds. apreciar definitivamente la diferencia con nuestros adversarios  pol\u00edticos, debo recordarles las cr\u00edticas \u00e1cidas y descompuestas que hac\u00edan a la  construcci\u00f3n de los elevados y t\u00faneles de las principales avenidas de la ciudad  de Santo Domingo.<br \/>&#13;<br \/>\n<br \/>&#13;<br \/>\nLlegaron hasta a  amenazar que si llegaban al gobierno los sembrar\u00edan de pl\u00e1tanos y batatas.<br \/>&#13;<br \/>\n<br \/>&#13;<br \/>\nImag\u00ednense Uds.,  ese t\u00fanel de la Avenida 27 de Febrero sembrado de batatas. \u00a1Qu\u00e9 espect\u00e1culo m\u00e1s  horroroso!<br \/>&#13;<br \/>\n<br \/>&#13;<br \/>\nPero, no. Al  instalarse en el gobierno, de repente, cambiaron de opini\u00f3n. Decidieron  entonces que har\u00edan el elevado m\u00e1s grande de la ciudad. Ir\u00eda desde Villa Mella  hasta la Avenida San Mart\u00edn. Empezaron la construcci\u00f3n y las varillas no  pasaron del suelo.<br \/>&#13;<br \/>\n<br \/>&#13;<br \/>\nPiensen Uds.,  \u00bfqu\u00e9 elevado puede ser ese que no pasa del suelo?<br \/>&#13;<br \/>\n<br \/>&#13;<br \/>\nSin duda, debe  ser un elevado muy peculiar, extra\u00f1o, sorprendente, misterioso. Pero ese fue el  elevado que concibi\u00f3 el entonces secretario de de Obras P\u00fablicas, que parece  tener una cualidad especial: es tan at\u00edpico como su antiguo jefe. <br \/>&#13;<br \/>\n<br \/>&#13;<br \/>\nNos criticaron  para despu\u00e9s intentar copiarnos. Pero ni siquiera saben copiar bien. Porque  all\u00ed donde fracasaron en construir un elevado, hoy se levanta el Metro de Santo  Domingo, el que ya viene por ah\u00ed para iniciar la revoluci\u00f3n del transporte en  la Rep\u00fablica Dominicana.<br \/>&#13;<br \/>\n<br \/>&#13;<br \/>\nPara que  contin\u00fae el progreso y la prosperidad del pueblo dominicano, durante el per\u00edodo  2008-2012, continuaremos llevando a cabo diversos proyectos de desarrollo de  infraestructura.<br \/>&#13;<br \/>\n<br \/>&#13;<br \/>\nEn la regi\u00f3n  Este, terminaremos la carretera San Pedro-La Romana. Construiremos la  Circunvalaci\u00f3n de La Romana, la carretera El Coral, la Autov\u00eda del Este, el  bulevar del Este y la carretera Macao-Miches- Sabana de la Mar.<br \/>&#13;<br \/>\n<br \/>&#13;<br \/>\nComo parte del  plan que iniciar\u00e1 el Instituto Nacional de Desarrollo Tur\u00edstico, creado en este  gobierno, se construir\u00e1 un nuevo puerto en Sabana de la Mar para conectarse a  trav\u00e9s de un ferry con Saman\u00e1.<br \/>&#13;<br \/>\n<br \/>&#13;<br \/>\nDe la misma  manera, con la construcci\u00f3n de la carretera que unir\u00e1 a Monte Cristi con Puerto  Plata, pasando por Luper\u00f3n, el desarrollo tur\u00edstico de la costa Norte  continuar\u00e1 expandi\u00e9ndose.<br \/>&#13;<br \/>\n<br \/>&#13;<br \/>\nSe ejecutar\u00e1n  proyectos de infraestructura para el desarrollo tur\u00edstico de las provincias  Mar\u00eda Trinidad S\u00e1nchez, Hato Mayor, El Seybo, San Crist\u00f3bal, Peravia, Azua,  Barahona y de los municipios de Monci\u00f3n, San Jos\u00e9 de las Matas, J\u00e1nico,  Jarabacoa, Constanza y Ocoa.\u00a0 <br \/>&#13;<br \/>\n<br \/>&#13;<br \/>\nEn la regi\u00f3n  Norte, se terminar\u00e1 la construcci\u00f3n de la Circunvalaci\u00f3n de Santiago, la ampliaci\u00f3n  a cuatro carriles de la carretera Navarrete-Puerto Plata, la variante vial para  el reordenamiento de Cabarete, en Puerto Plata y la construcci\u00f3n del Malec\u00f3n de  Nagua, la carretera Mao-Santigo Rodr\u00edguez y la carretera San Francisco-Nagua.<br \/>&#13;<br \/>\n<br \/>&#13;<br \/>\nEn el Sur, es  nuestro compromiso terminar la carretera San Crist\u00f3bal-Ban\u00ed, la carretera Cruce  de Ocoa-Ocoa, la de San Juan-Las Matas-Elias Pi\u00f1a y la Circunvalaci\u00f3n de Ban\u00ed.<br \/>&#13;<br \/>\n<br \/>&#13;<br \/>\nEn Santo Domingo  y el Distrito Nacional, para descongestionar el tr\u00e1nsito que actualmente se  produce, ser\u00e1 imprescindible desarrollar el Corredor Duarte.<br \/>&#13;<br \/>\n<br \/>&#13;<br \/>\nEste corredor  abarca una longitud de 36.5 kil\u00f3metros, y se extiende desde la entrada de los  Alcarrizos, Autopista Duarte, John F. Kennedy, V Centenario, Padre Castellanos,  San Vicente de Pa\u00fal hasta la Autopista Las Am\u00e9ricas.<br \/>&#13;<br \/>\n<br \/>&#13;<br \/>\nDurante el  per\u00edodo 1996-2000, iniciamos la construcci\u00f3n de este corredor y se construyeron  los elevados de la Winston Churchill, Abraham Lincoln, Ortega y Gasset y el  t\u00fanel de la M\u00e1ximo G\u00f3mez.<br \/>&#13;<br \/>\n<br \/>&#13;<br \/>\nEn este per\u00edodo  de gobierno, 2004-2008, se construy\u00f3 el elevado de los Alcarrizos y para el  pr\u00f3ximo gobierno, 2008-2012, nos proponemos completar este corredor y  construiremos:<br \/>&#13;<br \/>\n<br \/>&#13;<br \/>\nPrimero, el  elevado de Manoguayabo, que permitir\u00e1 evitar el congestionamiento vehicular que  se produce en esa intersecci\u00f3n, la cual maneja un flujo de 98,950 veh\u00edculos  diarios.<br \/>&#13;<br \/>\n<br \/>&#13;<br \/>\nSegundo, el  Viaducto de la N\u00fa\u00f1ez de\u00a0 C\u00e1ceres,  Teleantillas, el cual dar\u00e1 soluci\u00f3n al tr\u00e1fico vehicular en dos intersecciones:  Avenida John F. Kennedy con Avenida N\u00fa\u00f1ez de C\u00e1ceres y la Avenida John F.  Kennedy con Dr. Defill\u00f3, logrando que el tr\u00e1nsito, de 90 mil veh\u00edculos por d\u00eda,  sea m\u00e1s flu\u00eddo, evitando entaponamientos, ahorro de combustible y tiempo de los  usuarios.<br \/>&#13;<br \/>\n<br \/>&#13;<br \/>\nTercero, el  Viaducto de la Avenida Padre Castellanos, el cual dar\u00e1 soluci\u00f3n a 150 mil  veh\u00edculos por d\u00eda que circulan por esa avenida y se construir\u00e1 en cuatro  carriles.<br \/>&#13;<br \/>\n<br \/>&#13;<br \/>\nCuarto, La  construcci\u00f3n de los nuevos puentes paralelos, desde la Manuela Diez al puente  de la 17.<br \/>&#13;<br \/>\n<br \/>&#13;<br \/>\nQuinto, el  Viaducto San Vicente de Pa\u00fal, Avenida Las Am\u00e9ricas, la cual maneja un tr\u00e1nsito  de 200 mil veh\u00edculos por d\u00eda; y Sexto, la  construcci\u00f3n del elevado de la Charles De Gaulle con la Autopista de San Isidro  y con la carretera Mella.<br \/>&#13;<br \/>\n<br \/>&#13;<br \/>\nEn raz\u00f3n de la  importancia del agua potable, \u00e9ste ser\u00e1 un tema que recibir\u00e1 especial atenci\u00f3n  durante el pr\u00f3ximo per\u00edodo de gobierno. Nos proponemos construir cerca de cien  nuevos acueductos y sistemas de alcantarillados en las provincias de Azua,  Bahoruco, Barahona, Dajab\u00f3n, Duarte, El Seybo, El\u00edas Pi\u00f1a, Espaillat, Hato  Mayor, La Altagracia, La Romana, La Vega, Mar\u00eda Trinidad S\u00e1nchez, Monse\u00f1or Nouel,  Monte Plata, Monte Cristi, Peravia, Puerto Plata, Hermanas Mirabal, Saman\u00e1, San  Crist\u00f3bal, San Juan, San Pedro de Macor\u00eds, S\u00e1nchez Ram\u00edrez y Santiago.<br \/>&#13;<br \/>\n<br \/>&#13;<br \/>\nPor supuesto,  para la realizaci\u00f3n de todos esos proyectos en beneficio del pueblo dominicano,  necesitamos cuatro a\u00f1os m\u00e1s.<br \/>&#13;<br \/>\n<br \/>&#13;<br \/>\n  Ahora bien, el  objetivo fundamental de todos nuestros esfuerzos radica en promover el  desarrollo humano, en erradicar el hambre, la miseria, la pobreza y la  desigualdad social.<br \/>&#13;<br \/>\n  <br \/>&#13;<br \/>\n  Todo cuanto  hacemos carecer\u00eda de sentido si la meta final no fuese mejorar la condici\u00f3n  humana, tanto material como espiritual, de los dominicanos.<br \/>&#13;<br \/>\n  <br \/>&#13;<br \/>\n  Estamos  conscientes, sin embargo, que nada de eso ocurre en forma autom\u00e1tica. No es  suficiente que haya estabilidad y crecimiento de la econom\u00eda. Esos son factores  b\u00e1sicos, esenciales, pero no determinantes para que la expansi\u00f3n de la econom\u00eda  se traduzca en prosperidad y bienestar para las personas.<br \/>&#13;<br \/>\n  <br \/>&#13;<br \/>\n  Para que se  produzca una relaci\u00f3n entre crecimiento de la econom\u00eda y bienestar social, se  requiere que de parte de las autoridades gubernamentales se dise\u00f1en y apliquen,  de manera deliberada, pol\u00edticas p\u00fablicas orientadas en esa direcci\u00f3n.<br \/>&#13;<br \/>\n  <br \/>&#13;<br \/>\n  Eso es lo que  hemos estado haciendo durante nuestros dos per\u00edodos de gobierno y es lo que nos  proponemos enfatizar a\u00fan m\u00e1s durante los pr\u00f3ximos cuatro a\u00f1os,\u00a0 en el caso de ser favorecidos, como  esperamos, con el respaldo de las grandes mayor\u00edas nacionales.<br \/>&#13;<br \/>\n  <br \/>&#13;<br \/>\n  Para avanzar en  nuestra lucha por la eliminaci\u00f3n de la pobreza en la Rep\u00fablica Dominicana,\u00a0 proponemos la realizaci\u00f3n de un pacto social  de car\u00e1cter incluyente, en favor de las ni\u00f1as, ni\u00f1os y adolescentes; de los  j\u00f3venes; de las mujeres; de los envejecientes y en\u00a0 favor de los discapacitados.\u00a0\u00a0 <br \/>&#13;<br \/>\n  <br \/>&#13;<br \/>\n  Proponemos que  este sea el tiempo de la solidaridad. De solidaridad con los pobres. De solidaridad  con las madres jefas de hogar en estado de pobreza. De solidaridad con los desplazados  y damnificados.<br \/>&#13;<br \/>\n  <br \/>&#13;<br \/>\n  Al terminar el  a\u00f1o 2007, el componente Comer es Primero del Programa de Solidaridad otorgaba  550 pesos al mes a 300 mil hogares pobres, esto es, a un mill\u00f3n quinientos mil  dominicanos, contando un promedio de cinco personas por hogar.<br \/>&#13;<br \/>\n  <br \/>&#13;<br \/>\n  Eso es algo que  no hab\u00eda hecho ning\u00fan gobierno en la historia de la Rep\u00fablica Dominicana. S\u00f3lo  el Partido de la Liberaci\u00f3n Dominicana ha sabido colocarse a la altura de las  expectativas y esperanzas de nuestro pueblo.<br \/>&#13;<br \/>\n  <br \/>&#13;<br \/>\n  A partir de este  mes de enero del 2008, se ha iniciado la distribuci\u00f3n de 100 mil nuevas  tarjetas, las cuales se destinar\u00e1n, de manera preferente, a los hogares pobres  afectados por las tormentas Noel y Olga.<br \/>&#13;<br \/>\n  <br \/>&#13;<br \/>\n  A partir del  nuevo gobierno, o sea, a partir del 16 de agosto de este a\u00f1o, se iniciar\u00e1 la  ampliaci\u00f3n de la cobertura del programa hasta alcanzar 600 mil hogares pobres,  o sea, tres millones de personas en condiciones de pobreza.<br \/>&#13;<br \/>\n  <br \/>&#13;<br \/>\n  Pero, para  lograr eso, necesitamos cuatro a\u00f1os m\u00e1s.<br \/>&#13;<br \/>\n  <br \/>&#13;<br \/>\n  Haremos  transferencia de dinero a madres o embarazadas pobres entre 13 y 18 a\u00f1os de  edad que se comprometan a retomar y terminar los estudios en el \u00faltimo nivel  cursado, asistir a charlas de orientaci\u00f3n y a un centro de cuidado materno  infantil.<br \/>&#13;<br \/>\n  <br \/>&#13;<br \/>\n  Otorgaremos  recursos en dinero a los mayores de 65 a\u00f1os de edad, o jefes de hogares pobres  cubiertos por el programa de solidaridad, siempre que no est\u00e9n recibiendo una  pensi\u00f3n ni se encuentren laborando. <br \/>&#13;<br \/>\n  <br \/>&#13;<br \/>\n  Les ser\u00e1  suministrado tambi\u00e9n medicamentos gratuitos a trav\u00e9s de las Farmacias del  Pueblo, hasta que se aplique en su totalidad el sistema de seguridad social.<br \/>&#13;<br \/>\n  <br \/>&#13;<br \/>\n  Iguales planes  se ejecutar\u00e1n para los discapacitados, as\u00ed como a los desplazados y  damnificados jefes de hogares pobres.<br \/>&#13;<br \/>\n  <br \/>&#13;<br \/>\n  Para el a\u00f1o  pr\u00f3ximo, esto es, para el 2009, nos proponemos aumentar el monto del programa  Comer es Primero de 550 a 700 pesos mensuales. Todo eso revela el compromiso  real que el Partido de la Liberaci\u00f3n Dominicana ha asumido con la reducci\u00f3n de  la pobreza en nuestro pa\u00eds y el cumplimiento de los Objetivos de Desarrollo del  Milenio. <br \/>&#13;<br \/>\n  <br \/>&#13;<br \/>\n  Pero todo eso  requiere del respaldo del pueblo dominicano en las urnas el pr\u00f3ximo 16 de mayo.  Por eso necesitamos que se nos conceda, cuatro a\u00f1os m\u00e1s.<br \/>&#13;<br \/>\n  <br \/>&#13;<br \/>\n  En el \u00e1rea de  educaci\u00f3n, es un objetivo fundamental de un pr\u00f3ximo gobierno del Partido de la  Liberaci\u00f3n Dominicana, declarar gratuita y obligatoria la educaci\u00f3n dominicana  hasta el duod\u00e9cimo grado.<br \/>&#13;<br \/>\n  <br \/>&#13;<br \/>\n  Eso nunca se ha  logrado en la historia de nuestro pa\u00eds, que la educaci\u00f3n sea gratuita y  obligatoria hasta la terminaci\u00f3n del bachillerato.<br \/>&#13;<br \/>\n  <br \/>&#13;<br \/>\n  Eso es motivo  m\u00e1s que suficiente para que nos esforcemos en obtener un rotundo triunfo  electoral el pr\u00f3ximo 16 de mayo.<br \/>&#13;<br \/>\n  <br \/>&#13;<br \/>\n  Pero, de igual  manera, nos proponemos ampliar el Programa de Bachillerado  Acelerado para Adultos (PREPARA) de 80,000 a 200, 000 participantes y promover el  programa de Bachillerato por Internet o Bachinet, a trav\u00e9s del Despacho de la  Primera Dama.<br \/>&#13;<br \/>\n  <br \/>&#13;<br \/>\n  Incrementaremos  el n\u00famero de Centros de Excelencia del Nivel Medio a por lo menos uno por cada  provincia del pa\u00eds (28 centros) a fin de promover la excelencia acad\u00e9mica y la  sana competencia en este nivel. <br \/>&#13;<br \/>\n  <br \/>&#13;<br \/>\n  Construiremos,  reconstruiremos y rehabilitaremos cerca de 17 mil aulas \u00a0en edificaciones dise\u00f1adas adecuadamente, con  secciones de no m\u00e1s de 30 estudiantes, en planteles con no m\u00e1s de dos tandas  por d\u00eda.<br \/>&#13;<br \/>\n  <br \/>&#13;<br \/>\n  Elevaremos  la oferta de Educaci\u00f3n T\u00e9cnico Profesional a nivel nacional con la creaci\u00f3n de  40 nuevos polit\u00e9cnicos para ingresar\u00a0 80  mil nuevos estudiantes del bachillerato.<br \/>&#13;<br \/>\n  <br \/>&#13;<br \/>\n  Incrementaremos  \u00a0de 300 mil \u00a0a 600 mil beneficiarios el programa de apoyo a  estudiantes procedentes de las familias de menores ingresos mediante la entrega  de uniformes, calzados, \u00fatiles escolares, mochilas, etc., con el prop\u00f3sito de  garantizar el acceso y la permanencia en la escuela y elevar su rendimiento.<br \/>&#13;<br \/>\n  <br \/>&#13;<br \/>\n  Incrementaremos,  asimismo, el programa de Alimentaci\u00f3n Escolar a dos millones de raciones  diarias, con una inversi\u00f3n anual de 4,680 millones de pesos.<br \/>&#13;<br \/>\n  <br \/>&#13;<br \/>\n  Distribuiremos  gratuitamente cada a\u00f1o 21 millones de unidades de libros de texto a toda la  poblaci\u00f3n estudiantil del sector p\u00fablico. <br \/>&#13;<br \/>\n  <br \/>&#13;<br \/>\n  Continuaremos  \u00a0el proceso de reducci\u00f3n de la brecha  digital entre los diferentes sectores del pa\u00eds, garantizando por lo menos tres  horas semanales de acceso a Internet a toda la poblaci\u00f3n estudiantil del sector  p\u00fablico.<br \/>&#13;<br \/>\n  <br \/>&#13;<br \/>\n  Instalaremos  4,740 Laboratorios de Inform\u00e1tica e igual cantidad de Bibliotecas en los  centros educativos del Nivel B\u00e1sico.<br \/>&#13;<br \/>\n  <br \/>&#13;<br \/>\n  Construiremos  240 nuevos laboratorios de Ciencias de la Naturaleza e igual n\u00famero de  Laboratorios de Inform\u00e1tica para el Nivel Medio.<br \/>&#13;<br \/>\n  <br \/>&#13;<br \/>\n  En  lo que respecta a la Educaci\u00f3n Superior, otorgaremos 30 mil becas para estudios  universitarios, en el pa\u00eds, a j\u00f3venes meritorios, preferiblemente de escasos  recursos econ\u00f3micos. <br \/>&#13;<br \/>\n  <br \/>&#13;<br \/>\n  Otorgaremos  10 mil becas internacionales para estudios universitarios en \u00e1reas prioritarias  para el desarrollo del pa\u00eds. <br \/>&#13;<br \/>\n  <br \/>&#13;<br \/>\n  Apoyaremos  la formaci\u00f3n de 2 mil becas para estudios de doctorados o Phd en diferentes  \u00e1reas del conocimiento. <br \/>&#13;<br \/>\n  <br \/>&#13;<br \/>\n  Otorgaremos  8 mil becas a estudiantes para estudios en institutos t\u00e9cnicos comunitarios  (Community Colleges) y 40 mil para estudios de ingl\u00e9s bajo el sistema de  inmersi\u00f3n.<br \/>&#13;<br \/>\n  <br \/>&#13;<br \/>\n  Distribuiremos  50 mil tarjetas Joven Universitario, con una cobertura de RD$400 pesos  mensuales. <br \/>&#13;<br \/>\n  <br \/>&#13;<br \/>\n  Haremos  entrega de autobuses para el trasporte de estudiantes universitarios del  interior del pa\u00eds, y aplicaremos el subsidio al transporte estudiantil, tanto  para el metro de Santo Domingo, como para el sistema de autobuses. <br \/>&#13;<br \/>\n  <br \/>&#13;<br \/>\n  Crearemos  incentivos a la innovaci\u00f3n y desarrollo tecnol\u00f3gico para la Competitividad. <br \/>&#13;<br \/>\n  <br \/>&#13;<br \/>\n  Continuaremos  apoyando al Instituto Tecnol\u00f3gico de las Am\u00e9ricas, ITLA y al Parque  Cibern\u00e9tico. <br \/>&#13;<br \/>\n  <br \/>&#13;<br \/>\n  Ampliaremos y fortaleceremos el programa de Centros Tecnol\u00f3gicos  Comunitarios \u00a0y pondremos en ejecuci\u00f3n el  Plan Estrat\u00e9gico de Ciencia, Tecnolog\u00eda e Innovaci\u00f3n. <br \/>&#13;<br \/>\n  <br \/>&#13;<br \/>\n  Como  habr\u00e1n podido ustedes darse cuenta, de nada de eso hablan nuestros opositores.  La raz\u00f3n es clara. Carecen de una visi\u00f3n de futuro. No tienen un proyecto de  naci\u00f3n y s\u00f3lo piensan en la conquista del poder para la satisfacci\u00f3n de  aspiraciones personales. <br \/>&#13;<br \/>\n  <br \/>&#13;<br \/>\n  Por  eso es tan importante fortalecer una mayor\u00eda electoral. Por eso es tan de vital  trascendencia, que el pr\u00f3ximo 16 de mayo el pueblo acuda masivamente a las  urnas y respalde, en forma militante al Partido de la Liberaci\u00f3n Dominicana,  para que as\u00ed podamos obtener una victoria contundente, apabullante en la  primera vuelta electoral. <br \/>&#13;<br \/>\n  <br \/>&#13;<br \/>\n  Estoy  convencido que as\u00ed ser\u00e1, y de esa manera, podremos desarrollar durante los  pr\u00f3ximos 4 a\u00f1os nuestro programa en las \u00e1reas de cultura, deportes, recreaci\u00f3n  f\u00edsica y salud y seguridad social a favor de todos los Dominicanos. <br \/>&#13;<br \/>\n  <br \/>&#13;<br \/>\n  Durante  el per\u00edodo 2008-2012 nos proponemos impulsar el plan de promoci\u00f3n del libro y  la lectura, establecer un sistema nacional de bibliotecas, que consistir\u00e1 en  poner en funcionamiento una biblioteca en cada provincia. <br \/>&#13;<br \/>\n  <br \/>&#13;<br \/>\n  Fortaleceremos  el sistema nacional de museos, la promoci\u00f3n de la cultura popular, la difusi\u00f3n  de realizaciones cinematogr\u00e1ficas, la creaci\u00f3n de orquestas sinf\u00f3nicas  juveniles y bandas musicales en cada provincia, el fomento de la artesan\u00eda, de  las artes visuales, y la recuperaci\u00f3n de nuestro patrimonio cultural.<br \/>&#13;<br \/>\n  <br \/>&#13;<br \/>\n  En  lo concerniente a los deportes propiciaremos una pol\u00edtica de deportes para todos:  para ni\u00f1os, para j\u00f3venes, para envejecientes y discapacitados. <br \/>&#13;<br \/>\n  <br \/>&#13;<br \/>\n  Prestaremos  especial atenci\u00f3n al deporte de competici\u00f3n y alto rendimiento. <br \/>&#13;<br \/>\n  <br \/>&#13;<br \/>\n  Terminaremos,  a nivel nacional, la construcci\u00f3n de los polideportivos, la reparaci\u00f3n de los  plays de baseball y la rehabilitaci\u00f3n de todas las canchas deportivas  averiadas. <br \/>&#13;<br \/>\n  <br \/>&#13;<br \/>\n  Se  promover\u00e1n los juegos provinciales, los juegos barriales, los  interuniversitarios y los juegos nacionales. <br \/>&#13;<br \/>\n  <br \/>&#13;<br \/>\n  Y  por supuesto, nos comprometemos desde ya a apoyar con fervor y entusiasmo a las  Aguilas Cibae\u00f1as, actuales campeones nacionales de baseball, para que en la  pr\u00f3xima Serie del Caribe, pongan en alto la bandera tricolor de la Rep\u00fablica  Dominicana. <br \/>&#13;<br \/>\n  <br \/>&#13;<br \/>\n  Uno  de los grandes retos que enfrentamos como naci\u00f3n para garantizar el bienestar  social a la sociedad dominicana, es el que se refiere a la salud y al sistema  de seguridad social. <br \/>&#13;<br \/>\n  <br \/>&#13;<br \/>\n  En  tal virtud, constituye una meta de un pr\u00f3ximo gobierno del PLD incrementar la  esperanza de vida de nuestros compatriotas a 72 a\u00f1os de edad, reducir la  mortalidad materna a 80 por cada 100 mil nacidos vivos, y disminuir la  mortalidad infantil a 25 por cada mil nacidos vivos. <br \/>&#13;<br \/>\n  <br \/>&#13;<br \/>\n  Constituyen  igualmente objetivos de alta prioridad, lograr una cobertura de inmunizaci\u00f3n de  90 por ciento en todos los municipios del pa\u00eds, reducir la incidencia de la  malaria a menos de 10 casos por 100 mil personas, y disminuir la incidencia del  dengue. Apliaremos el programa de distribuci\u00f3n de medicamentos e instalaci\u00f3n de  Farmacias del Pueblo a trav\u00e9s de Promese.<br \/>&#13;<br \/>\n  <br \/>&#13;<br \/>\n  Aspiramos  al pleno funcionamiento del Sistema de Seguridad Social, en todas sus  modalidades, lo cual, por vez primera en la historia nacional permitir\u00e1 el  acceso de toda la poblaci\u00f3n a un sistema de salud equitativo, solidario y de  calidad.<br \/>&#13;<br \/>\n  <br \/>&#13;<br \/>\n  No  escapa a nuestra atenci\u00f3n el conjunto de grandes retos y desaf\u00edos a los que  inici\u00e1ndose el Siglo XXI tiene que enfrentarse la Republica Dominicana. Algunos  de esos retos se corresponden con la deuda social acumulada de nuestra  sociedad, a la que en alg\u00fan momento hemos denominado como la etapa inconclusa  de la Era Industrial.<br \/>&#13;<br \/>\n  <br \/>&#13;<br \/>\n  Al  mismo tiempo, hay otra agenda de desarrollo, que se relaciona con la actual Era  de la Globalizaci\u00f3n, la interdependencia y la revoluci\u00f3n tecnol\u00f3gica. <br \/>&#13;<br \/>\n  <br \/>&#13;<br \/>\n  Es  en la capacidad de enfrentar ambas agendas simult\u00e1neamente donde radican  nuestras verdaderas posibilidades de desarrollo sostenible. <br \/>&#13;<br \/>\n  <br \/>&#13;<br \/>\n  Aun  tenemos en la Rep\u00fablica Dominicana graves problemas en el sector energ\u00e9tico,  muy especialmente en el subsector el\u00e9ctrico, en el \u00e1rea de viviendas y  asentamientos humanos,\u00a0 en el de la  preservaci\u00f3n del medio ambiente y los recursos naturales, as\u00ed como en el de la  seguridad ciudadana.<br \/>&#13;<br \/>\n  <br \/>&#13;<br \/>\n  Constituye  un imperativo impostergable el que durante los pr\u00f3ximos cuatro a\u00f1os le pongamos  fin, definitivamente a la era de los apagones en nuestro pa\u00eds. M\u00e1s all\u00e1 del  2012, no habr\u00eda manera de justificar interrupciones en el servicio el\u00e9ctrico en  la Rep\u00fablica Dominicana. <br \/>&#13;<br \/>\n  <br \/>&#13;<br \/>\n  Trabajaremos  en la sustituci\u00f3n del tipo de combustibles que se utilizan en la generaci\u00f3n de  energ\u00eda para disminuir sus costos de producci\u00f3n. <br \/>&#13;<br \/>\n  <br \/>&#13;<br \/>\n  La  disminuci\u00f3n del costo de generaci\u00f3n de energ\u00eda deber\u00e1 producir una reducci\u00f3n en  el pago de la tarifa de los usuarios. <br \/>&#13;<br \/>\n  <br \/>&#13;<br \/>\n  Promoveremos  la exploraci\u00f3n de hidrocarburos. Seremos rigurosos en la aplicaci\u00f3n del plan de  conservaci\u00f3n y ahorro de energ\u00eda. Iniciaremos pr\u00f3ximamente el plan de uso de  gas natural vehicular. Procuraremos ser menos dependientes de combustibles  f\u00f3siles. Impulsaremos el uso de las energ\u00edas renovables, especialmente la  energ\u00eda e\u00f3lica, solar y de biocombustibles, e intensificaremos el programa de  sustituci\u00f3n de bombillos incandescentes por bombillos fluorescentes. <br \/>&#13;<br \/>\n  <br \/>&#13;<br \/>\n  Por  otro lado, se hace tambi\u00e9n necesario detener el crecimiento del d\u00e9ficit habitacional,  a trav\u00e9s de la construcci\u00f3n de 200 mil nuevas soluciones habitacionales durante  el pr\u00f3ximo cuatrienio. <br \/>&#13;<br \/>\n  <br \/>&#13;<br \/>\n  Se  requiere incentivar la producci\u00f3n de esas soluciones habitacionales con la  participaci\u00f3n del sector privado, para familias de ingresos medios y bajos, en  las distintas ciudades del territorio nacional, ampliando los programas de subsidio  habitacional directo.<br \/>&#13;<br \/>\n  <br \/>&#13;<br \/>\n  Estimularemos  la aprobaci\u00f3n de la Ley de Viviendas y Asentamientos Humanos para definir las  pol\u00edticas y el marco regulatorio de este sector, y procederemos a revisar y  adecuar la Ley de Alquileres como forma de lograr la disminuci\u00f3n del d\u00e9ficit al  que hemos hecho referencia. <br \/>&#13;<br \/>\n  <br \/>&#13;<br \/>\n  En  el \u00e1rea de medio ambiente y recursos naturales, reformularemos nuestra pol\u00edtica  en relaci\u00f3n a la estrategia nacional de conservaci\u00f3n y uso sostenible de la  biodiversidad, el manejo y uso de espacios costeros y marinos, adaptaci\u00f3n y  reducci\u00f3n de vulnerabilidad al cambio clim\u00e1tico, el manejo integrado de cuencas  y el control de la contaminaci\u00f3n y emisiones atmosf\u00e9ricas. <br \/>&#13;<br \/>\n  <br \/>&#13;<br \/>\n  Apoyaremos  y promoveremos la aprobaci\u00f3n de leyes sectoriales y especiales sobre ordenamiento  territorial, bosque, agua, biodiversidad, seguridad de la biotecnolog\u00eda, manejo  de residuos s\u00f3lidos peligrosos, as\u00ed como la reforma de la Ley Sectorial de  Areas Protegidas.<br \/>&#13;<br \/>\n  <br \/>&#13;<br \/>\n  Desarrollaremos  programas y proyectos para revertir los procesos de erosi\u00f3n, empobrecimiento,  salinizaci\u00f3n, compactaci\u00f3n y esterilizaci\u00f3n de los suelos de la Rep\u00fablica  Dominicana; y consolidaremos el Plan Nacional de Quisqueya Verde, ampliando su  cobertura en el territorio nacional con \u00e9nfasis en \u00e1reas cr\u00edticas y zonas  rurales deprimidas. <br \/>&#13;<br \/>\n  <br \/>&#13;<br \/>\n  As\u00ed  se hace Patria. As\u00ed se construye un pa\u00eds. Cu\u00e1nta diferencia entre el Partido de  la Liberaci\u00f3n Dominicana y las otras fuerzas pol\u00edticas que en base al enga\u00f1o,  la irresponsabilidad y la demagogia, pretenden confundir al pueblo dominicano y  desviarlo en sus esfuerzos por la construcci\u00f3n de un mejor destino. <br \/>&#13;<br \/>\n  <br \/>&#13;<br \/>\n  Pero  as\u00ed como nos preocupamos por proteger la naturaleza y nuestro entorno, tambi\u00e9n  se hace necesario cumplir con el m\u00e1s sagrado deber de todo Estado Moderno: la  protecci\u00f3n y seguridad de sus ciudadanos. <br \/>&#13;<br \/>\n  <br \/>&#13;<br \/>\n  La  tasa de criminalidad sobre 100 mil habitantes era en el a\u00f1o 2004 igual a 25.2. Al  iniciarse el Plan de Seguridad Democr\u00e1tica en el 2005, se hab\u00eda situado en  26.4.<br \/>&#13;<br \/>\n  <br \/>&#13;<br \/>\n  Sin  embargo, al finalizar el a\u00f1o 2007 ya hab\u00eda disminuido a 22.<br \/>&#13;<br \/>\n  <br \/>&#13;<br \/>\n  Con  el Plan de Seguridad Democr\u00e1tica se ha venido atacando la tasa de criminalidad  creada por la violencia y la delincuencia. El programa m\u00e1s decisivo ha sido el  de la reforma y modernizaci\u00f3n de la Polic\u00eda Nacional, el cual ha puesto a esa  instituci\u00f3n a realizar una reestructuraci\u00f3n para dejar definida sus 6 grandes  \u00e1reas de trabajo: prevenci\u00f3n, investigaci\u00f3n criminal, inteligencia delictiva,  formaci\u00f3n acad\u00e9mica, asuntos internos y \u00e1rea administrativa. <br \/>&#13;<br \/>\n  <br \/>&#13;<br \/>\n  Para  una pr\u00f3xima gesti\u00f3n de gobierno, nos proponemos profundizar el proceso de  modernizaci\u00f3n y reforma de la Polic\u00eda Nacional, elevar su profesionalizaci\u00f3n y  eficiencia, y capacitar a 30 mil polic\u00edas, a los fines de que puedan cumplir  con esos objetivos. <br \/>&#13;<br \/>\n  <br \/>&#13;<br \/>\n  Consolidaremos  los 100 barrios donde opera Barrio Seguro y procuraremos ampliarlo hacia todas  las provincias y ciudades donde corresponda aplicarse. <br \/>&#13;<br \/>\n  <br \/>&#13;<br \/>\n  Constituye  un objetivo estrat\u00e9gico fundamental a ser alcanzado hacia el a\u00f1o 2012 reducir  la tasa de criminalidad a 8 sobre cada 100 mil habitantes, lo cual estar\u00eda  entre las tasas m\u00e1s bajas de Am\u00e9rica Latina y del mundo. <br \/>&#13;<br \/>\n  <br \/>&#13;<br \/>\n  De  esa manera, no nos cabe duda, la Rep\u00fablica Dominicana volver\u00e1 a ser, como bien  lo merece, uno de los lugares m\u00e1s seguros del planeta.<br \/>&#13;<br \/>\n  <br \/>&#13;<br \/>\n  Asimismo  para garantizar la integridad de nuestro territorio, la protecci\u00f3n de nuestro  espacio a\u00e9reo y mar\u00edtimo, y la reafirmaci\u00f3n de nuestra soberan\u00eda nacional  continuaremos el fortalecimiento institucional y el proceso de reforma y  modernizaci\u00f3n de nuestras Fuerzas Armadas. <br \/>&#13;<br \/>\n  <br \/>&#13;<br \/>\n  En  un momento en que el mundo se encuentra estremecido por grandes calamidades y  tragedias, en que predomina una situaci\u00f3n de incertidumbre y volatilidad, a los  Dominicanos no nos queda otra alternativa que no sea fortalecer los cimientos  de nuestra nacionalidad. <br \/>&#13;<br \/>\n  <br \/>&#13;<br \/>\n  A  diferencia de otras \u00e9pocas, la migraci\u00f3n ya no ser\u00e1 una soluci\u00f3n a nuestros  problemas. En todas partes se erigen nuevas barreras a las migraciones, y se  desarrollan actitudes de racismo y xenofobia, que en algunos casos llegan hasta  la violencia.<br \/>&#13;<br \/>\n  <br \/>&#13;<br \/>\n  Fortalecer,  pues, nuestra dominicanidad constituye en estos momentos un acto de  supervivencia. <br \/>&#13;<br \/>\n  <br \/>&#13;<br \/>\n  Por eso debemos ser tan celosos y poner tanto cuidado en todo lo  que se refiere a la sociedad dominicana. Por eso no podemos permitir que la  conducci\u00f3n de nuestros destinos nacionales caiga en manos de personeros que  nunca han demostrado tener sentimientos patri\u00f3ticos o estar en capacidad de  asumir todos los sacrificios y privaciones que significa colocarse a la  vanguardia de la defensa de los intereses nacionales. <br \/>&#13;<br \/>\n  <br \/>&#13;<br \/>\n  Estos  no pueden ser momentos de dudas y de vacilaciones. Lo que se requiere es  firmeza y compromiso. Lo que est\u00e1 en juego es el avance hacia el progreso o la  involuci\u00f3n y el retroceso.<br \/>&#13;<br \/>\n  <br \/>&#13;<br \/>\n  En  las actuales circunstancias, lo que el Partido de la Liberaci\u00f3n Dominicana  somete a la consideraci\u00f3n, a la conciencia y a la sensibilidad del pueblo dominicano  es un programa de 6 puntos fundamentales que consisten en fortalecer el Estado  Nacional para ponerlo al servicio de los ciudadanos; fomentar una econom\u00eda  din\u00e1mica y competitiva, generadora de empleos productivos; promover un pacto  social para erradicar la pobreza y expandir la clase media; enfatizar un  compromiso nacional por la sostenibilidad ambiental; impulsar una estrategia  para la difusi\u00f3n de la educaci\u00f3n, la cultura, la ciencia y la tecnolog\u00eda; y  promover una pol\u00edtica exterior responsable que concite el respeto y la  admiraci\u00f3n hacia la Rep\u00fablica Dominicana. <br \/>&#13;<br \/>\n  <br \/>&#13;<br \/>\n  Esos  son nuestros valores, prop\u00f3sitos y principios. Por eso luchamos. Por eso nos  involucramos en las aspiraciones de cambio social de nuestro pueblo; y por eso esperamos  que con la ayuda de Dios, el Todopoderoso, y el respaldo mayoritario del Pueblo  Dominicano, podamos disponer de 4 a\u00f1os m\u00e1s. De 4 a\u00f1os m\u00e1s para seguir trillando  el camino del progreso, la prosperidad y el bienestar de la familia Dominicana.<br \/>&#13;<br \/>\n  <br \/>&#13;<br \/>\n  De  4 a\u00f1os m\u00e1s, para que la esperanza y la fe sigan reinando en el coraz\u00f3n de cada  dominicano y su sue\u00f1o de un mejor futuro se vea cristalizado en un aut\u00e9ntico  proyecto de naci\u00f3n. \u00a0<br \/>&#13;<br \/>\n  <br \/>&#13;<br \/>\n\u00a1Que  viva el Partido de la Liberaci\u00f3n Dominicana!<br \/>&#13;<br \/>\n<br \/>&#13;<br \/>\n\u00a1Que  viva la Rep\u00fablica Dominicana!<br \/>&#13;<br \/>\n<br \/>&#13;<br \/>\n\u00a1E\u2019pa  lante que vamos!<br \/>&#13;<br \/>\n<br \/>&#13;<br \/>\n\u00a1E\u2019pa  lante que vamos!<\/span><\/p>\n<p>&#13;<br \/>\n&#13;<br \/>\nDiscurso de Leonel Fern\u00e1ndez en el acto de proclamaci\u00f3n de su candidatura a la presidencia de la Rep\u00fablica para las elecciones del 16 de mayo de 2008,  el domingo 27 de enero en el Palacio de los Deporte Virgilio Travieso Soto de Santo Domingo, D. N.&#13;<\/p>\n<h6> 2008-01-27 20:57:57 <\/h6>\n<p><!--\n<link rel=\"stylesheet\" href=\"css\/bootstrap.min.css\">\n\n\n<ul class=\"pagination\">\n\t    \n\t\n\n<li >\n\t<a href='?page_no=34236'>Previous<\/a>\n\t<\/li>\n\n\n       \n    \n\n<li><a href='?page_no=1'>1<\/a><\/li>\n\n\n\n<li><a href='?page_no=2'>2<\/a><\/li>\n\n\n\n<li><a>...<\/a><\/li>\n\n\n\n<li><a href='?page_no=34235'>34235<\/a><\/li>\n\n\n\n<li><a href='?page_no=34236'>34236<\/a><\/li>\n\n\n\n<li class='active'><a>34237<\/a><\/li>\n\n\n\n<li><a href='?page_no=34238'>34238<\/a><\/li>\n\n\n\n<li><a href='?page_no=34239'>34239<\/a><\/li>\n\n\n\n<li><a>...<\/a><\/li>\n\n\n\n<li><a href='?page_no=36999'>36999<\/a><\/li>\n\n\n\n<li><a href='?page_no=37000'>37000<\/a><\/li>\n\n    \n\t\n\n<li >\n\t<a href='?page_no=34238'>Next<\/a>\n\t<\/li>\n\n\n    \n\n<li><a href='?page_no=37000'>Last &rsaquo;&rsaquo;<\/a><\/li>\n\n<\/ul>\n\n\n--><br \/>\n<\/body><\/p>\n","protected":false},"excerpt":{"rendered":"<p>Discurso de Proclamaci\u00f3n&#13; &#13; Honorable Se\u00f1or Vicepresidente de la Rep\u00fablica, Compa\u00f1ero Dr. Rafael Alburquerque;&#13; &#13; Honorable Se\u00f1or Presidente del Senado y Secretario General del Partido de la Liberaci\u00f3n Dominicana, Dr. Reynaldo Pared P\u00e9rez;&#13; &#13; Compa\u00f1ero Licenciado Francisco Javier Garc\u00eda, Coordinador de la Campa\u00f1a Presidencial&#13; &#13; Compa\u00f1eros Miembros del Comit\u00e9 Pol\u00edtico y del Comit\u00e9 Central del [&hellip;]<\/p>\n","protected":false},"author":3,"featured_media":0,"comment_status":"open","ping_status":"open","sticky":false,"template":"","format":"standard","meta":{"footnotes":""},"categories":[22],"tags":[],"class_list":["post-191489","post","type-post","status-publish","format-standard","hentry","category-politica"],"_links":{"self":[{"href":"https:\/\/diariodominicano.com\/index.php?rest_route=\/wp\/v2\/posts\/191489","targetHints":{"allow":["GET"]}}],"collection":[{"href":"https:\/\/diariodominicano.com\/index.php?rest_route=\/wp\/v2\/posts"}],"about":[{"href":"https:\/\/diariodominicano.com\/index.php?rest_route=\/wp\/v2\/types\/post"}],"author":[{"embeddable":true,"href":"https:\/\/diariodominicano.com\/index.php?rest_route=\/wp\/v2\/users\/3"}],"replies":[{"embeddable":true,"href":"https:\/\/diariodominicano.com\/index.php?rest_route=%2Fwp%2Fv2%2Fcomments&post=191489"}],"version-history":[{"count":0,"href":"https:\/\/diariodominicano.com\/index.php?rest_route=\/wp\/v2\/posts\/191489\/revisions"}],"wp:attachment":[{"href":"https:\/\/diariodominicano.com\/index.php?rest_route=%2Fwp%2Fv2%2Fmedia&parent=191489"}],"wp:term":[{"taxonomy":"category","embeddable":true,"href":"https:\/\/diariodominicano.com\/index.php?rest_route=%2Fwp%2Fv2%2Fcategories&post=191489"},{"taxonomy":"post_tag","embeddable":true,"href":"https:\/\/diariodominicano.com\/index.php?rest_route=%2Fwp%2Fv2%2Ftags&post=191489"}],"curies":[{"name":"wp","href":"https:\/\/api.w.org\/{rel}","templated":true}]}}