{"id":191487,"date":"2008-01-27T22:40:34","date_gmt":"2008-01-27T22:40:34","guid":{"rendered":"http:\/\/diariodominicano.ddns.net\/?p=191487"},"modified":"2008-01-27T22:40:34","modified_gmt":"2008-01-27T22:40:34","slug":"amable-construira-diablodromo-para-celebracion-carnaval-la-vega","status":"publish","type":"post","link":"https:\/\/diariodominicano.com\/?p=191487","title":{"rendered":"Amable construir\u00e1 \u201cdiabl\u00f3dromo\u201d para celebraci\u00f3n carnaval La Vega"},"content":{"rendered":"<p><body><\/p>\n<p class=\"titulogrande1\"><strong>Amable construir\u00e1 \u201cdiabl\u00f3dromo\u201d para celebraci\u00f3n carnaval La Vega<\/strong><\/p>\n<p>&#13;<\/p>\n<p align=\"justify\" class=\"text1noticias\"><strong><img loading=\"lazy\" decoding=\"async\" src=\"http:\/\/localhost:8080\/pictures\/amable campana 1.jpg\" width=\"269\" height=\"179\" hspace=\"4\" align=\"left\" \/>EL PINO, La Vega.-<\/strong> El candidato  presidencial del Partido Reformista Social Cristiano (PRSC), Amable Aristy, dijo  que construir\u00e1 un gigantesco \u201cdiabl\u00f3dromo\u201d para la celebraci\u00f3n del carnaval,  que prometi\u00f3 internacionalizarlo y convertirlo en el m\u00e1s importante y seguro  del universo.<\/p>\n<p>&#13;<\/p>\n<p align=\"justify\" class=\"text1noticias\">Sostuvo que los  carnavales de La Vega,  Santiago, Bonao, Jarabacoa, Montecristi y otros constituyen una de las m\u00e1s genuinas  expresiones del folklore y la cultura popular dominicana, por lo que necesitan  de modernas instalaciones para los desfiles de los grupos carnavalescos.<\/p>\n<p>&#13;<\/p>\n<p align=\"justify\" class=\"text1noticias\">Dijo que cada  a\u00f1o se perfeccionan y movilizan millones de personas y cientos de millones de  pesos en el comercio de esos centros carnavalescos, convirti\u00e9ndose \u00a0en la temporada m\u00e1s importante para el turismo  interno, por lo que dijo ya se hace necesario las infraestructuras para el  montaje de este evento.<\/p>\n<p>&#13;<\/p>\n<p align=\"justify\" class=\"text1noticias\">\u201cSon miles las  excursiones que se organizan cada fin de semana a cada una de las capitales  carnavalescas de manera especial a La   Vega\u201d, agreg\u00f3.<\/p>\n<p>&#13;<\/p>\n<p align=\"justify\" class=\"text1noticias\">Expres\u00f3 que el  carnaval dominicano tiene calidad internacional llegando a figurar en la lista  de los mejores del mundo, \u201cpor lo que en nuestro gobierno se construir\u00e1 un  gigantesco diablodromo carnavalesco con capacidad para varios cientos de miles  de personas\u201d.<\/p>\n<p>&#13;<\/p>\n<p align=\"justify\" class=\"text1noticias\">Indic\u00f3 que \u00a0la idea es construir un \u00e1rea especial para el  desfile de los grupos de diablos cojuelos, lechones, comparsas y personajes que  llevan alegr\u00eda a los millares de personas que se concentran en esos  espect\u00e1culos.<\/p>\n<p>&#13;<\/p>\n<p align=\"justify\" class=\"text1noticias\">Igualmente dijo  que el carnaval ser\u00e1 incluido en la promoci\u00f3n tur\u00edstica del pa\u00eds a fin de que  los turistas que nos visitan incluyan en paquete su participaci\u00f3n en los  carnavales.<\/p>\n<p>&#13;<\/p>\n<p align=\"justify\" class=\"text1noticias\">\u201cTambi\u00e9n vamos a  contratar canales internacionales para transmitir estos carnavales a fin de que  puedan ver el colorido, la vistosidad, organizaci\u00f3n y todo el derroche y  entusiasmo de estas actividades y se motiven a visitar la Rep\u00fablica Dominicana\u201d,  agreg\u00f3.<\/p>\n<p>&#13;<\/p>\n<p align=\"justify\" class=\"text1noticias\">Prometi\u00f3  internacionalizar el carnaval dominicano y para ello dijo que dar\u00e1 desde el  Estado todo el apoyo necesario.<\/p>\n<p>&#13;<\/p>\n<p align=\"justify\" class=\"text1noticias\">\u201cVamos hacer de  nuestro carnaval el mejor del universo\u201d, dijo Aristy Castro.<\/p>\n<p>&#13;<\/p>\n<p align=\"justify\" class=\"text1noticias\">El aspirante a la Presidencia de la Rep\u00fablica felicit\u00f3 a la uni\u00f3n  carnavalesca vegana por el desarrollo que ha logrado el carnaval de esa ciudad,  lo que dijo qued\u00f3 evidenciado en multitudinario desfile inaugural del carnaval  2008 celebrado ayer domingo, en el que participaron m\u00e1s de cinco mil veh\u00edculos  y m\u00e1s de 200 grupos.<\/p>\n<p>&#13;<\/p>\n<p align=\"justify\" class=\"text1noticias\">Manifest\u00f3 que es  impresionante el derroche de colorido del carnaval de La Vega y la emoci\u00f3n y el inter\u00e9s  que atrae este en todos los dominicanos.<\/p>\n<p>&#13;<\/p>\n<p align=\"justify\" class=\"text1noticias\">Amable Aristy se  pronunci\u00f3 en estos t\u00e9rminos al encabezar una gran marcha caravana que incluy\u00f3  las comunidades de El Pino, Jumunucu, Rinc\u00f3n, Jima Abajo y Jima Arriba, de La Vega, donde jurament\u00f3 a m\u00e1s  de quinientos grupos de apoyo de los denominados \u201c19 por Amable\u201d.<\/p>\n<p>&#13;<\/p>\n<p align=\"justify\" class=\"text1noticias\">En la actividad  estuvo acompa\u00f1ado del ingeniero Samuel de Moya, el diputado Euclides Batista  Brache, el s\u00edndico de Jarabacoa Jos\u00e9 Antonio Abreu, y los regidores Claudio Fern\u00e1ndez,  Enrique de Le\u00f3n, Nicanor Cabrera, y el coordinador nacional de campa\u00f1a, Ram\u00f3n  Rogelio genao.<\/p>\n<p>&#13;<\/p>\n<p align=\"justify\" class=\"text1noticias\">Durante la  actividad, que se inicio a las once de la ma\u00f1ana y se prolong\u00f3 hasta las cuatro  y media de la tarde, se distribuy\u00f3 pollos, salami, sillas de ruedas,  canastillas y dinero en efectivo.<\/p>\n<p>&#13;<\/p>\n<h6> 2008-01-27 22:40:34 <\/h6>\n<p><!--\n<link rel=\"stylesheet\" href=\"css\/bootstrap.min.css\">\n\n\n<ul class=\"pagination\">\n\t    \n\t\n\n<li >\n\t<a href='?page_no=34234'>Previous<\/a>\n\t<\/li>\n\n\n       \n    \n\n<li><a href='?page_no=1'>1<\/a><\/li>\n\n\n\n<li><a href='?page_no=2'>2<\/a><\/li>\n\n\n\n<li><a>...<\/a><\/li>\n\n\n\n<li><a href='?page_no=34233'>34233<\/a><\/li>\n\n\n\n<li><a href='?page_no=34234'>34234<\/a><\/li>\n\n\n\n<li class='active'><a>34235<\/a><\/li>\n\n\n\n<li><a href='?page_no=34236'>34236<\/a><\/li>\n\n\n\n<li><a href='?page_no=34237'>34237<\/a><\/li>\n\n\n\n<li><a>...<\/a><\/li>\n\n\n\n<li><a href='?page_no=36999'>36999<\/a><\/li>\n\n\n\n<li><a href='?page_no=37000'>37000<\/a><\/li>\n\n    \n\t\n\n<li >\n\t<a href='?page_no=34236'>Next<\/a>\n\t<\/li>\n\n\n    \n\n<li><a href='?page_no=37000'>Last &rsaquo;&rsaquo;<\/a><\/li>\n\n<\/ul>\n\n\n--><br \/>\n<\/body><\/p>\n","protected":false},"excerpt":{"rendered":"<p>Amable construir\u00e1 \u201cdiabl\u00f3dromo\u201d para celebraci\u00f3n carnaval La Vega &#13; EL PINO, La Vega.- El candidato presidencial del Partido Reformista Social Cristiano (PRSC), Amable Aristy, dijo que construir\u00e1 un gigantesco \u201cdiabl\u00f3dromo\u201d para la celebraci\u00f3n del carnaval, que prometi\u00f3 internacionalizarlo y convertirlo en el m\u00e1s importante y seguro del universo. &#13; Sostuvo que los carnavales de La [&hellip;]<\/p>\n","protected":false},"author":3,"featured_media":0,"comment_status":"open","ping_status":"open","sticky":false,"template":"","format":"standard","meta":{"footnotes":""},"categories":[22],"tags":[],"class_list":["post-191487","post","type-post","status-publish","format-standard","hentry","category-politica"],"_links":{"self":[{"href":"https:\/\/diariodominicano.com\/index.php?rest_route=\/wp\/v2\/posts\/191487","targetHints":{"allow":["GET"]}}],"collection":[{"href":"https:\/\/diariodominicano.com\/index.php?rest_route=\/wp\/v2\/posts"}],"about":[{"href":"https:\/\/diariodominicano.com\/index.php?rest_route=\/wp\/v2\/types\/post"}],"author":[{"embeddable":true,"href":"https:\/\/diariodominicano.com\/index.php?rest_route=\/wp\/v2\/users\/3"}],"replies":[{"embeddable":true,"href":"https:\/\/diariodominicano.com\/index.php?rest_route=%2Fwp%2Fv2%2Fcomments&post=191487"}],"version-history":[{"count":0,"href":"https:\/\/diariodominicano.com\/index.php?rest_route=\/wp\/v2\/posts\/191487\/revisions"}],"wp:attachment":[{"href":"https:\/\/diariodominicano.com\/index.php?rest_route=%2Fwp%2Fv2%2Fmedia&parent=191487"}],"wp:term":[{"taxonomy":"category","embeddable":true,"href":"https:\/\/diariodominicano.com\/index.php?rest_route=%2Fwp%2Fv2%2Fcategories&post=191487"},{"taxonomy":"post_tag","embeddable":true,"href":"https:\/\/diariodominicano.com\/index.php?rest_route=%2Fwp%2Fv2%2Ftags&post=191487"}],"curies":[{"name":"wp","href":"https:\/\/api.w.org\/{rel}","templated":true}]}}