{"id":191486,"date":"2008-01-27T23:05:33","date_gmt":"2008-01-27T23:05:33","guid":{"rendered":"http:\/\/diariodominicano.ddns.net\/?p=191486"},"modified":"2008-01-27T23:05:33","modified_gmt":"2008-01-27T23:05:33","slug":"leonel-propone-un-pacto-social-que-erradique-la-pobreza","status":"publish","type":"post","link":"https:\/\/diariodominicano.com\/?p=191486","title":{"rendered":"Leonel propone un pacto social que erradique la pobreza"},"content":{"rendered":"<p><body><\/p>\n<p align=\"justify\"><span class=\"titulogrande1\"><strong>Leonel propone un pacto social que erradique la pobreza <\/strong><\/span><strong><br \/>&#13;<br \/>\n<\/strong> <strong><br \/>&#13;<br \/>\n    <img loading=\"lazy\" decoding=\"async\" src=\"http:\/\/localhost:8080\/pictures\/leonel proclamacion.jpg\" width=\"269\" height=\"490\" hspace=\"4\" align=\"left\" \/>Santo Domingo.-<\/strong><span class=\"text1noticias\"> El  candidato presidencial del Partido de la Liberaci\u00f3n Dominicana  (PLD) y Presidente de la   Rep\u00fablica, Leonel Fern\u00e1ndez, propuso la realizaci\u00f3n de  un pacto social de car\u00e1cter incluyente, para la erradicaci\u00f3n de la pobreza, en  el que participen todos los actores sociales de la naci\u00f3n.<br \/>&#13;<br \/>\n  <br \/>&#13;<br \/>\n  Asimismo,  en el acto oficial de proclamaci\u00f3n de su candidatura presidencial, que tuvo  lugar en el Palacio de los Deportes, Virgilio Travieso Soto, el Presidente  Fern\u00e1ndez manifest\u00f3 que su pr\u00f3xima gesti\u00f3n de gobierno estar\u00e1 centrada en seis  puntos fundamentales, principalmente el fortalecimiento del Estado, el fomento  de una econom\u00eda din\u00e1mica, competitiva y la generaci\u00f3n de empleos.<br \/>&#13;<br \/>\n  <br \/>&#13;<br \/>\n\u00abProponemos  que este sea el tiempo de solidaridad.<br \/>&#13;<br \/>\n<br \/> &#13;<br \/>\nSolidaridad con los pobres, solidaridad  con las madres jefas de hogares en estado de pobreza. De solidaridad con los  desplazados y damnificados\u00bb, expres\u00f3 al pronunciar el discurso de su  proclamaci\u00f3n como candidato presidencial del PLD para el per\u00edodo 2008-2012.<br \/>&#13;<br \/>\n<br \/>&#13;<br \/>\nEl  mandatario dijo que trabajar\u00e1 para expandir la clase media, enfatizar su  compromiso con la sostenibilidad ambiental, as\u00ed como impulsar una estrategia  para la difusi\u00f3n de la educaci\u00f3n, la cultura, la ciencia, la tecnolog\u00eda y  promover una pol\u00edtica exterior responsable, que concite el respeto y la  admiraci\u00f3n hacia la   Rep\u00fablica Dominicana.<br \/>&#13;<br \/>\n<br \/>&#13;<br \/>\nPara  lograr esos objetivos, el mandatario y candidato presidencial, destac\u00f3 que  \u00abpor eso es de vital importancia fortalecer una mayor\u00eda electoral\u00bb y  a seguidas agreg\u00f3 que \u00abpor eso es de tan vital trascendencia que el  pr\u00f3ximo 16 de mayo el pueblo acuda masivamente a las urnas y respalde, en forma  militante, al Partido de la Liberaci\u00f3n Dominicana , para que as\u00ed podamos  obtener una victoria contundente y apabullante en la primera vuelta  electoral\u00bb.<br \/>&#13;<br \/>\n<br \/>&#13;<br \/>\nManifest\u00f3  que en los actuales momentos de turbulencia financiera en el mundo, \u00ablo  que m\u00e1s conviene a la   Rep\u00fablica Dominicana es consolidar sus logros obtenidos.  Consolidar la estabilidad de su econom\u00eda. Continuar con el crecimiento  alcanzado, controlar la inflaci\u00f3n. Promover la creaci\u00f3n de empleos y mantener  la confianza de los agentes econ\u00f3micos\u00bb.<br \/>&#13;<br \/>\n<br \/>&#13;<br \/>\nSe\u00f1al\u00f3  que todo lo contrario a eso, es lo que representan sus adversarios, por lo que  asegur\u00f3 que \u00abs\u00f3lo el PLD est\u00e1 en capacidad, en las actuales  circunstancias, de conducir al pueblo dominicano, en medio de tempestades,  truenos y rel\u00e1mpagos, a puerto seguro y tierra firme\u00bb.<br \/>&#13;<br \/>\n<br \/>&#13;<br \/>\nEn  medio de los fuertes aplausos y el grito de consignas que afirmaban su victoria  en la primera vuelta electoral, el doctor Fern\u00e1ndez se\u00f1al\u00f3 que \u00abjam\u00e1s,  bajo ninguna circunstancia, los pueblos cambian lo seguro por aquello que le  resulta dudoso\u00bb.<br \/>&#13;<br \/>\n<br \/>&#13;<br \/>\nAgreg\u00f3  que a pesar del impacto que han tenido algunos art\u00edculos en el plano  internacional, y ni siquiera el petr\u00f3leo que se lleg\u00f3 a cotizar a 100 d\u00f3lares  el barril, se ha alterado la estabilidad de la econom\u00eda dominicana, la cual fue  reconquistada en el actual per\u00edodo gubernamental.<br \/>&#13;<br \/>\n<br \/>&#13;<br \/>\nDe  igual forma, agreg\u00f3 que al cabo de casi cuatro a\u00f1os de su gobierno, puede decir  al pueblo que la misi\u00f3n est\u00e1 cumplida, al se\u00f1alar que \u00abnadie puede  regatearnos el que durante esta gesti\u00f3n de gobierno el peso dominicano volvi\u00f3 a  adquirir valor, el que las tasas de inter\u00e9s de los pr\u00e9stamos bancarios bajaron  de manera dr\u00e1stica, el que la inflaci\u00f3n se redujo de forma abrupta y el que la  econom\u00eda volvi\u00f3 a crecer por encima, inclusive de los niveles alcanzados  durante nuestra primera gesti\u00f3n\u00bb.<br \/>&#13;<br \/>\n<br \/>&#13;<br \/>\nDijo  que en momentos en que la econom\u00eda mundial comenz\u00f3 a debilitarse, en Rep\u00fablica  Dominicana se registran crecimientos y estabilidad sin igual, lo cual es lo  contrario de lo que ocurri\u00f3 en el pasado gobierno del Partido Revolucionario  Dominicano, encabezado por el PPH, que hoy promueve la candidatura de Miguel  Vargas Maldonado.<br \/>&#13;<br \/>\n<br \/>&#13;<br \/>\nRecord\u00f3  que durante el gobierno del PRD la econom\u00eda mundial estaba fuerte, pero la  econom\u00eda nacional, entr\u00f3 en crisis por la mala aplicaci\u00f3n de pol\u00edticas  econ\u00f3micas.<br \/>&#13;<br \/>\n<br \/>&#13;<br \/>\nAl  hacer algunas comparaciones de lo que han sido sus gestiones presidenciales,  precis\u00f3 que cuando dej\u00f3 el poder en el a\u00f1o 2000, las construcciones de la  biblioteca de la   Universidad Aut\u00f3noma de Santo Domingo, as\u00ed como los centros  regionales universitarios de Santiago, Puerto Plata y Nagua, estaban avanzados  en un 80%, sin embargo, fue necesario que \u00e9l volviera al poder para  terminarlos, pues el ex secretario de Obras P\u00fablicas, hoy candidato  presidencial no hizo nada. <br \/>&#13;<br \/>\n<br \/>&#13;<br \/>\nLo  mismo ocurri\u00f3 con el puente Mauricio B\u00e1ez sobre el r\u00edo Higuamo, en San Pedro de  Macor\u00eds, m\u00e1s otros puentes del pa\u00eds y cientos de carreteras, que el secretario  de Obras P\u00fablicas de entonces y hoy candidato presidencial del PRD no hizo nada  para terminar. Lo mismo pas\u00f3 con el hospital de Los Alcarrizos, el cual, el  pasado gobierno tampoco fue capaz de concluir pese a su avanzado estado de  construcci\u00f3n en que lo dej\u00f3 en el a\u00f1o 2000.<br \/>&#13;<br \/>\n<br \/>&#13;<br \/>\n<strong>Para  los pr\u00f3ximos cuatro a\u00f1os<\/strong><br \/>&#13;<br \/>\n<br \/>&#13;<br \/>\nAl  enumerar lo que ser\u00edan algunas de las ejecutorias que tiene en carpeta para el  pr\u00f3ximo cuatrienio, el candidato presidencial del Partido de le Liberaci\u00f3n  Dominicana, quien es respaldado por 18 partidos reconocidos por la Junta Central  Electoral y m\u00e1s de 300 movimientos independientes, precis\u00f3 que continuar\u00e1 los  programas de asistencia social, entre las que destac\u00f3 el incremento la  cobertura de la tarjeta de Solidaridad, de RD$550 a RD$700 mensuales y  expedir\u00e1n 100 mil nuevas tarjetas. <br \/>&#13;<br \/>\n<br \/>&#13;<br \/>\nEn  lo que respecta a la lucha contra la delincuencia, precis\u00f3 que continuar\u00e1 con  la modernizaci\u00f3n de la   Polic\u00eda Nacional para reducir la delincuencia a 8 por cada  100 mil habitantes, lo cual estar\u00eda entre los niveles m\u00e1s bajos de Am\u00e9rica  Latina y el mundo. <br \/>&#13;<br \/>\n<br \/>&#13;<br \/>\nEn  lo que tiene que ver con el desarrollo de los ni\u00f1os, ni\u00f1as y adolescentes, dijo  que declarar\u00e1 gratuita y obligatoria la educaci\u00f3n. Lo cual, agreg\u00f3, \u00abeso  Nunca se ha logrado en la historia de nuestro pa\u00eds, que la educaci\u00f3n sea  gratuita y obligatoria hasta la terminaci\u00f3n del bachillerato\u00bb. <br \/>&#13;<br \/>\n<br \/>&#13;<br \/>\nAumentar\u00e1  a dos millones las raciones del desayuno escolar, con una inversi\u00f3n anual de  RD$4,680 millones. Instalar\u00e1 4,740 laboratorios de inform\u00e1tica e igual n\u00famero  de bibliotecas en los centros educativos del Nivel B\u00e1sico. Adem\u00e1s, crear\u00e1n 40  nuevos polit\u00e9cnicos para ingresar a 80 mil nuevos estudiantes del bachillerato.<br \/>&#13;<br \/>\n<br \/>&#13;<br \/>\nOtorgar\u00e1  30 mil becas universitarias en el pa\u00eds, principalmente para j\u00f3venes de los  barrios pobres; dar\u00e1 10 mil becas internacionales en \u00e1reas prioritarias para el  desarrollo del pa\u00eds y distribuir\u00e1 50 mil tarjetas Joven Universitario con una  cobertura de RD$400 mensuales.<br \/>&#13;<br \/>\n<br \/>&#13;<br \/>\nEn  cuanto a la construcci\u00f3n de obras, precis\u00f3 que en la Regi\u00f3n Este terminar\u00e1  la carretera San Pedro de Macor\u00eds-La Romana; la Circunvalaci\u00f3n de La Romana, la carretera El  Coral, la Autov\u00eda  del Este y la carretera Macao-Miches-Sabana de la Mar. Tambi\u00e9n  construir\u00e1 un nuevo puerto en Sabana de la Mar para conectarse a trav\u00e9s de un Ferry con  Saman\u00e1.<br \/>&#13;<br \/>\n<br \/>&#13;<br \/>\nEl  Presidente Fern\u00e1ndez precis\u00f3 que con la construcci\u00f3n de la carretera que unir\u00e1  Monte Cristy con Puerto Plata, pasando por Luper\u00f3n, el desarrollo tur\u00edstico de  la costa Norte seguir\u00e1 expandi\u00e9ndose.<br \/>&#13;<br \/>\n<br \/>&#13;<br \/>\nTambi\u00e9n  su pr\u00f3ximo gobierno ejecutar\u00e1 proyectos de infraestructura para el desarrollo  tur\u00edstico de las provincias Mar\u00eda Trinidad S\u00e1nchez, Hato Mayor, El Seibo, San  Crist\u00f3bal, Peravia, Azua, Barahona, y de los municipios de Monci\u00f3n, San Jos\u00e9 de  las Matas, J\u00e1nico, Jarabacoa, Constanza y San Jos\u00e9 de Ocoa.<br \/>&#13;<br \/>\n<br \/>&#13;<br \/>\nPara  el Distrito Nacional y la provincia Santo Domingo, precis\u00f3 que se construir\u00e1 el  Corredor Duarte que descongestionar\u00e1 y agilizar\u00e1 el tr\u00e1nsito en la principal  ruta que une la capital con las provincias cabecera del pa\u00eds, con una longitud  de 36.5 kil\u00f3metros,  desde Los Alcarrizos hasta la   Autopista de Las Am\u00e9ricas.<br \/>&#13;<br \/>\n<br \/>&#13;<br \/>\nEn  la Regi\u00f3n Norte,  el mandatario dijo que en su pr\u00f3ximo gobierno se terminar\u00e1 la construcci\u00f3n de la Circunvalaci\u00f3n de  Santiago, la ampliaci\u00f3n a cuatro carriles de la carretera Navarrete-Puerto  Plata, la variante vial para el reordenamiento de Cabarete, en Puerto Plata y  la construcci\u00f3n del Malec\u00f3n de Nagua.<br \/>&#13;<br \/>\n<br \/>&#13;<br \/>\nEn  el Sur terminar\u00e1 la carretera de San Crist\u00f3bal-Ban\u00ed, Cruce de Ocoa-Ocoa, San  Juan de la Maguana-Las  matas, El\u00edas Pi\u00f1a y la   Circunvalaci\u00f3n de Ban\u00ed, entre otras obras, adem\u00e1s de la  reparaci\u00f3n de m\u00e1s de 17 mil aulas, m\u00e1s de 100 acuedcutos, principalmente en los  municipios de Azua, Bahoruco, Barahona, Dajab\u00f3n, Duarte, El Seibo, El\u00edas Pi\u00f1a,  Espaillat, Hato Mayor, Monte Plata, La Altagracia, La Vega, San Crist\u00f3bal y Saman\u00e1, entre otras  demarcaciones y ciudades del pa\u00eds.<\/span><\/p>\n<p>&#13;<\/p>\n<p align=\"justify\" class=\"text1noticias\"><strong>El  acto de proclamaci\u00f3n<\/strong><br \/>&#13;<br \/>\n  <br \/>&#13;<br \/>\n  En  el acto de proclamaci\u00f3n del doctor Leonel Fern\u00e1ndez como candidato presidencial  del Partido de la   Liberaci\u00f3n Dominicana, participaron los miembros de los  comit\u00e9s Pol\u00edtico, Central y los presidentes de comit\u00e9s provinciales,  municipales, de las circunscripciones electorales del Distrito Nacional y de la  provincia Santo Domingo, as\u00ed como de las seccionales y los partidos y  movimientos aliados. <br \/>&#13;<br \/>\n  <br \/>&#13;<br \/>\n  Con  la proclamaci\u00f3n del doctor Leonel Fern\u00e1ndez se da cumplimiento a la Ley Electoral  275-97, del 21 de diciembre de 1997.<br \/>&#13;<br \/>\n  <strong><br \/>&#13;<br \/>\n  Los  triunfos del Le\u00f3n.<\/strong><br \/>&#13;<br \/>\n  <br \/>&#13;<br \/>\n  En  su primer certamen como candidato presidencial, en la primera vuelta de las  elecciones de 1996, el doctor Leonel Fern\u00e1ndez obtuvo 1,130,532 votos, para el  segundo lugar que le dio paso a la siguiente y definitiva ronda, teniendo al  doctor Jos\u00e9 Francisco Pe\u00f1a G\u00f3mez como contrincante, a quien derrot\u00f3 al obtener  1,466,382 votos.<br \/>&#13;<br \/>\n  <br \/>&#13;<br \/>\n  Para  las elecciones del 16 de mayo de 2004, obtuvo 2,063,861 votos, para un 57.11%,  con lo cual logr\u00f3 un triunfo arrollador contra el Partido Revolucionario  Dominicano y su candidato y presidente de entonces, Hip\u00f3lito Mej\u00eda.<br \/>&#13;<br \/>\n  <br \/>&#13;<br \/>\n  La  candidatura presidencial del doctor Leonel Fern\u00e1ndez cuenta con el respaldo de  18 agrupaciones pol\u00edticas que conforman el Frente Progresista que encabeza el  Partido de la   Liberaci\u00f3n Dominicana (PLD), as\u00ed como con m\u00e1s de 300  movimientos pol\u00edticos diseminados por todo el territorio nacional.<\/p>\n<p>&#13;<\/p>\n<h6> 2008-01-27 23:05:33 <\/h6>\n<p><!--\n<link rel=\"stylesheet\" href=\"css\/bootstrap.min.css\">\n\n\n<ul class=\"pagination\">\n\t    \n\t\n\n<li >\n\t<a href='?page_no=34233'>Previous<\/a>\n\t<\/li>\n\n\n       \n    \n\n<li><a href='?page_no=1'>1<\/a><\/li>\n\n\n\n<li><a href='?page_no=2'>2<\/a><\/li>\n\n\n\n<li><a>...<\/a><\/li>\n\n\n\n<li><a href='?page_no=34232'>34232<\/a><\/li>\n\n\n\n<li><a href='?page_no=34233'>34233<\/a><\/li>\n\n\n\n<li class='active'><a>34234<\/a><\/li>\n\n\n\n<li><a href='?page_no=34235'>34235<\/a><\/li>\n\n\n\n<li><a href='?page_no=34236'>34236<\/a><\/li>\n\n\n\n<li><a>...<\/a><\/li>\n\n\n\n<li><a href='?page_no=36999'>36999<\/a><\/li>\n\n\n\n<li><a href='?page_no=37000'>37000<\/a><\/li>\n\n    \n\t\n\n<li >\n\t<a href='?page_no=34235'>Next<\/a>\n\t<\/li>\n\n\n    \n\n<li><a href='?page_no=37000'>Last &rsaquo;&rsaquo;<\/a><\/li>\n\n<\/ul>\n\n\n--><br \/>\n<\/body><\/p>\n","protected":false},"excerpt":{"rendered":"<p>Leonel propone un pacto social que erradique la pobreza &#13; &#13; Santo Domingo.- El candidato presidencial del Partido de la Liberaci\u00f3n Dominicana (PLD) y Presidente de la Rep\u00fablica, Leonel Fern\u00e1ndez, propuso la realizaci\u00f3n de un pacto social de car\u00e1cter incluyente, para la erradicaci\u00f3n de la pobreza, en el que participen todos los actores sociales de [&hellip;]<\/p>\n","protected":false},"author":3,"featured_media":0,"comment_status":"open","ping_status":"open","sticky":false,"template":"","format":"standard","meta":{"footnotes":""},"categories":[22],"tags":[],"class_list":["post-191486","post","type-post","status-publish","format-standard","hentry","category-politica"],"_links":{"self":[{"href":"https:\/\/diariodominicano.com\/index.php?rest_route=\/wp\/v2\/posts\/191486","targetHints":{"allow":["GET"]}}],"collection":[{"href":"https:\/\/diariodominicano.com\/index.php?rest_route=\/wp\/v2\/posts"}],"about":[{"href":"https:\/\/diariodominicano.com\/index.php?rest_route=\/wp\/v2\/types\/post"}],"author":[{"embeddable":true,"href":"https:\/\/diariodominicano.com\/index.php?rest_route=\/wp\/v2\/users\/3"}],"replies":[{"embeddable":true,"href":"https:\/\/diariodominicano.com\/index.php?rest_route=%2Fwp%2Fv2%2Fcomments&post=191486"}],"version-history":[{"count":0,"href":"https:\/\/diariodominicano.com\/index.php?rest_route=\/wp\/v2\/posts\/191486\/revisions"}],"wp:attachment":[{"href":"https:\/\/diariodominicano.com\/index.php?rest_route=%2Fwp%2Fv2%2Fmedia&parent=191486"}],"wp:term":[{"taxonomy":"category","embeddable":true,"href":"https:\/\/diariodominicano.com\/index.php?rest_route=%2Fwp%2Fv2%2Fcategories&post=191486"},{"taxonomy":"post_tag","embeddable":true,"href":"https:\/\/diariodominicano.com\/index.php?rest_route=%2Fwp%2Fv2%2Ftags&post=191486"}],"curies":[{"name":"wp","href":"https:\/\/api.w.org\/{rel}","templated":true}]}}