{"id":191480,"date":"2008-01-28T18:56:48","date_gmt":"2008-01-28T18:56:48","guid":{"rendered":"http:\/\/diariodominicano.ddns.net\/?p=191480"},"modified":"2008-01-28T18:56:48","modified_gmt":"2008-01-28T18:56:48","slug":"comite-de-campana-pld-realizara-acto-en-el-ho-chi-minh-a","status":"publish","type":"post","link":"https:\/\/diariodominicano.com\/?p=191480","title":{"rendered":"Comit\u00e9 de campa\u00f1a PLD realizar\u00e1 acto en el Ho Chi Minh \u201cA\u201d"},"content":{"rendered":"<p><body><\/p>\n<p align=\"center\" class=\"titulogrande1\"><strong>Comit\u00e9 de  campa\u00f1a PLD realizar\u00e1 acto en el Ho Chi Minh \u201cA\u201d<\/strong> <\/p>\n<p>&#13;<\/p>\n<p align=\"justify\" class=\"text1noticias\"><strong><img loading=\"lazy\" decoding=\"async\" src=\"http:\/\/localhost:8080\/pictures\/pld269.jpg\" width=\"269\" height=\"210\" hspace=\"4\" align=\"left\" \/>BARAHONA.-<\/strong> La  direcci\u00f3n pol\u00edtica del comit\u00e9 de campa\u00f1a del Partido de la Liberaci\u00f3n Dominicana  en Barahona sostendr\u00e1 este martes 29 de enero, a partir de las 4:00 de la  tarde, una asamblea ampliada con los presidentes y miembros de comit\u00e9s de bases  del Comit\u00e9 Intermedio Ho Chi Minh \u201cA\u201d . <\/p>\n<p>&#13;<\/p>\n<p align=\"justify\" class=\"text1noticias\">La informaci\u00f3n  fue dada a conocer por el licenciado Mayobanex De\u00a0 Jes\u00fas  Laurens, presidente del comit\u00e9 Intermedio Ho Chi Minh \u201cA\u201d, quien dijo que para  la referida asamblea est\u00e1 convocando a todos los presidentes, miembros y  simpatizantes de las barriadas correspondientes a ese organismo. <\/p>\n<p>&#13;<\/p>\n<p align=\"justify\" class=\"text1noticias\">La convocatoria  para la asamblea organizada por el comit\u00e9 provincial de campa\u00f1a es para dar a  conocer el plan de trabajo del Partido de la Liberaci\u00f3n Dominicana\u00a0 en el municipio cabecera de la provincia y motivar la  organizaci\u00f3n de actividades para tales fines. <\/p>\n<p>&#13;<\/p>\n<p align=\"justify\" class=\"text1noticias\">\u201cEl comit\u00e9  intermedio Ho Chi Minh \u201cA\u201d est\u00e1 siendo convocado por los compa\u00f1eros Carlos  Flori\u00e1n y Eddy Mateo, presidente y director de estrategias del equipo  provincial de campa\u00f1a del PLD en Barahona, con la finalidad de anunciar las  actividades pol\u00edticas del partido en el municipio y la asignaci\u00f3n de trabajo a  nuestro intermedio, se\u00f1al\u00f3 De\u00a0 Jes\u00fas Laurens. <\/p>\n<p>&#13;<\/p>\n<p align=\"justify\" class=\"text1noticias\">El comit\u00e9 de  campa\u00f1a del partido de la Liberaci\u00f3n Dominicana viene sosteniendo una serie  de encuentros, asambleas y reuniones con las direcciones pol\u00edticas de los  distintos comit\u00e9s intermedios de la provincia, con el objetivo de unificar las  fuerzas internas del PLD, procurando que los trabajos se hagan equipos para que  den mejores resultados. <\/p>\n<p>&#13;<\/p>\n<p align=\"justify\" class=\"text1noticias\">El comit\u00e9  provincial de campa\u00f1a est\u00e1 conformado, adem\u00e1s de Carlos Flori\u00e1n y Eddy Mateo,  por Alfredo Dotel, Ruddy Mar\u00eda M\u00e9ndez, Bol\u00edvar D`oleo, Gerineldo Urb\u00e1ez, Rafael  Mendoza, Carlos Garc\u00eda, Lemuel Espinosa, An\u00edbal Medina, V\u00edctor Terrero, Ismael  Batista, Andr\u00e9s Ruiz, Bienvenido Heredia, entre otros dirigentes de la  provincia. <\/p>\n<p>&#13;<\/p>\n<h6> 2008-01-28 18:56:48 <\/h6>\n<p><!--\n<link rel=\"stylesheet\" href=\"css\/bootstrap.min.css\">\n\n\n<ul class=\"pagination\">\n\t    \n\t\n\n<li >\n\t<a href='?page_no=34227'>Previous<\/a>\n\t<\/li>\n\n\n       \n    \n\n<li><a href='?page_no=1'>1<\/a><\/li>\n\n\n\n<li><a href='?page_no=2'>2<\/a><\/li>\n\n\n\n<li><a>...<\/a><\/li>\n\n\n\n<li><a href='?page_no=34226'>34226<\/a><\/li>\n\n\n\n<li><a href='?page_no=34227'>34227<\/a><\/li>\n\n\n\n<li class='active'><a>34228<\/a><\/li>\n\n\n\n<li><a href='?page_no=34229'>34229<\/a><\/li>\n\n\n\n<li><a href='?page_no=34230'>34230<\/a><\/li>\n\n\n\n<li><a>...<\/a><\/li>\n\n\n\n<li><a href='?page_no=36999'>36999<\/a><\/li>\n\n\n\n<li><a href='?page_no=37000'>37000<\/a><\/li>\n\n    \n\t\n\n<li >\n\t<a href='?page_no=34229'>Next<\/a>\n\t<\/li>\n\n\n    \n\n<li><a href='?page_no=37000'>Last &rsaquo;&rsaquo;<\/a><\/li>\n\n<\/ul>\n\n\n--><br \/>\n<\/body><\/p>\n","protected":false},"excerpt":{"rendered":"<p>Comit\u00e9 de campa\u00f1a PLD realizar\u00e1 acto en el Ho Chi Minh \u201cA\u201d &#13; BARAHONA.- La direcci\u00f3n pol\u00edtica del comit\u00e9 de campa\u00f1a del Partido de la Liberaci\u00f3n Dominicana en Barahona sostendr\u00e1 este martes 29 de enero, a partir de las 4:00 de la tarde, una asamblea ampliada con los presidentes y miembros de comit\u00e9s de bases [&hellip;]<\/p>\n","protected":false},"author":3,"featured_media":0,"comment_status":"open","ping_status":"open","sticky":false,"template":"","format":"standard","meta":{"footnotes":""},"categories":[22],"tags":[],"class_list":["post-191480","post","type-post","status-publish","format-standard","hentry","category-politica"],"_links":{"self":[{"href":"https:\/\/diariodominicano.com\/index.php?rest_route=\/wp\/v2\/posts\/191480","targetHints":{"allow":["GET"]}}],"collection":[{"href":"https:\/\/diariodominicano.com\/index.php?rest_route=\/wp\/v2\/posts"}],"about":[{"href":"https:\/\/diariodominicano.com\/index.php?rest_route=\/wp\/v2\/types\/post"}],"author":[{"embeddable":true,"href":"https:\/\/diariodominicano.com\/index.php?rest_route=\/wp\/v2\/users\/3"}],"replies":[{"embeddable":true,"href":"https:\/\/diariodominicano.com\/index.php?rest_route=%2Fwp%2Fv2%2Fcomments&post=191480"}],"version-history":[{"count":0,"href":"https:\/\/diariodominicano.com\/index.php?rest_route=\/wp\/v2\/posts\/191480\/revisions"}],"wp:attachment":[{"href":"https:\/\/diariodominicano.com\/index.php?rest_route=%2Fwp%2Fv2%2Fmedia&parent=191480"}],"wp:term":[{"taxonomy":"category","embeddable":true,"href":"https:\/\/diariodominicano.com\/index.php?rest_route=%2Fwp%2Fv2%2Fcategories&post=191480"},{"taxonomy":"post_tag","embeddable":true,"href":"https:\/\/diariodominicano.com\/index.php?rest_route=%2Fwp%2Fv2%2Ftags&post=191480"}],"curies":[{"name":"wp","href":"https:\/\/api.w.org\/{rel}","templated":true}]}}