{"id":191479,"date":"2008-01-28T19:24:59","date_gmt":"2008-01-28T19:24:59","guid":{"rendered":"http:\/\/diariodominicano.ddns.net\/?p=191479"},"modified":"2008-01-28T19:24:59","modified_gmt":"2008-01-28T19:24:59","slug":"alburquerque-descalifica-a-vargas-maldonado-para-hablar-de-empleos","status":"publish","type":"post","link":"https:\/\/diariodominicano.com\/?p=191479","title":{"rendered":"Alburquerque descalifica a Vargas Maldonado para hablar de empleos"},"content":{"rendered":"<p><body><\/p>\n<p class=\"titulogrande1\">Alburquerque descalifica a Vargas Maldonado para hablar de empleos <\/p>\n<p>&#13;<\/p>\n<p align=\"justify\" class=\"text1noticias\"><strong><img loading=\"lazy\" decoding=\"async\" src=\"http:\/\/localhost:8080\/pictures\/alburquerque foto.jpg\" width=\"269\" height=\"305\" hspace=\"4\" align=\"left\" \/>Santo Domingo.-<\/strong> El Vice Presidente de la Rep\u00fablica, Rafael  Alburquerque, asegur\u00f3 que la mejor pol\u00edtica para la creaci\u00f3n de empleo en un  pa\u00eds es \u201cuna estabilidad econ\u00f3mica y seguridad jur\u00eddica que permitan que los  sectores productivos de la naci\u00f3n inviertan y creen nuevas empresas, como lo  garantiza el Presidente Leonel Fern\u00e1ndez y el Partido de la Liberaci\u00f3n Dominicana  (PLD)\u201d.<\/p>\n<p>&#13;<\/p>\n<p align=\"justify\" class=\"text1noticias\">Alburquerque descalific\u00f3 al candidato presidencial del  PRD para hablar de creaci\u00f3n de fuentes de trabajo y le record\u00f3 que en el gobierno  del que fue funcionario de primer orden se perdi\u00f3 la mayor cantidad de plazas  laborales en la historia del pa\u00eds.<\/p>\n<p>&#13;<\/p>\n<p align=\"justify\" class=\"text1noticias\">El dirigente pelede\u00edsta dijo que el aspirante a la Presidencia de la Rep\u00fablica por el partido  blanco no debe olvidar que \u201cel pa\u00eds atraves\u00f3 por una cat\u00e1strofe econ\u00f3mica en  los a\u00f1os que gobern\u00f3 el partido que lo postula y el PHH, del que es fundador\u201d.<\/p>\n<p>&#13;<\/p>\n<p align=\"justify\" class=\"text1noticias\">El doctor Alburquerque descart\u00f3 que el PRD pueda volver  al poder ya que todav\u00eda no han cicatrizados las heridas econ\u00f3micas, sociales y  psicol\u00f3gicas que dej\u00f3 el gobierno del que Miguel Vargas era secretario de Obras  P\u00fablicas.<\/p>\n<p>&#13;<\/p>\n<p align=\"justify\" class=\"text1noticias\">A\u00f1adi\u00f3 que aun existe un inmenso temor en los sectores  productivos de la naci\u00f3n, de manera especial entre los empresarios, de que el  pa\u00eds pueda volver a la cat\u00e1strofe del gobierno del PRD y el PPH.<\/p>\n<p>&#13;<\/p>\n<p align=\"justify\" class=\"text1noticias\">Dijo que debido al caos y el descalabro econ\u00f3mico que  dej\u00f3 el PRD, para preservar la estabilidad econ\u00f3mica del pa\u00eds el Gobierno debe  pagar anualmente al Banco Central, durante los pr\u00f3ximos 15 a\u00f1os unos, 10 mil  millones de pesos.<\/p>\n<p>&#13;<\/p>\n<p align=\"justify\" class=\"text1noticias\">Alburquerque dijo que es doloroso para el pueblo  dominicano tener que pagar miles de millones de pesos \u201cpor las malas acciones  de un gobierno en el cual particip\u00f3 activamente el hoy candidato del PRD\u201d.<\/p>\n<p>&#13;<\/p>\n<p align=\"justify\" class=\"text1noticias\">\u201cEl d\u00e9ficit cuasi fiscal que heredamos del gobierno  anterior, y que estamos pagando, ya es un d\u00e9ficit fiscal porque ahora eso ha  pasado al Presupuesto Nacional\u201d, expres\u00f3 el Vicepresidente de la Rep\u00fablica.\/\/\/<\/p>\n<p>&#13;<\/p>\n<h6> 2008-01-28 19:24:59 <\/h6>\n<p><!--\n<link rel=\"stylesheet\" href=\"css\/bootstrap.min.css\">\n\n\n<ul class=\"pagination\">\n\t    \n\t\n\n<li >\n\t<a href='?page_no=34226'>Previous<\/a>\n\t<\/li>\n\n\n       \n    \n\n<li><a href='?page_no=1'>1<\/a><\/li>\n\n\n\n<li><a href='?page_no=2'>2<\/a><\/li>\n\n\n\n<li><a>...<\/a><\/li>\n\n\n\n<li><a href='?page_no=34225'>34225<\/a><\/li>\n\n\n\n<li><a href='?page_no=34226'>34226<\/a><\/li>\n\n\n\n<li class='active'><a>34227<\/a><\/li>\n\n\n\n<li><a href='?page_no=34228'>34228<\/a><\/li>\n\n\n\n<li><a href='?page_no=34229'>34229<\/a><\/li>\n\n\n\n<li><a>...<\/a><\/li>\n\n\n\n<li><a href='?page_no=36999'>36999<\/a><\/li>\n\n\n\n<li><a href='?page_no=37000'>37000<\/a><\/li>\n\n    \n\t\n\n<li >\n\t<a href='?page_no=34228'>Next<\/a>\n\t<\/li>\n\n\n    \n\n<li><a href='?page_no=37000'>Last &rsaquo;&rsaquo;<\/a><\/li>\n\n<\/ul>\n\n\n--><br \/>\n<\/body><\/p>\n","protected":false},"excerpt":{"rendered":"<p>Alburquerque descalifica a Vargas Maldonado para hablar de empleos &#13; Santo Domingo.- El Vice Presidente de la Rep\u00fablica, Rafael Alburquerque, asegur\u00f3 que la mejor pol\u00edtica para la creaci\u00f3n de empleo en un pa\u00eds es \u201cuna estabilidad econ\u00f3mica y seguridad jur\u00eddica que permitan que los sectores productivos de la naci\u00f3n inviertan y creen nuevas empresas, como [&hellip;]<\/p>\n","protected":false},"author":3,"featured_media":0,"comment_status":"open","ping_status":"open","sticky":false,"template":"","format":"standard","meta":{"footnotes":""},"categories":[22],"tags":[],"class_list":["post-191479","post","type-post","status-publish","format-standard","hentry","category-politica"],"_links":{"self":[{"href":"https:\/\/diariodominicano.com\/index.php?rest_route=\/wp\/v2\/posts\/191479","targetHints":{"allow":["GET"]}}],"collection":[{"href":"https:\/\/diariodominicano.com\/index.php?rest_route=\/wp\/v2\/posts"}],"about":[{"href":"https:\/\/diariodominicano.com\/index.php?rest_route=\/wp\/v2\/types\/post"}],"author":[{"embeddable":true,"href":"https:\/\/diariodominicano.com\/index.php?rest_route=\/wp\/v2\/users\/3"}],"replies":[{"embeddable":true,"href":"https:\/\/diariodominicano.com\/index.php?rest_route=%2Fwp%2Fv2%2Fcomments&post=191479"}],"version-history":[{"count":0,"href":"https:\/\/diariodominicano.com\/index.php?rest_route=\/wp\/v2\/posts\/191479\/revisions"}],"wp:attachment":[{"href":"https:\/\/diariodominicano.com\/index.php?rest_route=%2Fwp%2Fv2%2Fmedia&parent=191479"}],"wp:term":[{"taxonomy":"category","embeddable":true,"href":"https:\/\/diariodominicano.com\/index.php?rest_route=%2Fwp%2Fv2%2Fcategories&post=191479"},{"taxonomy":"post_tag","embeddable":true,"href":"https:\/\/diariodominicano.com\/index.php?rest_route=%2Fwp%2Fv2%2Ftags&post=191479"}],"curies":[{"name":"wp","href":"https:\/\/api.w.org\/{rel}","templated":true}]}}