{"id":191477,"date":"2008-01-28T19:37:15","date_gmt":"2008-01-28T19:37:15","guid":{"rendered":"http:\/\/diariodominicano.ddns.net\/?p=191477"},"modified":"2008-01-28T19:37:15","modified_gmt":"2008-01-28T19:37:15","slug":"francisco-javier-afirma-pacto-social-es-un-proyecto-de-nacion","status":"publish","type":"post","link":"https:\/\/diariodominicano.com\/?p=191477","title":{"rendered":"Francisco Javier afirma pacto social es un proyecto de naci\u00f3n"},"content":{"rendered":"<p><body><\/p>\n<p align=\"center\" class=\"titulogrande1\"><strong>Francisco Javier afirma pacto social es un proyecto de naci\u00f3n <\/strong><\/p>\n<p>&#13;<\/p>\n<p align=\"justify\"><span class=\"text1noticias\"><strong><img loading=\"lazy\" decoding=\"async\" src=\"http:\/\/localhost:8080\/pictures\/francisco javier pld.jpg\" width=\"269\" height=\"189\" hspace=\"4\" align=\"left\" \/>Santo  Domingo.-<\/strong> El coordinador general del Comit\u00e9 Nacional de Campa\u00f1a del doctor Leonel  Fern\u00e1ndez asegur\u00f3 que el pacto social al que se comprometi\u00f3 el candidato  presidencial del PLD es un proyecto de naci\u00f3n que va a repercutir a favor de  todos los sectores de la sociedad dominicana.<\/span><\/p>\n<p>&#13;<\/p>\n<p align=\"justify\" class=\"text1noticias\">Francisco Javier Garc\u00eda asegur\u00f3 que el  programa de gobierno que desarrollar\u00e1 Fern\u00e1ndez en un pr\u00f3ximo per\u00edodo est\u00e1  dise\u00f1ado para reducir a su m\u00ednima expresi\u00f3n la marginalidad en el pa\u00eds, por lo  que exhort\u00f3 a todos los dominicanos a votar masivamente por el candidato que  representa la continuidad del progreso y la estabilidad econ\u00f3mica.<\/p>\n<p>&#13;<\/p>\n<p align=\"justify\" class=\"text1noticias\">\u201cTodo este plan amplio de obras y  acciones que desarrollara el gobierno, esta definido como un pacto social donde  incluye a los sectores pobres de la poblaci\u00f3n, donde hay un compromiso formal y  solemne hecho por el presidente Fern\u00e1ndez con nuestra naci\u00f3n\u201d, subray\u00f3  Francisco Javier Garc\u00eda, en el programa Hoy Mismo, de Color Visi\u00f3n.<\/p>\n<p>&#13;<\/p>\n<p align=\"justify\" class=\"text1noticias\">Refiri\u00e9ndose al discurso del doctor  Leonel Fern\u00e1ndez, en su proclamaci\u00f3n oficial como candidato del PLD, Francisco  Javier descalific\u00f3 al aspirante del PRD, quien habla de un programa de empleo  cuando ha sido hist\u00f3ricamente el peor secretario de Obras P\u00fablicas.<\/p>\n<p>&#13;<\/p>\n<p align=\"justify\" class=\"text1noticias\">En cuanto a las recientes declaraciones  del candidato presidencial del PRD, Garc\u00eda consider\u00f3 que a falta de un discurso  coherente, esas propuestas carecen de contenido y forman parte de una utop\u00eda  mercadol\u00f3gica.<\/p>\n<p>&#13;<\/p>\n<p align=\"justify\" class=\"text1noticias\">Record\u00f3 que todas las obras dejadas al  final de primer gobierno pelede\u00edstas estaban \u201ca tiro de hit\u201d, y que el entonces  ministro de Obras P\u00fablicas no fue capaz de terminarlas, como el edificio de la Suprema Corte de  Justicia, el Hospital de Los Alcarrizos, la Biblioteca Central  de la UASD, as\u00ed  como varias extensiones regionales de la universidad estatal.<\/p>\n<p>&#13;<\/p>\n<p align=\"justify\" class=\"text1noticias\">Reafirm\u00f3 el nuevo compromiso del doctor  Fern\u00e1ndez de repetir la haza\u00f1a de sus dos primeros gobiernos, en donde todo lo  que se prometi\u00f3 se cumpli\u00f3 a cabalidad a favor de los mejores intereses de la  naci\u00f3n, en todas las \u00e1reas de la vida social.<\/p>\n<p>&#13;<\/p>\n<p align=\"justify\" class=\"text1noticias\">Exhorto a verificar en la prensa lo que  se habla ahora de los hospitales, donde se ha mejorado los servicios de salud,  y sobre la reducci\u00f3n de apagones, destacando el trabajo competente y  extraordinario en el sector el\u00e9ctrico.<\/p>\n<p>&#13;<\/p>\n<p align=\"justify\" class=\"text1noticias\">Adem\u00e1s, defendi\u00f3 el subsidio en varias  \u00e1reas, ya que el presupuesto de la naci\u00f3n es alto para sustentarlo, contrario a  lo anunciado por el aspirante blanco, de eliminar el subsidio el\u00e9ctrico, sin  tener un fundamento de c\u00f3mo sustentar esa promesa, que consider\u00f3 como un poema,  lleno de met\u00e1foras, demag\u00f3gico e insulso, propio de personas mit\u00f3manas.<\/p>\n<p>&#13;<\/p>\n<p align=\"justify\" class=\"text1noticias\">Se\u00f1al\u00f3 que el hecho de que el PRD haya  duplicado la deuda en el funesto gobierno de Hip\u00f3lito Mej\u00eda, hizo que la actual  administraci\u00f3n del PLD, la \u00a0renegociara  por un monto de US$67 millones.<\/p>\n<p>&#13;<\/p>\n<p align=\"justify\" class=\"text1noticias\">Salud\u00f3 la propuesta de la Asociaci\u00f3n Nacional  de J\u00f3venes Empresarios, en el aspecto de que la campana presente se desarrolle  con civismo y decencia, y agreg\u00f3 que toda propuesta en esa direcci\u00f3n ser\u00e1  aplaudida y apoyada por el PLD.<\/p>\n<p>&#13;<\/p>\n<p align=\"justify\" class=\"text1noticias\">Record\u00f3 que desde agosto pasado, esa  organizaci\u00f3n pol\u00edtica ha sabido soportar una campana diab\u00f3lica, de  descalificaci\u00f3n \u00e9tica y moral por parte del PRD en contra de la figura del  primer mandatario y de los miembros del Comit\u00e9 Pol\u00edtico del PLD, pasando de las  palabras insultantes a la publicidad difamatoria.<\/p>\n<p>&#13;<\/p>\n<h6> 2008-01-28 19:37:15 <\/h6>\n<p><!--\n<link rel=\"stylesheet\" href=\"css\/bootstrap.min.css\">\n\n\n<ul class=\"pagination\">\n\t    \n\t\n\n<li >\n\t<a href='?page_no=34224'>Previous<\/a>\n\t<\/li>\n\n\n       \n    \n\n<li><a href='?page_no=1'>1<\/a><\/li>\n\n\n\n<li><a href='?page_no=2'>2<\/a><\/li>\n\n\n\n<li><a>...<\/a><\/li>\n\n\n\n<li><a href='?page_no=34223'>34223<\/a><\/li>\n\n\n\n<li><a href='?page_no=34224'>34224<\/a><\/li>\n\n\n\n<li class='active'><a>34225<\/a><\/li>\n\n\n\n<li><a href='?page_no=34226'>34226<\/a><\/li>\n\n\n\n<li><a href='?page_no=34227'>34227<\/a><\/li>\n\n\n\n<li><a>...<\/a><\/li>\n\n\n\n<li><a href='?page_no=36999'>36999<\/a><\/li>\n\n\n\n<li><a href='?page_no=37000'>37000<\/a><\/li>\n\n    \n\t\n\n<li >\n\t<a href='?page_no=34226'>Next<\/a>\n\t<\/li>\n\n\n    \n\n<li><a href='?page_no=37000'>Last &rsaquo;&rsaquo;<\/a><\/li>\n\n<\/ul>\n\n\n--><br \/>\n<\/body><\/p>\n","protected":false},"excerpt":{"rendered":"<p>Francisco Javier afirma pacto social es un proyecto de naci\u00f3n &#13; Santo Domingo.- El coordinador general del Comit\u00e9 Nacional de Campa\u00f1a del doctor Leonel Fern\u00e1ndez asegur\u00f3 que el pacto social al que se comprometi\u00f3 el candidato presidencial del PLD es un proyecto de naci\u00f3n que va a repercutir a favor de todos los sectores de [&hellip;]<\/p>\n","protected":false},"author":3,"featured_media":0,"comment_status":"open","ping_status":"open","sticky":false,"template":"","format":"standard","meta":{"footnotes":""},"categories":[22],"tags":[],"class_list":["post-191477","post","type-post","status-publish","format-standard","hentry","category-politica"],"_links":{"self":[{"href":"https:\/\/diariodominicano.com\/index.php?rest_route=\/wp\/v2\/posts\/191477","targetHints":{"allow":["GET"]}}],"collection":[{"href":"https:\/\/diariodominicano.com\/index.php?rest_route=\/wp\/v2\/posts"}],"about":[{"href":"https:\/\/diariodominicano.com\/index.php?rest_route=\/wp\/v2\/types\/post"}],"author":[{"embeddable":true,"href":"https:\/\/diariodominicano.com\/index.php?rest_route=\/wp\/v2\/users\/3"}],"replies":[{"embeddable":true,"href":"https:\/\/diariodominicano.com\/index.php?rest_route=%2Fwp%2Fv2%2Fcomments&post=191477"}],"version-history":[{"count":0,"href":"https:\/\/diariodominicano.com\/index.php?rest_route=\/wp\/v2\/posts\/191477\/revisions"}],"wp:attachment":[{"href":"https:\/\/diariodominicano.com\/index.php?rest_route=%2Fwp%2Fv2%2Fmedia&parent=191477"}],"wp:term":[{"taxonomy":"category","embeddable":true,"href":"https:\/\/diariodominicano.com\/index.php?rest_route=%2Fwp%2Fv2%2Fcategories&post=191477"},{"taxonomy":"post_tag","embeddable":true,"href":"https:\/\/diariodominicano.com\/index.php?rest_route=%2Fwp%2Fv2%2Ftags&post=191477"}],"curies":[{"name":"wp","href":"https:\/\/api.w.org\/{rel}","templated":true}]}}