{"id":191476,"date":"2008-01-28T19:57:41","date_gmt":"2008-01-28T19:57:41","guid":{"rendered":"http:\/\/diariodominicano.ddns.net\/?p=191476"},"modified":"2008-01-28T19:57:41","modified_gmt":"2008-01-28T19:57:41","slug":"leonel-garantiza-continuidad-bienestar-de-todos-los-dominicanos","status":"publish","type":"post","link":"https:\/\/diariodominicano.com\/?p=191476","title":{"rendered":"Leonel garantiza continuidad bienestar de todos los dominicanos"},"content":{"rendered":"<p><body><\/p>\n<p align=\"center\" class=\"titulogrande1\"><strong>Leonel garantiza continuidad bienestar de todos los dominicanos <\/strong><\/p>\n<p>&#13;<\/p>\n<p align=\"justify\" class=\"text1noticias\"><strong>Santo  Domingo.- <\/strong>El doctor Leonel Fern\u00e1ndez garantiza el clima de avance y  de bienestar que el pueblo dominicano necesita para seguir su ruta hacia el  progreso.<\/p>\n<p>&#13;<\/p>\n<p align=\"justify\" class=\"text1noticias\">La declaraci\u00f3n fue dada por la miembro  del Comit\u00e9 Pol\u00edtico del Partido de la Liberaci\u00f3n Dominicana,  arquitecta Alma Fern\u00e1ndez, quien afirm\u00f3 que con la proclamaci\u00f3n oficial de  Fern\u00e1ndez como candidato del PLD se demuestra que esa organizaci\u00f3n est\u00e1 unida y  s\u00f3lida para ganar arrolladoramente en la primera vuelta de las elecciones  pr\u00f3ximas.<\/p>\n<p>&#13;<\/p>\n<p align=\"justify\" class=\"text1noticias\">Entrevistada en Telematutino Once, de  Telesistema, Alma Fern\u00e1ndez \u00a0dijo que se  siente con m\u00e1s fuerza, en todos los sectores de la poblaci\u00f3n el entusiasmo de  la gente, porque \u201cya el Le\u00f3n est\u00e1 en la calle\u201d.<\/p>\n<p>&#13;<\/p>\n<p align=\"justify\" class=\"text1noticias\">Se\u00f1al\u00f3 que el compromiso de todos los  dominicanos es asegurar cuatro a\u00f1os de modernidad y desarrollo, y eso s\u00f3lo es  posible bajo la administraci\u00f3n del PLD.<\/p>\n<p>&#13;<\/p>\n<p align=\"justify\" class=\"text1noticias\">Destac\u00f3 que frente al liderazgo del  doctor Fern\u00e1ndez, el candidato del PRD queda chiquito, ya que no tiene  realizaci\u00f3n alguna que mostrar al pa\u00eds mientras se desempe\u00f1\u00f3 como secretario de  Obras P\u00fablicas, durante la administraci\u00f3n del ingeniero Hip\u00f3lito Mej\u00eda.<\/p>\n<p>&#13;<\/p>\n<p align=\"justify\" class=\"text1noticias\">A\u00f1adi\u00f3 que aunque no quiera, el  aspirante presidencial del partido blanco tiene una sombra oscura que no le  ayuda, y es el antecedente de haber sido colaborador del desastre econ\u00f3mico que  represent\u00f3 el gobierno del PPH.<\/p>\n<p>&#13;<\/p>\n<p align=\"justify\" class=\"text1noticias\">Contrario a los rumores puestos a  circular por los perrede\u00edstas, Alma Fern\u00e1ndez asegur\u00f3 que el PLD, est\u00e1 bien  posicionado en la regi\u00f3n de El Cibao, y puso de ejemplo la provincia de La Vega, donde la popularidad  del doctor Leonel Fern\u00e1ndez cuenta con una intenci\u00f3n del voto que ronda un 54  %.<\/p>\n<p>&#13;<\/p>\n<h6> 2008-01-28 19:57:41 <\/h6>\n<p><!--\n<link rel=\"stylesheet\" href=\"css\/bootstrap.min.css\">\n\n\n<ul class=\"pagination\">\n\t    \n\t\n\n<li >\n\t<a href='?page_no=34223'>Previous<\/a>\n\t<\/li>\n\n\n       \n    \n\n<li><a href='?page_no=1'>1<\/a><\/li>\n\n\n\n<li><a href='?page_no=2'>2<\/a><\/li>\n\n\n\n<li><a>...<\/a><\/li>\n\n\n\n<li><a href='?page_no=34222'>34222<\/a><\/li>\n\n\n\n<li><a href='?page_no=34223'>34223<\/a><\/li>\n\n\n\n<li class='active'><a>34224<\/a><\/li>\n\n\n\n<li><a href='?page_no=34225'>34225<\/a><\/li>\n\n\n\n<li><a href='?page_no=34226'>34226<\/a><\/li>\n\n\n\n<li><a>...<\/a><\/li>\n\n\n\n<li><a href='?page_no=36999'>36999<\/a><\/li>\n\n\n\n<li><a href='?page_no=37000'>37000<\/a><\/li>\n\n    \n\t\n\n<li >\n\t<a href='?page_no=34225'>Next<\/a>\n\t<\/li>\n\n\n    \n\n<li><a href='?page_no=37000'>Last &rsaquo;&rsaquo;<\/a><\/li>\n\n<\/ul>\n\n\n--><br \/>\n<\/body><\/p>\n","protected":false},"excerpt":{"rendered":"<p>Leonel garantiza continuidad bienestar de todos los dominicanos &#13; Santo Domingo.- El doctor Leonel Fern\u00e1ndez garantiza el clima de avance y de bienestar que el pueblo dominicano necesita para seguir su ruta hacia el progreso. &#13; La declaraci\u00f3n fue dada por la miembro del Comit\u00e9 Pol\u00edtico del Partido de la Liberaci\u00f3n Dominicana, arquitecta Alma Fern\u00e1ndez, [&hellip;]<\/p>\n","protected":false},"author":3,"featured_media":0,"comment_status":"open","ping_status":"open","sticky":false,"template":"","format":"standard","meta":{"footnotes":""},"categories":[22],"tags":[],"class_list":["post-191476","post","type-post","status-publish","format-standard","hentry","category-politica"],"_links":{"self":[{"href":"https:\/\/diariodominicano.com\/index.php?rest_route=\/wp\/v2\/posts\/191476","targetHints":{"allow":["GET"]}}],"collection":[{"href":"https:\/\/diariodominicano.com\/index.php?rest_route=\/wp\/v2\/posts"}],"about":[{"href":"https:\/\/diariodominicano.com\/index.php?rest_route=\/wp\/v2\/types\/post"}],"author":[{"embeddable":true,"href":"https:\/\/diariodominicano.com\/index.php?rest_route=\/wp\/v2\/users\/3"}],"replies":[{"embeddable":true,"href":"https:\/\/diariodominicano.com\/index.php?rest_route=%2Fwp%2Fv2%2Fcomments&post=191476"}],"version-history":[{"count":0,"href":"https:\/\/diariodominicano.com\/index.php?rest_route=\/wp\/v2\/posts\/191476\/revisions"}],"wp:attachment":[{"href":"https:\/\/diariodominicano.com\/index.php?rest_route=%2Fwp%2Fv2%2Fmedia&parent=191476"}],"wp:term":[{"taxonomy":"category","embeddable":true,"href":"https:\/\/diariodominicano.com\/index.php?rest_route=%2Fwp%2Fv2%2Fcategories&post=191476"},{"taxonomy":"post_tag","embeddable":true,"href":"https:\/\/diariodominicano.com\/index.php?rest_route=%2Fwp%2Fv2%2Ftags&post=191476"}],"curies":[{"name":"wp","href":"https:\/\/api.w.org\/{rel}","templated":true}]}}