{"id":191474,"date":"2008-01-28T22:29:56","date_gmt":"2008-01-28T22:29:56","guid":{"rendered":"http:\/\/diariodominicano.ddns.net\/?p=191474"},"modified":"2008-01-28T22:29:56","modified_gmt":"2008-01-28T22:29:56","slug":"pared-perez-dice-que-obras-dejo-abandonadas-mvm-echan-por-la-borda-imagen-de-gerente-que-quiere-vender","status":"publish","type":"post","link":"https:\/\/diariodominicano.com\/?p=191474","title":{"rendered":"Pared P\u00e9rez dice que obras dej\u00f3 abandonadas MVM echan por la borda imagen de gerente que quiere vender"},"content":{"rendered":"<p><body><\/p>\n<p class=\"titulogrande1\">Pared  P\u00e9rez dice que obras dej\u00f3 abandonadas MVM echan por la borda imagen de gerente  que quiere vender<\/p>\n<p>&#13;<\/p>\n<p align=\"justify\" class=\"text1noticias\"><strong><img loading=\"lazy\" decoding=\"async\" src=\"http:\/\/localhost:8080\/pictures\/reynaldo pared perez pic.jpg\" width=\"269\" height=\"213\" hspace=\"4\" align=\"left\" \/>Santo Domingo.-<\/strong> Reinaldo  Pared P\u00e9rez, Secretario General del Partido de la Liberaci\u00f3n Dominicana  (PLD), consider\u00f3 como correcto y acertado la recordaci\u00f3n que hizo el Presidente  Leonel Fern\u00e1ndez en su discurso de\u00a0  proclamaci\u00f3n, de las obras que el ahora candidato  perredeista-pepehachista,\u00a0 no toc\u00f3 siendo  Secretario de Estado de Obras Publicas durante la gesti\u00f3n 2000-2004 encabeza  por Hip\u00f3lito Mej\u00eda.<br \/>&#13;<br \/>\n  \u00a0<br \/>&#13;<br \/>\n   Dijo que tantas obras abandonadas echan por la borda la  imagen de \u00abgerente\u00bb que se quiere vender del candidato del PRD-PPH.<br \/>&#13;<br \/>\n  \u00a0<br \/>&#13;<br \/>\n  \u00abEn verdad no lo es, porque una serie de obras que  ameritaban poco esfuerzos para su conclusi\u00f3n, este se\u00f1or no termin\u00f3 ninguna de ellas\u00bb,  declar\u00f3 Pared P\u00e9rez en declaraciones rese\u00f1adas por la Secretar\u00eda de  Comunicaciones del PLD.<br \/>&#13;<br \/>\n  \u00a0<br \/>&#13;<br \/>\n   Reiter\u00f3 que sus adversarios del PRD se han caracterizado en  ser vendedores de ilusiones que en la pr\u00e1ctica se convierten en pesadillas. <br \/>&#13;<br \/>\n  \u00a0<br \/>&#13;<br \/>\n   Calific\u00f3 de magnifico el acto de proclamaci\u00f3n de la  candidatura del Doctor Leonel Fern\u00e1ndez, presidente del PLD y de la Rep\u00fablica, en el que se  combin\u00f3 el colorido, el entusiasmo y participaci\u00f3n de las personas.<br \/>&#13;<br \/>\n  \u00a0<br \/>&#13;<br \/>\n   Valor\u00f3 como positiva la propuesta de un pacto social presentada  en su discurso por el Presidente Leonel Fern\u00e1ndez, se\u00f1alando que la misma va  dirigida a las dem\u00e1s fuerzas pol\u00edticas y sociales en sentido general.<br \/>&#13;<br \/>\n  \u00a0<br \/>&#13;<br \/>\n   Dijo que \u00abes una oportunidad de oro, partiendo del  actual momento que vive el pa\u00eds, aceptar la oferta que ha hecho el Doctor  Leonel Fern\u00e1ndez de llamar a todos los sectores interesados en procurar alg\u00fan  tipo de mejor\u00eda para los sectores que lo necesitan, que nos avini\u00e9ramos a la  concertaci\u00f3n de un pacto social\u00bb.<br \/>&#13;<br \/>\n  \u00a0<br \/>&#13;<br \/>\n   En otro aspecto y sobre el nivel de la campa\u00f1a pol\u00edtica, el  Secretario General considera que si desde el \u00e1mbito del PRD se reduce\u00a0 el tono del discurso que llega al irrespeto y  la insolencia,\u00a0 no es necesario la celebraci\u00f3n  encuentros y pactos.<br \/>&#13;<br \/>\n  \u00a0<br \/>&#13;<br \/>\n  En ese orden calific\u00f3  \u00abde deslenguado e irrespetuoso\u00bb al presidente del Partido  Revolucionario Dominicano; sosteniendo que la investidura de Presidente de la Republica que ostenta el  Doctor Leonel Fern\u00e1ndez,\u00a0 merece la  consideraci\u00f3n de su adversario, muy por el contrario al comportamiento del  presidente perrede\u00edsta, quien usa expresiones insultantes contra el Jefe del  Estado.<br \/>&#13;<br \/>\n  \u00a0<br \/>&#13;<br \/>\n  \u00abSi ese tono destemplado  y deslenguado, incalificable del presidente del PRD y otros dirigentes, no  bajan, no estar\u00edamos en condiciones de sentarnos conjuntamente con ellos\u00bb,  sostuvo al pronunciarse sobre las ideas de reuniones y encuentros para  conciliar el tono de la campa\u00f1a. <\/p>\n<p>&#13;<\/p>\n<h6> 2008-01-28 22:29:56 <\/h6>\n<p><!--\n<link rel=\"stylesheet\" href=\"css\/bootstrap.min.css\">\n\n\n<ul class=\"pagination\">\n\t    \n\t\n\n<li >\n\t<a href='?page_no=34221'>Previous<\/a>\n\t<\/li>\n\n\n       \n    \n\n<li><a href='?page_no=1'>1<\/a><\/li>\n\n\n\n<li><a href='?page_no=2'>2<\/a><\/li>\n\n\n\n<li><a>...<\/a><\/li>\n\n\n\n<li><a href='?page_no=34220'>34220<\/a><\/li>\n\n\n\n<li><a href='?page_no=34221'>34221<\/a><\/li>\n\n\n\n<li class='active'><a>34222<\/a><\/li>\n\n\n\n<li><a href='?page_no=34223'>34223<\/a><\/li>\n\n\n\n<li><a href='?page_no=34224'>34224<\/a><\/li>\n\n\n\n<li><a>...<\/a><\/li>\n\n\n\n<li><a href='?page_no=36999'>36999<\/a><\/li>\n\n\n\n<li><a href='?page_no=37000'>37000<\/a><\/li>\n\n    \n\t\n\n<li >\n\t<a href='?page_no=34223'>Next<\/a>\n\t<\/li>\n\n\n    \n\n<li><a href='?page_no=37000'>Last &rsaquo;&rsaquo;<\/a><\/li>\n\n<\/ul>\n\n\n--><br \/>\n<\/body><\/p>\n","protected":false},"excerpt":{"rendered":"<p>Pared P\u00e9rez dice que obras dej\u00f3 abandonadas MVM echan por la borda imagen de gerente que quiere vender &#13; Santo Domingo.- Reinaldo Pared P\u00e9rez, Secretario General del Partido de la Liberaci\u00f3n Dominicana (PLD), consider\u00f3 como correcto y acertado la recordaci\u00f3n que hizo el Presidente Leonel Fern\u00e1ndez en su discurso de\u00a0 proclamaci\u00f3n, de las obras que [&hellip;]<\/p>\n","protected":false},"author":3,"featured_media":0,"comment_status":"open","ping_status":"open","sticky":false,"template":"","format":"standard","meta":{"footnotes":""},"categories":[22],"tags":[],"class_list":["post-191474","post","type-post","status-publish","format-standard","hentry","category-politica"],"_links":{"self":[{"href":"https:\/\/diariodominicano.com\/index.php?rest_route=\/wp\/v2\/posts\/191474","targetHints":{"allow":["GET"]}}],"collection":[{"href":"https:\/\/diariodominicano.com\/index.php?rest_route=\/wp\/v2\/posts"}],"about":[{"href":"https:\/\/diariodominicano.com\/index.php?rest_route=\/wp\/v2\/types\/post"}],"author":[{"embeddable":true,"href":"https:\/\/diariodominicano.com\/index.php?rest_route=\/wp\/v2\/users\/3"}],"replies":[{"embeddable":true,"href":"https:\/\/diariodominicano.com\/index.php?rest_route=%2Fwp%2Fv2%2Fcomments&post=191474"}],"version-history":[{"count":0,"href":"https:\/\/diariodominicano.com\/index.php?rest_route=\/wp\/v2\/posts\/191474\/revisions"}],"wp:attachment":[{"href":"https:\/\/diariodominicano.com\/index.php?rest_route=%2Fwp%2Fv2%2Fmedia&parent=191474"}],"wp:term":[{"taxonomy":"category","embeddable":true,"href":"https:\/\/diariodominicano.com\/index.php?rest_route=%2Fwp%2Fv2%2Fcategories&post=191474"},{"taxonomy":"post_tag","embeddable":true,"href":"https:\/\/diariodominicano.com\/index.php?rest_route=%2Fwp%2Fv2%2Ftags&post=191474"}],"curies":[{"name":"wp","href":"https:\/\/api.w.org\/{rel}","templated":true}]}}