{"id":191473,"date":"2008-01-28T22:39:11","date_gmt":"2008-01-28T22:39:11","guid":{"rendered":"http:\/\/diariodominicano.ddns.net\/?p=191473"},"modified":"2008-01-28T22:39:11","modified_gmt":"2008-01-28T22:39:11","slug":"javier-garcia-dice-vargas-maldonado-tiene-discurso-demagogico-que-nadie-se-lo-cree","status":"publish","type":"post","link":"https:\/\/diariodominicano.com\/?p=191473","title":{"rendered":"Javier Garc\u00eda dice Vargas Maldonado tiene discurso demag\u00f3gico que nadie se lo cree"},"content":{"rendered":"<p><body><\/p>\n<p align=\"justify\" class=\"titulogrande1\">Javier  Garc\u00eda dice Vargas Maldonado tiene discurso demag\u00f3gico que nadie se lo cree<\/p>\n<p>&#13;<\/p>\n<p align=\"justify\" class=\"text1noticias\"><strong><img loading=\"lazy\" decoding=\"async\" src=\"http:\/\/localhost:8080\/pictures\/francisco javier pld.jpg\" width=\"269\" height=\"189\" hspace=\"4\" align=\"left\" \/>Santo Domingo.-<\/strong> Francisco  Javier Garc\u00eda, Coordinador General del Comit\u00e9 Nacional de Campa\u00f1a del Partido  de la Liberaci\u00f3n   Dominicana (PLD), afirm\u00f3 que la diferencia del Presidente  Leonel Fern\u00e1ndez con el candidato perredeista-pepehachista, es que el candidato  opositor tiene un discurso demag\u00f3gico que nadie se lo cree.<br \/>&#13;<br \/>\n  \u00a0<br \/>&#13;<br \/>\n  Sostuvo que el antecedente  del aludido candidato es el gobierno de Hip\u00f3lito Mej\u00eda, mientras que en la  propuesta de Leonel Fern\u00e1ndez no hay demagogia ni mentiras.<br \/>&#13;<br \/>\n  \u00a0<br \/>&#13;<br \/>\n  Consider\u00f3 al candidato  perredeista-pepehachista como el peor Secretario de Estado de Obras P\u00fablicas  que ha pasado por gobierno alguno, ya que todas las obras que estaban a punto  de concluirse no fueron tocadas por el funcionario del anterior gobierno. <br \/>&#13;<br \/>\n  \u00a0<br \/>&#13;<br \/>\n  A juicio de Garc\u00eda el  candidato perredeista est\u00e1 descalificado para hablar el fortalecimiento a la  justicia, la salud y la educaci\u00f3n, cuando obras dedicadas a esos sectores  siquiera fueron tocadas en la gesti\u00f3n en la que fue un funcionario de mucha  importancia.<br \/>&#13;<br \/>\n  \u00a0<br \/>&#13;<br \/>\n\u00abC\u00f3mo puede el candidato  del PRD hacerle un llamado al Presidente Leonel Fernandez, para fortalecer la  justicia. Pero el edificio de la   Suprema estaba terminado en un 90 por ciento, cuando \u00e9l por  ah\u00ed no pas\u00f3 en cuatro a\u00f1os\u00bb, refiri\u00f3 el dirigente pelede\u00edsta al agregar  que dicho cantidad \u00abno puso un block, no dio un brochazo, no coloc\u00f3\u00a0 un clavo, y hablando de fortalecer el Poder  Judicial\u00bb, precis\u00f3.<br \/>&#13;<br \/>\n  \u00a0<br \/>&#13;<br \/>\n  Calific\u00f3 de mal candidato al  adversario del PRD-PPH, poniendo en dudas que llegue al 16 de mayo con el 31  por ciento de los votos.<br \/>&#13;<br \/>\n  \u00a0<br \/>&#13;<br \/>\n  Consider\u00f3 que si se mantiene  en ese nivel de preferencia electoral \u00abestar\u00e1 dando un palo por los  411\u00bb.<br \/>&#13;<br \/>\n  \u00a0<br \/>&#13;<br \/>\n  Expres\u00f3 que si la situaci\u00f3n  contin\u00faa como va, el candidato perredeista-pepehachista no obtendr\u00e1 la votaci\u00f3n  que consigui\u00f3 su partido en las elecciones del 2004.<br \/>&#13;<br \/>\n  \u00a0<br \/>&#13;<br \/>\n  Le enrostr\u00f3 que como  candidato no ha logrado ni siquiera la integraci\u00f3n de perredeistas  tradicionales como el ex s\u00edndico del Distrito Nacional Jhonny Ventura.<br \/>&#13;<br \/>\n  \u00a0<br \/>&#13;<br \/>\n\u00abCuando una figura como  Jhonny Ventura, que es un hombre que viene de las entra\u00f1as del pueblo  dominicano, un hombre popular. Jhonny\u00a0  Ventura es un hombre que no necesitaba los partidos pol\u00edticos para ser  una figura o una personalidad en este pa\u00eds. Es m\u00e1s, se podr\u00eda decir que los  partidos pol\u00edticos en este caso, a una gente como \u00e9l o como Juan Lu\u00eds Guerra en  vez de hacerle bien a veces le hacen da\u00f1o por que le pueden sectorizar una  parte de la poblaci\u00f3n, y Jhonny Ventura que fue un hombre que demostr\u00f3 que de  verdad era amigo de Pe\u00f1a G\u00f3mez, que estuvo acompa\u00f1ando a Pe\u00f1a G\u00f3mez todo el  tiempo, ha dicho que Miguel Vargas no lo representa a \u00e9l\u00bb, abund\u00f3 Garc\u00eda  al acotar que el actual candidato opositor \u00abrepresenta la traici\u00f3n del  viejo PRD\u00bb.<br \/>&#13;<br \/>\n  \u00a0<br \/>&#13;<br \/>\nDestac\u00f3 que en contraposici\u00f3n  los estrategas y el candidato del PRD-PPH enarbolan la consigna de un supuesto  \u00abnuevo PRD\u00bb.<\/p>\n<p>&#13;<\/p>\n<h6> 2008-01-28 22:39:11 <\/h6>\n<p><!--\n<link rel=\"stylesheet\" href=\"css\/bootstrap.min.css\">\n\n\n<ul class=\"pagination\">\n\t    \n\t\n\n<li >\n\t<a href='?page_no=34220'>Previous<\/a>\n\t<\/li>\n\n\n       \n    \n\n<li><a href='?page_no=1'>1<\/a><\/li>\n\n\n\n<li><a href='?page_no=2'>2<\/a><\/li>\n\n\n\n<li><a>...<\/a><\/li>\n\n\n\n<li><a href='?page_no=34219'>34219<\/a><\/li>\n\n\n\n<li><a href='?page_no=34220'>34220<\/a><\/li>\n\n\n\n<li class='active'><a>34221<\/a><\/li>\n\n\n\n<li><a href='?page_no=34222'>34222<\/a><\/li>\n\n\n\n<li><a href='?page_no=34223'>34223<\/a><\/li>\n\n\n\n<li><a>...<\/a><\/li>\n\n\n\n<li><a href='?page_no=36999'>36999<\/a><\/li>\n\n\n\n<li><a href='?page_no=37000'>37000<\/a><\/li>\n\n    \n\t\n\n<li >\n\t<a href='?page_no=34222'>Next<\/a>\n\t<\/li>\n\n\n    \n\n<li><a href='?page_no=37000'>Last &rsaquo;&rsaquo;<\/a><\/li>\n\n<\/ul>\n\n\n--><br \/>\n<\/body><\/p>\n","protected":false},"excerpt":{"rendered":"<p>Javier Garc\u00eda dice Vargas Maldonado tiene discurso demag\u00f3gico que nadie se lo cree &#13; Santo Domingo.- Francisco Javier Garc\u00eda, Coordinador General del Comit\u00e9 Nacional de Campa\u00f1a del Partido de la Liberaci\u00f3n Dominicana (PLD), afirm\u00f3 que la diferencia del Presidente Leonel Fern\u00e1ndez con el candidato perredeista-pepehachista, es que el candidato opositor tiene un discurso demag\u00f3gico que [&hellip;]<\/p>\n","protected":false},"author":3,"featured_media":0,"comment_status":"open","ping_status":"open","sticky":false,"template":"","format":"standard","meta":{"footnotes":""},"categories":[22],"tags":[],"class_list":["post-191473","post","type-post","status-publish","format-standard","hentry","category-politica"],"_links":{"self":[{"href":"https:\/\/diariodominicano.com\/index.php?rest_route=\/wp\/v2\/posts\/191473","targetHints":{"allow":["GET"]}}],"collection":[{"href":"https:\/\/diariodominicano.com\/index.php?rest_route=\/wp\/v2\/posts"}],"about":[{"href":"https:\/\/diariodominicano.com\/index.php?rest_route=\/wp\/v2\/types\/post"}],"author":[{"embeddable":true,"href":"https:\/\/diariodominicano.com\/index.php?rest_route=\/wp\/v2\/users\/3"}],"replies":[{"embeddable":true,"href":"https:\/\/diariodominicano.com\/index.php?rest_route=%2Fwp%2Fv2%2Fcomments&post=191473"}],"version-history":[{"count":0,"href":"https:\/\/diariodominicano.com\/index.php?rest_route=\/wp\/v2\/posts\/191473\/revisions"}],"wp:attachment":[{"href":"https:\/\/diariodominicano.com\/index.php?rest_route=%2Fwp%2Fv2%2Fmedia&parent=191473"}],"wp:term":[{"taxonomy":"category","embeddable":true,"href":"https:\/\/diariodominicano.com\/index.php?rest_route=%2Fwp%2Fv2%2Fcategories&post=191473"},{"taxonomy":"post_tag","embeddable":true,"href":"https:\/\/diariodominicano.com\/index.php?rest_route=%2Fwp%2Fv2%2Ftags&post=191473"}],"curies":[{"name":"wp","href":"https:\/\/api.w.org\/{rel}","templated":true}]}}