{"id":191472,"date":"2008-01-28T22:50:39","date_gmt":"2008-01-28T22:50:39","guid":{"rendered":"http:\/\/diariodominicano.ddns.net\/?p=191472"},"modified":"2008-01-28T22:50:39","modified_gmt":"2008-01-28T22:50:39","slug":"valoy-considera-solos-leonel-fernandez-puede-enfrentar-con-exito-eventual-recesion-mundial","status":"publish","type":"post","link":"https:\/\/diariodominicano.com\/?p=191472","title":{"rendered":"Valoy considera solos Leonel Fern\u00e1ndez puede enfrentar con \u00e9xito eventual Recesi\u00f3n Mundial"},"content":{"rendered":"<p><body><\/p>\n<p align=\"justify\" class=\"titulogrande1\"><strong>Valoy considera solo  Leonel Fern\u00e1ndez puede enfrentar con \u00e9xito Eventual Recesi\u00f3n Mundial <\/strong> <\/p>\n<p>&#13;<\/p>\n<p align=\"justify\"><span class=\"text1noticias\"><strong><img loading=\"lazy\" decoding=\"async\" src=\"http:\/\/localhost:8080\/pictures\/elvis valoy.jpg\" width=\"269\" height=\"314\" hspace=\"4\" align=\"left\" \/>Santo Domingo.-<\/strong> El licenciado Elvis  Valoy reconoci\u00f3 que si el mundo cae en una recesi\u00f3n\u00a0econ\u00f3mica, como  vienen vaticinando amplios sectores\u00a0,\u00a0solo el presidente Leonel  Fern\u00e1ndez podr\u00eda enfrentarla \u00a0con \u00e9xito, como lo hizo a ra\u00edz de su ascenso  al poder en el 2004, cuando el pa\u00eds\u00a0fue \u00a0sumido en la peor debacle de  toda su historia.<\/span><\/p>\n<p>&#13;<\/p>\n<p align=\"justify\" class=\"text1noticias\"> Para el soci\u00f3logo y pol\u00edtico,  las\u00a0bajas en \u00a0\u00a0las diferentes bolsas de valores mundiales  apuntan\u00a0en la direcci\u00f3n de una recesi\u00f3n mundial,\u00bb&#8230;por lo  que\u00a0\u00a0los dominicanos debemos reelegir al presidente Leonel Fern\u00e1ndez  como primera medida\u00a0para garantizar que esa coyuntura sea dirigida por un  estadista con experiencia y exitoso, y \u00a0que nos llevar\u00e1 a \u00a0puerto  seguro\u00bb. \u00a0<\/p>\n<p>&#13;<\/p>\n<p align=\"justify\" class=\"text1noticias\"> Valoy descart\u00f3 al ingeniero Miguel  Vargas Maldonado para dirigir los destinos de la Naci\u00f3n en un momento de  recesi\u00f3n mundial, ya que el MVP&#8230;\u00bb \u00fanicamente va a los puestos p\u00fablicos a  hacer negocios personales, como lo demostr\u00f3 la venta de terrenos en \u00e1reas  verdes por 15 millones de d\u00f3lares&#8230;\u00bb, resalt\u00f3 Valoy.<\/p>\n<p>&#13;<\/p>\n<p align=\"justify\" class=\"text1noticias\"> Aquilat\u00f3 las ejecutorias del  presidente Leonel Fern\u00e1ndez como las que le \u00a0permiten al pa\u00eds  continuar por senderos de crecimiento econ\u00f3mico y progreso y dijo que  ante una eventual crisis mundial, mal har\u00edamos los dominicanos en ponernos  en\u00a0manos de negociantes de la pol\u00edtica que sumir\u00edan de nuevo a la Naci\u00f3n\u00a0en\u00a0la  pobreza extrema y el caos.<br \/>&#13;<br \/>\n  <br \/>&#13;<br \/>\nValoy dijo que el presidente Leonel  Fern\u00e1ndez mantuvo al pa\u00eds con crecimiento econ\u00f3mico\u00a0durante el cuatrienio  1996-2000, al extremo de que el gobierno del PRD en el examen de pol\u00edticas  comerciales ante la\u00a0Organizaci\u00f3n Mundial del Comercio OMC , lo n\u00fameros que  present\u00f3 fueron los del gobierno de Leonel Fern\u00e1ndez ,como forma de demostrale  a ese organismo internacional radicado en Suiza que el pa\u00eds transitaba por  caminos de desarrollo .Pero asimismo , agreg\u00f3 que el presidente Leonel  Fern\u00e1ndez\u00a0\u00a0\u00a0 rescat\u00f3 al pa\u00eds en el a\u00f1o 2004, luego\u00a0\u00a0de  la grave crisis en que lo sumi\u00f3 el gobierno del  PRD.\u00a0\u00a0\u00a0\u00a0\u00a0<\/p>\n<p>&#13;<\/p>\n<h6> 2008-01-28 22:50:39 <\/h6>\n<p><!--\n<link rel=\"stylesheet\" href=\"css\/bootstrap.min.css\">\n\n\n<ul class=\"pagination\">\n\t    \n\t\n\n<li >\n\t<a href='?page_no=34219'>Previous<\/a>\n\t<\/li>\n\n\n       \n    \n\n<li><a href='?page_no=1'>1<\/a><\/li>\n\n\n\n<li><a href='?page_no=2'>2<\/a><\/li>\n\n\n\n<li><a>...<\/a><\/li>\n\n\n\n<li><a href='?page_no=34218'>34218<\/a><\/li>\n\n\n\n<li><a href='?page_no=34219'>34219<\/a><\/li>\n\n\n\n<li class='active'><a>34220<\/a><\/li>\n\n\n\n<li><a href='?page_no=34221'>34221<\/a><\/li>\n\n\n\n<li><a href='?page_no=34222'>34222<\/a><\/li>\n\n\n\n<li><a>...<\/a><\/li>\n\n\n\n<li><a href='?page_no=36999'>36999<\/a><\/li>\n\n\n\n<li><a href='?page_no=37000'>37000<\/a><\/li>\n\n    \n\t\n\n<li >\n\t<a href='?page_no=34221'>Next<\/a>\n\t<\/li>\n\n\n    \n\n<li><a href='?page_no=37000'>Last &rsaquo;&rsaquo;<\/a><\/li>\n\n<\/ul>\n\n\n--><br \/>\n<\/body><\/p>\n","protected":false},"excerpt":{"rendered":"<p>Valoy considera solo Leonel Fern\u00e1ndez puede enfrentar con \u00e9xito Eventual Recesi\u00f3n Mundial &#13; Santo Domingo.- El licenciado Elvis Valoy reconoci\u00f3 que si el mundo cae en una recesi\u00f3n\u00a0econ\u00f3mica, como vienen vaticinando amplios sectores\u00a0,\u00a0solo el presidente Leonel Fern\u00e1ndez podr\u00eda enfrentarla \u00a0con \u00e9xito, como lo hizo a ra\u00edz de su ascenso al poder en el 2004, cuando [&hellip;]<\/p>\n","protected":false},"author":3,"featured_media":0,"comment_status":"open","ping_status":"open","sticky":false,"template":"","format":"standard","meta":{"footnotes":""},"categories":[22],"tags":[],"class_list":["post-191472","post","type-post","status-publish","format-standard","hentry","category-politica"],"_links":{"self":[{"href":"https:\/\/diariodominicano.com\/index.php?rest_route=\/wp\/v2\/posts\/191472","targetHints":{"allow":["GET"]}}],"collection":[{"href":"https:\/\/diariodominicano.com\/index.php?rest_route=\/wp\/v2\/posts"}],"about":[{"href":"https:\/\/diariodominicano.com\/index.php?rest_route=\/wp\/v2\/types\/post"}],"author":[{"embeddable":true,"href":"https:\/\/diariodominicano.com\/index.php?rest_route=\/wp\/v2\/users\/3"}],"replies":[{"embeddable":true,"href":"https:\/\/diariodominicano.com\/index.php?rest_route=%2Fwp%2Fv2%2Fcomments&post=191472"}],"version-history":[{"count":0,"href":"https:\/\/diariodominicano.com\/index.php?rest_route=\/wp\/v2\/posts\/191472\/revisions"}],"wp:attachment":[{"href":"https:\/\/diariodominicano.com\/index.php?rest_route=%2Fwp%2Fv2%2Fmedia&parent=191472"}],"wp:term":[{"taxonomy":"category","embeddable":true,"href":"https:\/\/diariodominicano.com\/index.php?rest_route=%2Fwp%2Fv2%2Fcategories&post=191472"},{"taxonomy":"post_tag","embeddable":true,"href":"https:\/\/diariodominicano.com\/index.php?rest_route=%2Fwp%2Fv2%2Ftags&post=191472"}],"curies":[{"name":"wp","href":"https:\/\/api.w.org\/{rel}","templated":true}]}}