{"id":191471,"date":"2008-01-28T23:13:09","date_gmt":"2008-01-28T23:13:09","guid":{"rendered":"http:\/\/diariodominicano.ddns.net\/?p=191471"},"modified":"2008-01-28T23:13:09","modified_gmt":"2008-01-28T23:13:09","slug":"se-reuniran-dirigentes-del-consejo-presidencial-y-el-movimiento-leonel-en-primera-vuelta","status":"publish","type":"post","link":"https:\/\/diariodominicano.com\/?p=191471","title":{"rendered":"Se reunir\u00e1n dirigentes del Consejo Presidencial y el Movimiento Leonel en Primera Vuelta"},"content":{"rendered":"<p><body><\/p>\n<p align=\"justify\" class=\"titulogrande1\"><strong>Se reunir\u00e1n dirigentes del Consejo Presidencial y el Movimiento Leonel  en Primera Vuelta<\/strong> <\/p>\n<p>&#13;<\/p>\n<p align=\"justify\" class=\"text1noticias\"><strong><img loading=\"lazy\" decoding=\"async\" src=\"http:\/\/localhost:8080\/pictures\/consejo presidencial.jpg\" width=\"269\" height=\"181\" hspace=\"4\" align=\"left\" \/>Santo Domingo.-<\/strong> Dirigentes  provinciales y municipales, organizados en el Consejo Presidencial y el  Movimiento Leonel en Primera Vuelta, celebrar\u00e1n un encuentro con el presidente  Leonel Fern\u00e1ndez el pr\u00f3ximo mi\u00e9rcoles a partir de las 5:00 de la tarde, en el  Hotel Hilton. <\/p>\n<p>&#13;<\/p>\n<p align=\"justify\" class=\"text1noticias\">El  anuncio lo hizo el canciller Carlos Morales Troncoso, l\u00edder m\u00e1ximo del Consejo  Presidencial y el Movimiento Leonel en Primera Vuelta, durante una rueda de  prensa en la que participaron los m\u00e1s importantes dirigentes de esas  agrupaciones aliadas al Partido de la Liberaci\u00f3n Dominicana  (PLD). <\/p>\n<p>&#13;<\/p>\n<p align=\"justify\" class=\"text1noticias\">\u00abCon  el encuentro del mi\u00e9rcoles quedar\u00e1 demostrado la importante fuerza que  representamos los balagueristas para que contin\u00fae el progreso en la Rep\u00fablica Dominicana.  Le reiteraremos nuestro compromiso al presidente Fern\u00e1ndez, de que trabajaremos  con esmero y dedicaci\u00f3n para que quede asegurado su triunfo indiscutible en las  elecciones del 16 de Mayo\u00bb. <\/p>\n<p>&#13;<\/p>\n<p align=\"justify\" class=\"text1noticias\">Morales  Troncoso hizo extensiva la invitaci\u00f3n a los dirigentes de los partidos aliados.  Asegur\u00f3 que el encuentro contar\u00e1 con la participaci\u00f3n de dirigentes \u00a0del Consejo  Presidencial y el Movimiento Primera Vuelta de New York, New Jersey, Puerto  Rico, Miami, Boston y otros puntos de votaci\u00f3n del exterior. <\/p>\n<p>&#13;<\/p>\n<p align=\"justify\" class=\"text1noticias\">Se  inform\u00f3 adem\u00e1s que en el encuentro participar\u00e1 el director de campa\u00f1a del PLD,  Francisco Javier Garc\u00eda. <\/p>\n<p>&#13;<\/p>\n<p align=\"justify\" class=\"text1noticias\">En la Rueda de Prensa, Morales  Troncoso estuvo acompa\u00f1ado de los dirigentes Tito Hern\u00e1ndez, Leonardo Matos  Berrido, Angel Lockward, Humberto Salazar, Prin Pujols, Carlos Leraux, y  Claudio De los Santos entre otros. <\/p>\n<p>&#13;<\/p>\n<h6> 2008-01-28 23:13:09 <\/h6>\n<p><!--\n<link rel=\"stylesheet\" href=\"css\/bootstrap.min.css\">\n\n\n<ul class=\"pagination\">\n\t    \n\t\n\n<li >\n\t<a href='?page_no=34218'>Previous<\/a>\n\t<\/li>\n\n\n       \n    \n\n<li><a href='?page_no=1'>1<\/a><\/li>\n\n\n\n<li><a href='?page_no=2'>2<\/a><\/li>\n\n\n\n<li><a>...<\/a><\/li>\n\n\n\n<li><a href='?page_no=34217'>34217<\/a><\/li>\n\n\n\n<li><a href='?page_no=34218'>34218<\/a><\/li>\n\n\n\n<li class='active'><a>34219<\/a><\/li>\n\n\n\n<li><a href='?page_no=34220'>34220<\/a><\/li>\n\n\n\n<li><a href='?page_no=34221'>34221<\/a><\/li>\n\n\n\n<li><a>...<\/a><\/li>\n\n\n\n<li><a href='?page_no=36999'>36999<\/a><\/li>\n\n\n\n<li><a href='?page_no=37000'>37000<\/a><\/li>\n\n    \n\t\n\n<li >\n\t<a href='?page_no=34220'>Next<\/a>\n\t<\/li>\n\n\n    \n\n<li><a href='?page_no=37000'>Last &rsaquo;&rsaquo;<\/a><\/li>\n\n<\/ul>\n\n\n--><br \/>\n<\/body><\/p>\n","protected":false},"excerpt":{"rendered":"<p>Se reunir\u00e1n dirigentes del Consejo Presidencial y el Movimiento Leonel en Primera Vuelta &#13; Santo Domingo.- Dirigentes provinciales y municipales, organizados en el Consejo Presidencial y el Movimiento Leonel en Primera Vuelta, celebrar\u00e1n un encuentro con el presidente Leonel Fern\u00e1ndez el pr\u00f3ximo mi\u00e9rcoles a partir de las 5:00 de la tarde, en el Hotel Hilton. [&hellip;]<\/p>\n","protected":false},"author":3,"featured_media":0,"comment_status":"open","ping_status":"open","sticky":false,"template":"","format":"standard","meta":{"footnotes":""},"categories":[22],"tags":[],"class_list":["post-191471","post","type-post","status-publish","format-standard","hentry","category-politica"],"_links":{"self":[{"href":"https:\/\/diariodominicano.com\/index.php?rest_route=\/wp\/v2\/posts\/191471","targetHints":{"allow":["GET"]}}],"collection":[{"href":"https:\/\/diariodominicano.com\/index.php?rest_route=\/wp\/v2\/posts"}],"about":[{"href":"https:\/\/diariodominicano.com\/index.php?rest_route=\/wp\/v2\/types\/post"}],"author":[{"embeddable":true,"href":"https:\/\/diariodominicano.com\/index.php?rest_route=\/wp\/v2\/users\/3"}],"replies":[{"embeddable":true,"href":"https:\/\/diariodominicano.com\/index.php?rest_route=%2Fwp%2Fv2%2Fcomments&post=191471"}],"version-history":[{"count":0,"href":"https:\/\/diariodominicano.com\/index.php?rest_route=\/wp\/v2\/posts\/191471\/revisions"}],"wp:attachment":[{"href":"https:\/\/diariodominicano.com\/index.php?rest_route=%2Fwp%2Fv2%2Fmedia&parent=191471"}],"wp:term":[{"taxonomy":"category","embeddable":true,"href":"https:\/\/diariodominicano.com\/index.php?rest_route=%2Fwp%2Fv2%2Fcategories&post=191471"},{"taxonomy":"post_tag","embeddable":true,"href":"https:\/\/diariodominicano.com\/index.php?rest_route=%2Fwp%2Fv2%2Ftags&post=191471"}],"curies":[{"name":"wp","href":"https:\/\/api.w.org\/{rel}","templated":true}]}}