{"id":191469,"date":"2008-01-28T23:37:09","date_gmt":"2008-01-28T23:37:09","guid":{"rendered":"http:\/\/diariodominicano.ddns.net\/?p=191469"},"modified":"2008-01-28T23:37:09","modified_gmt":"2008-01-28T23:37:09","slug":"candelier-dice-acto-proclamacion-de-leonel-fue-un-show-costoso-y-de-mal-gusto","status":"publish","type":"post","link":"https:\/\/diariodominicano.com\/?p=191469","title":{"rendered":"Candelier dice acto proclamaci\u00f3n de Leonel fue un show costoso y de mal gusto"},"content":{"rendered":"<p><body><\/p>\n<p align=\"justify\" class=\"titulogrande1\">Candelier dice  acto proclamaci\u00f3n de Leonel fue un show costoso y de mal gusto<\/p>\n<p>&#13;<\/p>\n<p align=\"justify\" class=\"text1noticias\"><strong>Santo Domingo.- <\/strong>El candidato presidencial  de Alianza Popular Pedro de Jes\u00fas Candelier, consider\u00f3 de costoso show el acto  de proclamaci\u00f3n de Leonel Fern\u00e1ndez. <\/p>\n<p>&#13;<\/p>\n<p align=\"justify\" class=\"text1noticias\">Es una actitud de coherencia pol\u00edtica que  subsiste entre el PLD y su presidente Leonel Fern\u00e1ndez cuando est\u00e1n en el  gobierno, donde la actitud irresponsable del despilfarro y de derroche del  dinero del pueblo dominicano se impone de manera\u00a0recurrente\u00a0 \u00a0\u201cen  ese espect\u00e1culo de circo pol\u00edtico que monto el presidente en el d\u00eda de su  proclamaci\u00f3n, debi\u00f3 haberle costado al erario publico mas de doscientos  millones de pesos\u201d dijo Candelier. <\/p>\n<p>&#13;<\/p>\n<p align=\"justify\" class=\"text1noticias\">Agreg\u00f3 que \u201ca faltas de argumentos  pol\u00edticos y de propuestas nuevas, dirigidas a aliviar las penas de este sufrido  pueblo, el proyecto reeleccionista de Leonel Fern\u00e1ndez, convoca y obliga a los  empleados p\u00fablicos asistir a un pasad\u00eda bailable financiado con los recursos  tributarios que pagamos todos los dominicanos, para pedirle cinco a\u00f1os mas a un  pueblo que no le cree ni una palabra\u201d. <\/p>\n<p>&#13;<\/p>\n<p align=\"justify\" class=\"text1noticias\">Afirm\u00f3 que \u201cse limito el presidente Leonel  Fern\u00e1ndez a recaerse por sus promesas de fantas\u00edas y de construcciones  fabulosas y fue muy lamentable que se le olvidara mencionar la \u00a0construcci\u00f3n de la \u00a0isla de la Fantas\u00eda frente a nuestro  malec\u00f3n, hoy engavetada por la reacci\u00f3n de rechazo que recibi\u00f3 su anuncio, y  que desencadeno \u00a0opiniones adversas en su contra de toda la  sociedad \u201ces el t\u00edpico comportamiento de los gobierno neoliberales de construir  grandes obras y fastuosas proyectos en medio de grandes miserias existenciales  de sus conciudadanos\u201d. <\/p>\n<p>&#13;<\/p>\n<p align=\"justify\" class=\"text1noticias\">En Am\u00e9rica de sur hemos tenido reacciones  de rechazos por parte de esos \u00a0pueblos a las pol\u00edticas Fara\u00f3nicas del gasto p\u00fablico, donde las inversiones solo  favorecen a los grandes contratistas y a la banca nacional e internacional, y  en consecuencia el pueblo dominicano tambi\u00e9n esta ya listo para reaccionar y  optar por las ofertas pol\u00edticas que privilegien las inversiones sociales en  primer termino\u201d explico Candelier. <\/p>\n<p>&#13;<\/p>\n<h6> 2008-01-28 23:37:09 <\/h6>\n<p><!--\n<link rel=\"stylesheet\" href=\"css\/bootstrap.min.css\">\n\n\n<ul class=\"pagination\">\n\t    \n\t\n\n<li >\n\t<a href='?page_no=34216'>Previous<\/a>\n\t<\/li>\n\n\n       \n    \n\n<li><a href='?page_no=1'>1<\/a><\/li>\n\n\n\n<li><a href='?page_no=2'>2<\/a><\/li>\n\n\n\n<li><a>...<\/a><\/li>\n\n\n\n<li><a href='?page_no=34215'>34215<\/a><\/li>\n\n\n\n<li><a href='?page_no=34216'>34216<\/a><\/li>\n\n\n\n<li class='active'><a>34217<\/a><\/li>\n\n\n\n<li><a href='?page_no=34218'>34218<\/a><\/li>\n\n\n\n<li><a href='?page_no=34219'>34219<\/a><\/li>\n\n\n\n<li><a>...<\/a><\/li>\n\n\n\n<li><a href='?page_no=36999'>36999<\/a><\/li>\n\n\n\n<li><a href='?page_no=37000'>37000<\/a><\/li>\n\n    \n\t\n\n<li >\n\t<a href='?page_no=34218'>Next<\/a>\n\t<\/li>\n\n\n    \n\n<li><a href='?page_no=37000'>Last &rsaquo;&rsaquo;<\/a><\/li>\n\n<\/ul>\n\n\n--><br \/>\n<\/body><\/p>\n","protected":false},"excerpt":{"rendered":"<p>Candelier dice acto proclamaci\u00f3n de Leonel fue un show costoso y de mal gusto &#13; Santo Domingo.- El candidato presidencial de Alianza Popular Pedro de Jes\u00fas Candelier, consider\u00f3 de costoso show el acto de proclamaci\u00f3n de Leonel Fern\u00e1ndez. &#13; Es una actitud de coherencia pol\u00edtica que subsiste entre el PLD y su presidente Leonel Fern\u00e1ndez [&hellip;]<\/p>\n","protected":false},"author":3,"featured_media":0,"comment_status":"open","ping_status":"open","sticky":false,"template":"","format":"standard","meta":{"footnotes":""},"categories":[22],"tags":[],"class_list":["post-191469","post","type-post","status-publish","format-standard","hentry","category-politica"],"_links":{"self":[{"href":"https:\/\/diariodominicano.com\/index.php?rest_route=\/wp\/v2\/posts\/191469","targetHints":{"allow":["GET"]}}],"collection":[{"href":"https:\/\/diariodominicano.com\/index.php?rest_route=\/wp\/v2\/posts"}],"about":[{"href":"https:\/\/diariodominicano.com\/index.php?rest_route=\/wp\/v2\/types\/post"}],"author":[{"embeddable":true,"href":"https:\/\/diariodominicano.com\/index.php?rest_route=\/wp\/v2\/users\/3"}],"replies":[{"embeddable":true,"href":"https:\/\/diariodominicano.com\/index.php?rest_route=%2Fwp%2Fv2%2Fcomments&post=191469"}],"version-history":[{"count":0,"href":"https:\/\/diariodominicano.com\/index.php?rest_route=\/wp\/v2\/posts\/191469\/revisions"}],"wp:attachment":[{"href":"https:\/\/diariodominicano.com\/index.php?rest_route=%2Fwp%2Fv2%2Fmedia&parent=191469"}],"wp:term":[{"taxonomy":"category","embeddable":true,"href":"https:\/\/diariodominicano.com\/index.php?rest_route=%2Fwp%2Fv2%2Fcategories&post=191469"},{"taxonomy":"post_tag","embeddable":true,"href":"https:\/\/diariodominicano.com\/index.php?rest_route=%2Fwp%2Fv2%2Ftags&post=191469"}],"curies":[{"name":"wp","href":"https:\/\/api.w.org\/{rel}","templated":true}]}}