{"id":191458,"date":"2008-01-29T22:23:19","date_gmt":"2008-01-29T22:23:19","guid":{"rendered":"http:\/\/diariodominicano.ddns.net\/?p=191458"},"modified":"2008-01-29T22:23:19","modified_gmt":"2008-01-29T22:23:19","slug":"melanio-paredes-dice-que-no-le-tumbaran-el-pulso-al-gobierno","status":"publish","type":"post","link":"https:\/\/diariodominicano.com\/?p=191458","title":{"rendered":"Melanio Paredes dice que no le tumbar\u00e1n el pulso al gobierno"},"content":{"rendered":"<p><body><\/p>\n<p class=\"titulogrande1\">Melanio  Paredes dice que no le tumbar\u00e1n el pulso al gobierno<\/p>\n<p>&#13;<\/p>\n<p align=\"justify\" class=\"text1noticias\"><strong><img loading=\"lazy\" decoding=\"async\" src=\"http:\/\/localhost:8080\/pictures\/melanio pic.jpg\" width=\"269\" height=\"212\" hspace=\"4\" align=\"left\" \/>Santo Domingo.-<\/strong> El secretario  de Industria y Comercio, Melanio Paredes, advirti\u00f3 \u00a0que no le doblar\u00e1n el pulso al gobierno\u00a0 los sectores que hacen demandas que no pueden  ser atendidas, por el hecho de que se aproximan las elecciones.<\/p>\n<p>&#13;<\/p>\n<p align=\"justify\" class=\"text1noticias\">Paredes se\u00a0refiri\u00f3 a las  demandas que realizan diversos sectores, algunos de los cuales han bloqueado  carreteras para que el gobierno atienda sus reclamos.<\/p>\n<p>&#13;<\/p>\n<p align=\"justify\" class=\"text1noticias\">Resalt\u00f3 que el gobierno del  presidente Leonel Fern\u00e1ndez\u00a0 ha tendido su mano solidaria a diferentes  sectores de la vida nacional hasta donde ha podido, pero record\u00f3 que son muchas  las demandas.<br \/>&#13;<br \/>\n  <br \/>&#13;<br \/>\n  Explic\u00f3 que las autoridades han realizado reuniones con sectores comerciales,  incluyendo los productores de leche en polvo, la cual ha experimentado aumentos  sustanciales en los \u00faltimos meses.<br \/>&#13;<br \/>\n  <br \/>&#13;<br \/>\n  A\u00f1adi\u00f3 que \u00abhemos visto como el gobierno ha atendido la demanda del sector  arrocero y otro sectores, y hoy recogemos en la prensa bloqueos de carreteras y  quejas que se hacen, porque tambi\u00e9n lo quieren todo, y yo pienso que hay que  ser\u00a0 prudente\u00bb.<br \/>&#13;<br \/>\n  \u00a0 <br \/>&#13;<br \/>\n  Explic\u00f3 que hay factores  ex\u00f3genos que determinan incrementos de precios que podr\u00edan afectar la canasta  familiar, pero que las autoridades trabajan en su identificaci\u00f3n, para saber si  se pueden atenuar con medidas fiscales, pero si no trata de que los aumentos  sean moderados para que no desaten una cadena inflacionaria.<br \/>&#13;<br \/>\n  <br \/>&#13;<br \/>\n  Se\u00f1al\u00f3 que \u00abtoda la situaci\u00f3n tienen que ser expuestas sobre la mesa,  analizamos sus estructuras de costo, sus m\u00e1rgenes de comercializaci\u00f3n y lo que  estamos es trabajando con esos par\u00e1metros, y el que no pueda justificar un  incremento, no habr\u00e1 incremento\u00bb.\u00a0\u00a0 <br \/>&#13;<br \/>\n  <br \/>&#13;<br \/>\n  En otro orden, el secretario de Industria y Comercio dijo que la poblaci\u00f3n debe  comprender que el tiempo de petr\u00f3leo barato se termino, y que todos tendremos  que convivir con petr\u00f3leo cada vez m\u00e1s escaso y m\u00e1s caro.<br \/>&#13;<br \/>\n  <br \/>&#13;<br \/>\n\u00abUn petr\u00f3leo a cien d\u00f3lares el barrial afecta el mercado de bienes, afecta  el mercado financiero, afecta el mercado de servicio, y tenemos que estar claro  en eso, y el pa\u00eds de alguna, debe establecer medidas para brindarse ante esa  situaci\u00f3n que no est\u00e1 bajo el control nuestro\u00bb, indic\u00f3.<br \/>&#13;<br \/>\n  <br \/>&#13;<br \/>\n  Igualmente, acus\u00f3 a la oposici\u00f3n, \u00abdesaprensiva e irresponsable\u00bb, de  utilizar esa situaci\u00f3n como elemento de campa\u00f1a, se\u00f1alando que el gobierno no  puede plantearle al pa\u00eds energ\u00eda y comida barata, cuando se tiene un entorno  internacional que golpea permanentemente esa posibilidad.<br \/>&#13;<br \/>\n  <br \/>&#13;<br \/>\n\u00abLo que un gobierno responsable, serio, o un partido que aspire al poder  debe hacer, es justamente lo que estamos haciendo nosotros\u00bb, asegur\u00f3.<\/p>\n<p>&#13;<\/p>\n<h6> 2008-01-29 22:23:19 <\/h6>\n<p><!--\n<link rel=\"stylesheet\" href=\"css\/bootstrap.min.css\">\n\n\n<ul class=\"pagination\">\n\t    \n\t\n\n<li >\n\t<a href='?page_no=34205'>Previous<\/a>\n\t<\/li>\n\n\n       \n    \n\n<li><a href='?page_no=1'>1<\/a><\/li>\n\n\n\n<li><a href='?page_no=2'>2<\/a><\/li>\n\n\n\n<li><a>...<\/a><\/li>\n\n\n\n<li><a href='?page_no=34204'>34204<\/a><\/li>\n\n\n\n<li><a href='?page_no=34205'>34205<\/a><\/li>\n\n\n\n<li class='active'><a>34206<\/a><\/li>\n\n\n\n<li><a href='?page_no=34207'>34207<\/a><\/li>\n\n\n\n<li><a href='?page_no=34208'>34208<\/a><\/li>\n\n\n\n<li><a>...<\/a><\/li>\n\n\n\n<li><a href='?page_no=36999'>36999<\/a><\/li>\n\n\n\n<li><a href='?page_no=37000'>37000<\/a><\/li>\n\n    \n\t\n\n<li >\n\t<a href='?page_no=34207'>Next<\/a>\n\t<\/li>\n\n\n    \n\n<li><a href='?page_no=37000'>Last &rsaquo;&rsaquo;<\/a><\/li>\n\n<\/ul>\n\n\n--><br \/>\n<\/body><\/p>\n","protected":false},"excerpt":{"rendered":"<p>Melanio Paredes dice que no le tumbar\u00e1n el pulso al gobierno &#13; Santo Domingo.- El secretario de Industria y Comercio, Melanio Paredes, advirti\u00f3 \u00a0que no le doblar\u00e1n el pulso al gobierno\u00a0 los sectores que hacen demandas que no pueden ser atendidas, por el hecho de que se aproximan las elecciones. &#13; Paredes se\u00a0refiri\u00f3 a las [&hellip;]<\/p>\n","protected":false},"author":3,"featured_media":0,"comment_status":"open","ping_status":"open","sticky":false,"template":"","format":"standard","meta":{"footnotes":""},"categories":[22],"tags":[],"class_list":["post-191458","post","type-post","status-publish","format-standard","hentry","category-politica"],"_links":{"self":[{"href":"https:\/\/diariodominicano.com\/index.php?rest_route=\/wp\/v2\/posts\/191458","targetHints":{"allow":["GET"]}}],"collection":[{"href":"https:\/\/diariodominicano.com\/index.php?rest_route=\/wp\/v2\/posts"}],"about":[{"href":"https:\/\/diariodominicano.com\/index.php?rest_route=\/wp\/v2\/types\/post"}],"author":[{"embeddable":true,"href":"https:\/\/diariodominicano.com\/index.php?rest_route=\/wp\/v2\/users\/3"}],"replies":[{"embeddable":true,"href":"https:\/\/diariodominicano.com\/index.php?rest_route=%2Fwp%2Fv2%2Fcomments&post=191458"}],"version-history":[{"count":0,"href":"https:\/\/diariodominicano.com\/index.php?rest_route=\/wp\/v2\/posts\/191458\/revisions"}],"wp:attachment":[{"href":"https:\/\/diariodominicano.com\/index.php?rest_route=%2Fwp%2Fv2%2Fmedia&parent=191458"}],"wp:term":[{"taxonomy":"category","embeddable":true,"href":"https:\/\/diariodominicano.com\/index.php?rest_route=%2Fwp%2Fv2%2Fcategories&post=191458"},{"taxonomy":"post_tag","embeddable":true,"href":"https:\/\/diariodominicano.com\/index.php?rest_route=%2Fwp%2Fv2%2Ftags&post=191458"}],"curies":[{"name":"wp","href":"https:\/\/api.w.org\/{rel}","templated":true}]}}