{"id":191457,"date":"2008-01-29T22:30:50","date_gmt":"2008-01-29T22:30:50","guid":{"rendered":"http:\/\/diariodominicano.ddns.net\/?p=191457"},"modified":"2008-01-29T22:30:50","modified_gmt":"2008-01-29T22:30:50","slug":"miguel-vargas-proclama-la-necesidad-de-un-gobierno-de-prioridades-identificadas-por-la-sociedad","status":"publish","type":"post","link":"https:\/\/diariodominicano.com\/?p=191457","title":{"rendered":"Miguel Vargas proclama la necesidad de un gobierno de prioridades identificadas por la sociedad"},"content":{"rendered":"<p><body><\/p>\n<p align=\"justify\" class=\"titulogrande1\"><strong>Miguel Vargas proclama la  necesidad de un gobierno<\/strong> <strong>de prioridades identificadas  por la sociedad <\/strong><\/p>\n<p>&#13;<\/p>\n<p align=\"justify\" class=\"text1noticias\"><strong><img loading=\"lazy\" decoding=\"async\" src=\"http:\/\/localhost:8080\/pictures\/miguel vargas discurso.jpg\" width=\"269\" height=\"186\" hspace=\"4\" align=\"left\" \/>Santo Domingo.- <\/strong>El candidato presidencial del Partido  Revolucionario Dominicano, \u00a0Miguel Vargas  Maldonado, proclam\u00f3 la necesidad de hacer un gobierno basado en prioridades  identificadas por la propia sociedad, por lo que ha venido firmando acuerdos  sectoriales, a fin de que la plataforma de gobierno que propone exprese las  aspiraciones de todos los sectores de la naci\u00f3n.<\/p>\n<p>&#13;<\/p>\n<p align=\"justify\" class=\"text1noticias\">Exhort\u00f3 a los perrede\u00edstas y simpatizantes de su  candidatura a trabajar con las organizaciones sociales, sus familiares, vecinos  y amigos para sumar los votos necesarios que posibiliten ganar las elecciones  del 16 de mayo en la primera vuelta.<\/p>\n<p>&#13;<\/p>\n<p align=\"justify\" class=\"text1noticias\">Vargas Maldonado se expres\u00f3 en esos t\u00e9rminos durante  un acto realizado en el hotel Lina en el que dej\u00f3 instituido el comando de  campa\u00f1a de la Secretar\u00eda  de Gesti\u00f3n con la   Sociedad Civil, que dirige la licenciada Geannilda V\u00e1zquez, y  que integran, entre otros, Luis Jos\u00e9 Ch\u00e1vez, Mariano Negr\u00f3n, Jos\u00e9 J\u00e1quez y  Pedro Armando.<\/p>\n<p>&#13;<\/p>\n<p align=\"justify\" class=\"text1noticias\">Precis\u00f3 que hay que continuar y concluir el programa  de encuentros que desde hace varios meses\u00a0  ha venido sosteniendo con representantes de diversos sectores econ\u00f3micos  y sociales con la finalidad de discutir y concertar acuerdos sobre diversos  aspectos de la problem\u00e1tica nacional. <\/p>\n<p>&#13;<\/p>\n<p align=\"justify\" class=\"text1noticias\">Manifest\u00f3 que pr\u00f3ximamente sostendr\u00e1 nuevos encuentros  para la ratificaci\u00f3n de acuerdos espec\u00edficos con entidades representativas,  donde deber\u00e1n participar en primer plano los sectores estrat\u00e9gicos del pa\u00eds, incluyendo  a los productores agropecuarios, la industria, el comercio, el turismo y\u00a0 el sector de la construcci\u00f3n. <\/p>\n<p>&#13;<\/p>\n<p align=\"justify\" class=\"text1noticias\">\u201cPero tambi\u00e9n vamos a establecer acuerdos y  compromisos para fortalecer las instituciones del sistema democr\u00e1tico y  rescatar la plena vigencia del estado de derecho, de manera tal que la  institucionalidad del pa\u00eds no dependa del capricho de los gobernantes de  turno\u201d, apunt\u00f3 Vargas Maldonado. <\/p>\n<p>&#13;<\/p>\n<p align=\"justify\" class=\"text1noticias\"><strong>Geannilda V\u00e1zquez<\/strong><\/p>\n<p>&#13;<\/p>\n<p align=\"justify\" class=\"text1noticias\">De su lado, Geannilda Vasquez destac\u00f3 el esfuerzo  realizado por el candidato y el equipo bajo su direcci\u00f3n para cumplir\u00a0 el prop\u00f3sito de consultar a la sociedad civil  y promover la concertaci\u00f3n de acuerdos sectoriales que se expresen en el  programa de gobierno del candidato perrede\u00edsta.<\/p>\n<p>&#13;<\/p>\n<p align=\"justify\" class=\"text1noticias\">Explic\u00f3 que hasta el cierre del a\u00f1o 2007 Miguel Vargas  se hab\u00eda reunido\u00a0 con el Consejo Nacional  de la Empresa Privada,  la Federaci\u00f3n   Dominicana de Comerciantes, la Asociaci\u00f3n de  Constructores y Promotores de Viviendas, Participaci\u00f3n Ciudadana, Fundaci\u00f3n  Institucionalidad y Justicia, Asociaci\u00f3n Nacional de J\u00f3venes Empresarios, y el  Colegio M\u00e9dico Dominicano, entre otras  entidades sectoriales y regionales. <\/p>\n<p>&#13;<\/p>\n<p align=\"justify\" class=\"text1noticias\">Dijo que paralelamente la Secretaria de Gesti\u00f3n  con la Sociedad Civil  celebr\u00f3 encuentros exploratorios con otras entidades y grupos sectoriales, incluyendo  a la Asociaci\u00f3n  de Industrias de la   Rep\u00fablica Dominicana, la Asociaci\u00f3n de Bancos de  la Rep\u00fablica   Dominicana, la   Uni\u00f3n de General de Trabajadores Dominicanos, la Federaci\u00f3n de Empleados  de Hoteles, Bares y Restaurantes, la Federaci\u00f3n de Trabajadores de la Industria de la Construcci\u00f3n, el\u00a0 Centro Poveda, el Centro Juan Moltavo,  Iglesia de Los\u00a0 Mormones, Movimiento de  Masones,\u00a0 Federaci\u00f3n de Organizaciones  Campesinas.\u00a0 <\/p>\n<p>&#13;<\/p>\n<h6> 2008-01-29 22:30:50 <\/h6>\n<p><!--\n<link rel=\"stylesheet\" href=\"css\/bootstrap.min.css\">\n\n\n<ul class=\"pagination\">\n\t    \n\t\n\n<li >\n\t<a href='?page_no=34204'>Previous<\/a>\n\t<\/li>\n\n\n       \n    \n\n<li><a href='?page_no=1'>1<\/a><\/li>\n\n\n\n<li><a href='?page_no=2'>2<\/a><\/li>\n\n\n\n<li><a>...<\/a><\/li>\n\n\n\n<li><a href='?page_no=34203'>34203<\/a><\/li>\n\n\n\n<li><a href='?page_no=34204'>34204<\/a><\/li>\n\n\n\n<li class='active'><a>34205<\/a><\/li>\n\n\n\n<li><a href='?page_no=34206'>34206<\/a><\/li>\n\n\n\n<li><a href='?page_no=34207'>34207<\/a><\/li>\n\n\n\n<li><a>...<\/a><\/li>\n\n\n\n<li><a href='?page_no=36999'>36999<\/a><\/li>\n\n\n\n<li><a href='?page_no=37000'>37000<\/a><\/li>\n\n    \n\t\n\n<li >\n\t<a href='?page_no=34206'>Next<\/a>\n\t<\/li>\n\n\n    \n\n<li><a href='?page_no=37000'>Last &rsaquo;&rsaquo;<\/a><\/li>\n\n<\/ul>\n\n\n--><br \/>\n<\/body><\/p>\n","protected":false},"excerpt":{"rendered":"<p>Miguel Vargas proclama la necesidad de un gobierno de prioridades identificadas por la sociedad &#13; Santo Domingo.- El candidato presidencial del Partido Revolucionario Dominicano, \u00a0Miguel Vargas Maldonado, proclam\u00f3 la necesidad de hacer un gobierno basado en prioridades identificadas por la propia sociedad, por lo que ha venido firmando acuerdos sectoriales, a fin de que la [&hellip;]<\/p>\n","protected":false},"author":3,"featured_media":0,"comment_status":"open","ping_status":"open","sticky":false,"template":"","format":"standard","meta":{"footnotes":""},"categories":[22],"tags":[],"class_list":["post-191457","post","type-post","status-publish","format-standard","hentry","category-politica"],"_links":{"self":[{"href":"https:\/\/diariodominicano.com\/index.php?rest_route=\/wp\/v2\/posts\/191457","targetHints":{"allow":["GET"]}}],"collection":[{"href":"https:\/\/diariodominicano.com\/index.php?rest_route=\/wp\/v2\/posts"}],"about":[{"href":"https:\/\/diariodominicano.com\/index.php?rest_route=\/wp\/v2\/types\/post"}],"author":[{"embeddable":true,"href":"https:\/\/diariodominicano.com\/index.php?rest_route=\/wp\/v2\/users\/3"}],"replies":[{"embeddable":true,"href":"https:\/\/diariodominicano.com\/index.php?rest_route=%2Fwp%2Fv2%2Fcomments&post=191457"}],"version-history":[{"count":0,"href":"https:\/\/diariodominicano.com\/index.php?rest_route=\/wp\/v2\/posts\/191457\/revisions"}],"wp:attachment":[{"href":"https:\/\/diariodominicano.com\/index.php?rest_route=%2Fwp%2Fv2%2Fmedia&parent=191457"}],"wp:term":[{"taxonomy":"category","embeddable":true,"href":"https:\/\/diariodominicano.com\/index.php?rest_route=%2Fwp%2Fv2%2Fcategories&post=191457"},{"taxonomy":"post_tag","embeddable":true,"href":"https:\/\/diariodominicano.com\/index.php?rest_route=%2Fwp%2Fv2%2Ftags&post=191457"}],"curies":[{"name":"wp","href":"https:\/\/api.w.org\/{rel}","templated":true}]}}