{"id":191456,"date":"2008-01-29T22:55:04","date_gmt":"2008-01-29T22:55:04","guid":{"rendered":"http:\/\/diariodominicano.ddns.net\/?p=191456"},"modified":"2008-01-29T22:55:04","modified_gmt":"2008-01-29T22:55:04","slug":"crean-la-asociacion-dominicana-de-regidores","status":"publish","type":"post","link":"https:\/\/diariodominicano.com\/?p=191456","title":{"rendered":"Crean la Asociaci\u00f3n Dominicana de Regidores"},"content":{"rendered":"<p><body><\/p>\n<p class=\"titulogrande1\">Crean  la Asociaci\u00f3n Dominicana  de Regidores<\/p>\n<p>&#13;<\/p>\n<p align=\"justify\" class=\"text1noticias\"><strong>Santo Domingo.- <\/strong>Fue conformado  el Comit\u00e9 gestor para la formaci\u00f3n de la Asociaci\u00f3n Dominicana  de Municipios, filial de la Federaci\u00f3n Dominicana de Municipios (FEDOMU), la  cual defender\u00e1 y luchar\u00e1 por todo un pliego  reivindicativo.<\/p>\n<p>&#13;<\/p>\n<p align=\"justify\" class=\"text1noticias\">La entidad trabajar\u00e1 por el  fortalecimiento de la   Federaci\u00f3n Dominicana de Municipios (FEDOMU) y la unidad de  todos los sectores del movimiento municipalista dominicano, en el entendido de  que la unidad reside en la fuerza y mantener y ampliar el espacio y la\u00a0 participaci\u00f3n\u00a0  de los regidores\/as al interior de FEDOMU y de sus \u00f3rganos directivos  establecido en sus Estatutos. <\/p>\n<p>&#13;<\/p>\n<p align=\"justify\" class=\"text1noticias\">De igual manera luchar\u00e1 por  municipios democr\u00e1ticos, participativos y transparentes y apoyar desde las  funciones normativas y de fiscalizaci\u00f3n propias de la condici\u00f3n de regidor\/a  pr\u00e1cticas como el Presupuesto Participativo, la auditoria social y la m\u00e1s  amplia participaci\u00f3n de la sociedad civil y de sus organizaciones en las  decisiones y las actividades del gobierno local. Garantizar el cumplimiento de  la equidad de g\u00e9nero y la protecci\u00f3n de los grupos vulnerables de la poblaci\u00f3n  en los municipios.<\/p>\n<p>&#13;<\/p>\n<p align=\"justify\" class=\"text1noticias\">As\u00edmismo unificar\u00e1 esfuerzos  para el cumplimiento de la ley 166-03 que asigna el 10% de los ingresos  corrientes del presupuesto nacional para los municipios como lo establece la Ley 166-03.<\/p>\n<p>&#13;<\/p>\n<p align=\"justify\" class=\"text1noticias\">Procurar\u00e1 Concejos  Municipales que cumplan con el rol normativo y de \u00f3rgano de fiscalizaci\u00f3n del  gasto municipal que le establece la   Ley, fortalecer la independencia de los Concejos Municipales  ante intereses sectarios y espurios, y fomentar\u00a0  la conducta \u00e9tica entre sus miembros. <\/p>\n<p>&#13;<\/p>\n<p align=\"justify\" class=\"text1noticias\">Defender\u00e1 de la autonom\u00eda  municipal ante las ingerencias de particulares y de otros poderes del Estado,  muy especialmente en los \u00f3rganos donde los regidores\/as participen.<\/p>\n<p>&#13;<\/p>\n<p align=\"justify\" class=\"text1noticias\">Trabajar\u00e1 para la  dignificaci\u00f3n de la condici\u00f3n de regidor\/a, capacitaci\u00f3n a los regidores\/as,  condiciones de trabajo apropiadas y enmarcadas dentro de la Ley, reglamentaci\u00f3n a nivel  nacional de los ingresos de los regidores\/as en proporci\u00f3n al tama\u00f1o de los  municipios y siguiendo el principio de la equidad.<\/p>\n<p>&#13;<\/p>\n<p align=\"justify\" class=\"text1noticias\">Promover una labor de  unidad\u00a0 y armon\u00eda entre Sindicaturas y  Concejos Municipales al servicio de los municipios y del pueblo, prevenci\u00f3n y  soluci\u00f3n de conflictos en el interior del ayuntamiento en funci\u00f3n del bien  com\u00fan y conforme a la Ley,  transformaci\u00f3n de los Concejos Municipales en instancias que promuevan el  desarrollo sostenible e integral, y en entes de consenso y conciliaci\u00f3n para el  buen gobierno de los municipios.\u00a0\u00a0\u00a0 <\/p>\n<p>&#13;<\/p>\n<p align=\"justify\" class=\"text1noticias\">Procurar\u00e1 el m\u00e1s amplio  reconocimiento y respecto de la condici\u00f3n de regidor\/a y sus funciones por  parte de la ciudadan\u00eda, los medios de comunicaci\u00f3n y los dem\u00e1s poderes del  Estado.\u00a0\u00a0 <\/p>\n<p>&#13;<\/p>\n<p align=\"justify\" class=\"text1noticias\">Convocar\u00e1\u00a0 la Asamblea General  Constitutiva de la   Asociaci\u00f3n Dominicana de Regidores, para el pr\u00f3ximo jueves 12  de marzo 2008 en la cual se definir\u00e1 su \u00f3rgano de direcci\u00f3n\u00a0 y la forma en que los Estatutos de FEDOMU  deber\u00e1n contemplar los derechos y deberes de los regidores\/as integrantes de la Asociaci\u00f3n Dominicana  de Regidores\/as.<\/p>\n<p>&#13;<\/p>\n<p align=\"justify\" class=\"text1noticias\">De manera provisional se  constituye un Comit\u00e9 Gestor integrado por los regidores\/as siguientes: <\/p>\n<p>&#13;<\/p>\n<p align=\"justify\" class=\"text1noticias\">Naya Altagracia Valerio,  Presidenta del Consejo de\u00a0 Regidores del  Municipio de Casta\u00f1uela, Coordinadora;\u00a0  Carlos Cota Lama, Presidente del Concejo de Regidores del Municipio de  Moca, Tesorero; Seberiano Castillo Arpio, Vicepresidente del Concejo de  Regidores del Municipio de La   Romana, Secretario General.<\/p>\n<p>&#13;<\/p>\n<p align=\"justify\" class=\"text1noticias\">Como miembros fundadores,  \u00c1ngel Luis Rodr\u00edguez de Los Alacrrizos, Jos\u00e9 Francisco M\u00e9ndez de Las Yayas de Azua,  Liviano Morillo de Comendador, Luis G\u00f3mez Benzo de San Pedro de Macor\u00eds,  Sterlin Guzm\u00e1n de San Pedro de Macor\u00eds, Deldania N\u00fa\u00f1ez de Jima Abajo, Francisco  Vicente de Hondo Valle, Sandy S\u00e1nchez de Los Alcarrizos, Rogelio Pe\u00f1a Ruiz de  Crist\u00f3bal, German Aquiles Sena de Postrer R\u00edo, Carlos Manuel Payano de Saman\u00e1,  Bienvenido Antonio Disla de Mao, Jos\u00e9 Polanco de Villa Bison\u00f3, Epifanio M\u00e1rquez  de Los Alcarrizos y Iv\u00e1n Mercedes de Santo Domingo Norte.<\/p>\n<p>&#13;<\/p>\n<h6> 2008-01-29 22:55:04 <\/h6>\n<p><!--\n<link rel=\"stylesheet\" href=\"css\/bootstrap.min.css\">\n\n\n<ul class=\"pagination\">\n\t    \n\t\n\n<li >\n\t<a href='?page_no=34203'>Previous<\/a>\n\t<\/li>\n\n\n       \n    \n\n<li><a href='?page_no=1'>1<\/a><\/li>\n\n\n\n<li><a href='?page_no=2'>2<\/a><\/li>\n\n\n\n<li><a>...<\/a><\/li>\n\n\n\n<li><a href='?page_no=34202'>34202<\/a><\/li>\n\n\n\n<li><a href='?page_no=34203'>34203<\/a><\/li>\n\n\n\n<li class='active'><a>34204<\/a><\/li>\n\n\n\n<li><a href='?page_no=34205'>34205<\/a><\/li>\n\n\n\n<li><a href='?page_no=34206'>34206<\/a><\/li>\n\n\n\n<li><a>...<\/a><\/li>\n\n\n\n<li><a href='?page_no=36999'>36999<\/a><\/li>\n\n\n\n<li><a href='?page_no=37000'>37000<\/a><\/li>\n\n    \n\t\n\n<li >\n\t<a href='?page_no=34205'>Next<\/a>\n\t<\/li>\n\n\n    \n\n<li><a href='?page_no=37000'>Last &rsaquo;&rsaquo;<\/a><\/li>\n\n<\/ul>\n\n\n--><br \/>\n<\/body><\/p>\n","protected":false},"excerpt":{"rendered":"<p>Crean la Asociaci\u00f3n Dominicana de Regidores &#13; Santo Domingo.- Fue conformado el Comit\u00e9 gestor para la formaci\u00f3n de la Asociaci\u00f3n Dominicana de Municipios, filial de la Federaci\u00f3n Dominicana de Municipios (FEDOMU), la cual defender\u00e1 y luchar\u00e1 por todo un pliego reivindicativo. &#13; La entidad trabajar\u00e1 por el fortalecimiento de la Federaci\u00f3n Dominicana de Municipios (FEDOMU) [&hellip;]<\/p>\n","protected":false},"author":3,"featured_media":0,"comment_status":"open","ping_status":"open","sticky":false,"template":"","format":"standard","meta":{"footnotes":""},"categories":[22],"tags":[],"class_list":["post-191456","post","type-post","status-publish","format-standard","hentry","category-politica"],"_links":{"self":[{"href":"https:\/\/diariodominicano.com\/index.php?rest_route=\/wp\/v2\/posts\/191456","targetHints":{"allow":["GET"]}}],"collection":[{"href":"https:\/\/diariodominicano.com\/index.php?rest_route=\/wp\/v2\/posts"}],"about":[{"href":"https:\/\/diariodominicano.com\/index.php?rest_route=\/wp\/v2\/types\/post"}],"author":[{"embeddable":true,"href":"https:\/\/diariodominicano.com\/index.php?rest_route=\/wp\/v2\/users\/3"}],"replies":[{"embeddable":true,"href":"https:\/\/diariodominicano.com\/index.php?rest_route=%2Fwp%2Fv2%2Fcomments&post=191456"}],"version-history":[{"count":0,"href":"https:\/\/diariodominicano.com\/index.php?rest_route=\/wp\/v2\/posts\/191456\/revisions"}],"wp:attachment":[{"href":"https:\/\/diariodominicano.com\/index.php?rest_route=%2Fwp%2Fv2%2Fmedia&parent=191456"}],"wp:term":[{"taxonomy":"category","embeddable":true,"href":"https:\/\/diariodominicano.com\/index.php?rest_route=%2Fwp%2Fv2%2Fcategories&post=191456"},{"taxonomy":"post_tag","embeddable":true,"href":"https:\/\/diariodominicano.com\/index.php?rest_route=%2Fwp%2Fv2%2Ftags&post=191456"}],"curies":[{"name":"wp","href":"https:\/\/api.w.org\/{rel}","templated":true}]}}