{"id":191454,"date":"2008-01-29T23:32:17","date_gmt":"2008-01-29T23:32:17","guid":{"rendered":"http:\/\/diariodominicano.ddns.net\/?p=191454"},"modified":"2008-01-29T23:32:17","modified_gmt":"2008-01-29T23:32:17","slug":"movimiento-pal-realiza-caravana-en-santiago","status":"publish","type":"post","link":"https:\/\/diariodominicano.com\/?p=191454","title":{"rendered":"Movimiento PAL realiza caravana en Santiago"},"content":{"rendered":"<p><body><\/p>\n<p class=\"titulogrande1\">Movimiento PAL realiza caravana en Santiago<\/p>\n<p>&#13;<\/p>\n<p align=\"justify\" class=\"text1noticias\"><strong>SANTO DOMINGO.-<\/strong> El Proyecto de Apoyo a Leonel (PAL) realiz\u00f3 en la  provincia Santiago una multitudinaria caravana que recorri\u00f3 las principales  avenidas y calles de esa ciudad.<\/p>\n<p>&#13;<\/p>\n<p align=\"justify\" class=\"text1noticias\">El  movimiento que preside la licenciada Maritza L\u00f3pez de Ort\u00edz hizo el recorrido  por los sectores de Pueblo Nuevo, Ensanches Berm\u00fadez, La Joya, Plaza Valerio, los  Ciruelitos, Bol\u00edvar, los Platanitos, hasta culminar en el \u00e1rea del Monumento.<\/p>\n<p>&#13;<\/p>\n<p align=\"justify\" class=\"text1noticias\">Al  paso de la caravana los residentes de esos sectores se identificaron con la  candidatura del Presidente Leonel Fern\u00e1ndez y el Proyecto de Apoyo a Leonel  (PAL) mostrando banderas de ese movimiento pol\u00edtico, as\u00ed como pancartas,  afiches, entre otros.<\/p>\n<p>&#13;<\/p>\n<p align=\"justify\" class=\"text1noticias\">La  caravana del Proyecto de Apoyo a Leonel (PAL), que dirige Maritza L\u00f3pez de  Ortiz, fue encabezada por el coordinador de ese movimiento en Santiago, se\u00f1or  Narciso El\u00edas.<\/p>\n<p>&#13;<\/p>\n<h6> 2008-01-29 23:32:17 <\/h6>\n<p><!--\n<link rel=\"stylesheet\" href=\"css\/bootstrap.min.css\">\n\n\n<ul class=\"pagination\">\n\t    \n\t\n\n<li >\n\t<a href='?page_no=34201'>Previous<\/a>\n\t<\/li>\n\n\n       \n    \n\n<li><a href='?page_no=1'>1<\/a><\/li>\n\n\n\n<li><a href='?page_no=2'>2<\/a><\/li>\n\n\n\n<li><a>...<\/a><\/li>\n\n\n\n<li><a href='?page_no=34200'>34200<\/a><\/li>\n\n\n\n<li><a href='?page_no=34201'>34201<\/a><\/li>\n\n\n\n<li class='active'><a>34202<\/a><\/li>\n\n\n\n<li><a href='?page_no=34203'>34203<\/a><\/li>\n\n\n\n<li><a href='?page_no=34204'>34204<\/a><\/li>\n\n\n\n<li><a>...<\/a><\/li>\n\n\n\n<li><a href='?page_no=36999'>36999<\/a><\/li>\n\n\n\n<li><a href='?page_no=37000'>37000<\/a><\/li>\n\n    \n\t\n\n<li >\n\t<a href='?page_no=34203'>Next<\/a>\n\t<\/li>\n\n\n    \n\n<li><a href='?page_no=37000'>Last &rsaquo;&rsaquo;<\/a><\/li>\n\n<\/ul>\n\n\n--><br \/>\n<\/body><\/p>\n","protected":false},"excerpt":{"rendered":"<p>Movimiento PAL realiza caravana en Santiago &#13; SANTO DOMINGO.- El Proyecto de Apoyo a Leonel (PAL) realiz\u00f3 en la provincia Santiago una multitudinaria caravana que recorri\u00f3 las principales avenidas y calles de esa ciudad. &#13; El movimiento que preside la licenciada Maritza L\u00f3pez de Ort\u00edz hizo el recorrido por los sectores de Pueblo Nuevo, Ensanches [&hellip;]<\/p>\n","protected":false},"author":3,"featured_media":0,"comment_status":"open","ping_status":"open","sticky":false,"template":"","format":"standard","meta":{"footnotes":""},"categories":[22],"tags":[],"class_list":["post-191454","post","type-post","status-publish","format-standard","hentry","category-politica"],"_links":{"self":[{"href":"https:\/\/diariodominicano.com\/index.php?rest_route=\/wp\/v2\/posts\/191454","targetHints":{"allow":["GET"]}}],"collection":[{"href":"https:\/\/diariodominicano.com\/index.php?rest_route=\/wp\/v2\/posts"}],"about":[{"href":"https:\/\/diariodominicano.com\/index.php?rest_route=\/wp\/v2\/types\/post"}],"author":[{"embeddable":true,"href":"https:\/\/diariodominicano.com\/index.php?rest_route=\/wp\/v2\/users\/3"}],"replies":[{"embeddable":true,"href":"https:\/\/diariodominicano.com\/index.php?rest_route=%2Fwp%2Fv2%2Fcomments&post=191454"}],"version-history":[{"count":0,"href":"https:\/\/diariodominicano.com\/index.php?rest_route=\/wp\/v2\/posts\/191454\/revisions"}],"wp:attachment":[{"href":"https:\/\/diariodominicano.com\/index.php?rest_route=%2Fwp%2Fv2%2Fmedia&parent=191454"}],"wp:term":[{"taxonomy":"category","embeddable":true,"href":"https:\/\/diariodominicano.com\/index.php?rest_route=%2Fwp%2Fv2%2Fcategories&post=191454"},{"taxonomy":"post_tag","embeddable":true,"href":"https:\/\/diariodominicano.com\/index.php?rest_route=%2Fwp%2Fv2%2Ftags&post=191454"}],"curies":[{"name":"wp","href":"https:\/\/api.w.org\/{rel}","templated":true}]}}