{"id":191452,"date":"2008-01-30T03:24:11","date_gmt":"2008-01-30T03:24:11","guid":{"rendered":"http:\/\/diariodominicano.ddns.net\/?p=191452"},"modified":"2008-01-30T03:24:11","modified_gmt":"2008-01-30T03:24:11","slug":"vargas-maldonado-dice-leonel-no-tiene-ninguna-actividad-productiva-que-presentar-al-pais","status":"publish","type":"post","link":"https:\/\/diariodominicano.com\/?p=191452","title":{"rendered":"Vargas Maldonado dice Leonel no tiene ninguna actividad productiva que presentar al pa\u00eds"},"content":{"rendered":"<p><body><\/p>\n<p align=\"justify\" class=\"titulogrande1\">Vargas  Maldonado dice Leonel no tiene ninguna actividad productiva\u00a0 que presentar al pa\u00eds<\/p>\n<p>&#13;<\/p>\n<p align=\"justify\" class=\"text1noticias\"><strong>SANTO DOMINGO.-<\/strong> El candidato presidencial Miguel Vargas  Maldonado se defendi\u00f3 ayer de los ataques que en su contra hizo el presidente  Leonel Fern\u00e1ndez, alegando que el mandatario no tiene ninguna actividad  productiva que presentar al pa\u00eds, contrario a \u00e9l que es un empresario exitoso.<br \/>&#13;<br \/>\n  <br \/>&#13;<br \/>\n\u201cYo no le conozco ninguna actividad productiva al presidente  Fern\u00e1ndez. Para m\u00ed\u00a0 \u00e9l y su gabinete tienen vida p\u00fablica a partir del 1996  y nosotros tenemos 34 a\u00f1os de ejercicio profesional y desarrollo de  actividad productiva generando y creando empleos\u201d, dijo Vargas Maldonado.<br \/>&#13;<br \/>\n<br \/>&#13;<br \/>\nObras. Con relaci\u00f3n a sus ejecutorias frente a Obras P\u00fablicas  detall\u00f3 la construcci\u00f3n de la autov\u00eda del Este, las carreteras  Santiago-Navarrete, Santiago-San Jos\u00e9 de Las Matas, el hospital de Herrera, el  puente Juan Bosch, la biblioteca\u00a0 de la UASD, los elevados de la autopista 30 de Mayo y  de la Luper\u00f3n.<br \/>&#13;<br \/>\n<br \/>&#13;<br \/>\nRecord\u00f3 que la autov\u00eda la encontr\u00f3 en un 40% realizada y el puente  estaba en un 30% y fue concluido\u00a0 durante su gesti\u00f3n e incluso se invit\u00f3 a  la viuda Bosch, la se\u00f1ora Carmen Quidiello. <br \/>&#13;<br \/>\n<br \/>&#13;<br \/>\nAdem\u00e1s, explic\u00f3 que dej\u00f3 iniciadas la construcci\u00f3n de las  carreteras San Crist\u00f3bal-Ban\u00ed, San Pedro-La Romana;\u00a0 Santo Domingo-Saman\u00e1,  ninguna de las cuales han sido culminadas por la actual gesti\u00f3n, tras apuntar  que es necesario que en el pa\u00eds se le de continuidad a\u00a0 las obras Estado.<br \/>&#13;<br \/>\n<br \/>&#13;<br \/>\nCalific\u00f3 de frustrante el discurso del presidente Fern\u00e1ndez en  el acto de proclamaci\u00f3n de su candidatura al alegar que se convirti\u00f3 en  promesas, cuando debi\u00f3 anunciar medidas que bajen el costo de la vida y rendir  cuentas al pa\u00eds en torno a proyectos no realizados y reclamados por la  poblaci\u00f3n.<br \/>&#13;<br \/>\n<br \/>&#13;<br \/>\nDeclar\u00f3 que las promesas del presidente para un nuevo per\u00edodo de  gobierno ser\u00e1n incumplidas como otras que hizo en su gesti\u00f3n pasada y la  actual.<br \/>&#13;<br \/>\n<br \/>&#13;<br \/>\n\u201cPretende pedir cuatro a\u00f1os m\u00e1s para seguir violando la ley y la Constituci\u00f3n, cuatro  a\u00f1os m\u00e1s para invertir menos en educaci\u00f3n, cuatro a\u00f1os m\u00e1s para establecer  proyectos como el de la Sun   Land\u201d, expres\u00f3 Vargas Maldonado.<br \/>&#13;<br \/>\n<br \/>&#13;<br \/>\nDebate.\u00a0\u00a0 Reiter\u00f3 el llamado al presidente Fern\u00e1ndez a  un debate p\u00fablico, as\u00ed como\u00a0 a los dem\u00e1s candidatos,\u00a0\u00a0\u00a0  para despejar ante el pa\u00eds todas las inquietudes e interrogantes que hayan en  torno a los temas fundamentales.<br \/>&#13;<br \/>\n<br \/>&#13;<br \/>\nSostuvo que se debe presentar al pa\u00eds como se van a resolver los  problemas m\u00e1s acuciantes de todas las comunidades.<br \/>&#13;<br \/>\n<br \/>&#13;<br \/>\nVargas Maldonado habl\u00f3 en el marco de una visita a los  directivos de la Asociaci\u00f3n  de Empresas Industriales de Herrera, como parte de los contactos con los  diferentes sectores\u00a0 sociales que ha venido realizando.\u00a0\u00a0 <br \/>&#13;<br \/>\n<br \/>&#13;<br \/>\n  <strong>Antecedentes<br \/>&#13;<br \/>\n  <br \/>&#13;<br \/>\n  <strong>Historia<\/strong><\/strong> <br \/>&#13;<br \/>\n  Miguel Vargas fue electo candidato presidencial del Partido  Revolucionario Dominicano en enero de 2007. <br \/>&#13;<br \/>\n  <br \/>&#13;<br \/>\n  El presidente Leonel Fern\u00e1ndez\u00a0 fue escogido como  candidato\u00a0 presidencial en mayo de 2007.<br \/>&#13;<br \/>\n  <br \/>&#13;<br \/>\n  <strong>Confrontaciones<\/strong> <br \/>&#13;<br \/>\n  Aunque\u00a0 hay cinco candidatos presidenciales, Vargas\u00a0 y  Fern\u00e1ndez\u00a0 han encarnizado los enfrentamientos durante la campa\u00f1a con  mutuas acusaciones, polarizando el proceso que culminar\u00e1 el pr\u00f3ximo 16 de mayo.<br \/>&#13;<br \/>\n  <br \/>&#13;<br \/>\n  <strong>Plantea pacto empresarial<\/strong> <br \/>&#13;<br \/>\n  Miguel Vargas Maldonado sostuvo ayer un encuentro con los  directivos de la\u00a0 Asociaci\u00f3n de Empresas Industriales de Herrera (AEIH) de  quienes escuch\u00f3 sus inquietudes en torno a temas como institucionalidad, competitividad,  crisis energ\u00e9tica, educaci\u00f3n y otros. <br \/>&#13;<br \/>\n  <br \/>&#13;<br \/>\nVargas dijo que comparte las sugerencias\u00a0 de los  empresarios y que la mayor\u00eda de ellas est\u00e1n contenidas en sus propuestas de  gobierno que ha hecho p\u00fablico.<br \/>&#13;<br \/>\n<br \/>&#13;<br \/>\nSostuvo que es necesario que el Estado\u00a0 distribuya de  manera adecuada a la poblaci\u00f3n los impuestos que cobra a los empresarios y  sectores productivos nacionales.<br \/>&#13;<br \/>\n<br \/>&#13;<br \/>\nPlante\u00f3 su disposici\u00f3n de suscribir un pacto con los empresarios  como forma de hacer un compromiso formal que\u00a0 elimine \u201cexpectativas  so\u00f1adoras y falsas promesas\u201d que no pueda cumplir posteriormente.<br \/>&#13;<br \/>\n<br \/>&#13;<br \/>\n\u201cLos hemos invitado para que con nosotros podamos  realizar un acuerdo donde estas ideas coincidentes, nosotros nos comprometamos  a cumplirlas a partir de 16 de agosto del 2008 que creo que es la mejor forma  de garantizar y darle credibilidad\u00a0 a nuestra posici\u00f3n en cuanto a los  diferentes temas que hemos planteado\u201d.<br \/>&#13;<br \/>\n<br \/>&#13;<br \/>\nEntre los participantes en el encuentro, celebrado en el local  de AEIH en Herrera,\u00a0\u00a0 estuvieron su presidente Jes\u00fas Moreno y Ernesto  Vilalta, Martha V\u00e1squez, Ernesto S\u00e1nchez, Luis Arthur, Manuel Cabrera, Marino  Arvelo, S\u00e1nchez Noble, Ricardo Estrella, Freddy Estrella y otros.<\/p>\n<p>&#13;<\/p>\n<div align=\"justify\" class=\"text1noticias\"><strong>ODALIS MEJIA<br \/>&#13;<br \/>\n  o.mejia@hoy.com.do<\/strong>\/Hoy<br \/>&#13;\n<\/div>\n<p>&#13;<\/p>\n<h6> 2008-01-30 03:24:11 <\/h6>\n<p><!--\n<link rel=\"stylesheet\" href=\"css\/bootstrap.min.css\">\n\n\n<ul class=\"pagination\">\n\t    \n\t\n\n<li >\n\t<a href='?page_no=34199'>Previous<\/a>\n\t<\/li>\n\n\n       \n    \n\n<li><a href='?page_no=1'>1<\/a><\/li>\n\n\n\n<li><a href='?page_no=2'>2<\/a><\/li>\n\n\n\n<li><a>...<\/a><\/li>\n\n\n\n<li><a href='?page_no=34198'>34198<\/a><\/li>\n\n\n\n<li><a href='?page_no=34199'>34199<\/a><\/li>\n\n\n\n<li class='active'><a>34200<\/a><\/li>\n\n\n\n<li><a href='?page_no=34201'>34201<\/a><\/li>\n\n\n\n<li><a href='?page_no=34202'>34202<\/a><\/li>\n\n\n\n<li><a>...<\/a><\/li>\n\n\n\n<li><a href='?page_no=36999'>36999<\/a><\/li>\n\n\n\n<li><a href='?page_no=37000'>37000<\/a><\/li>\n\n    \n\t\n\n<li >\n\t<a href='?page_no=34201'>Next<\/a>\n\t<\/li>\n\n\n    \n\n<li><a href='?page_no=37000'>Last &rsaquo;&rsaquo;<\/a><\/li>\n\n<\/ul>\n\n\n--><br \/>\n<\/body><\/p>\n","protected":false},"excerpt":{"rendered":"<p>Vargas Maldonado dice Leonel no tiene ninguna actividad productiva\u00a0 que presentar al pa\u00eds &#13; SANTO DOMINGO.- El candidato presidencial Miguel Vargas Maldonado se defendi\u00f3 ayer de los ataques que en su contra hizo el presidente Leonel Fern\u00e1ndez, alegando que el mandatario no tiene ninguna actividad productiva que presentar al pa\u00eds, contrario a \u00e9l que es [&hellip;]<\/p>\n","protected":false},"author":3,"featured_media":0,"comment_status":"open","ping_status":"open","sticky":false,"template":"","format":"standard","meta":{"footnotes":""},"categories":[22],"tags":[],"class_list":["post-191452","post","type-post","status-publish","format-standard","hentry","category-politica"],"_links":{"self":[{"href":"https:\/\/diariodominicano.com\/index.php?rest_route=\/wp\/v2\/posts\/191452","targetHints":{"allow":["GET"]}}],"collection":[{"href":"https:\/\/diariodominicano.com\/index.php?rest_route=\/wp\/v2\/posts"}],"about":[{"href":"https:\/\/diariodominicano.com\/index.php?rest_route=\/wp\/v2\/types\/post"}],"author":[{"embeddable":true,"href":"https:\/\/diariodominicano.com\/index.php?rest_route=\/wp\/v2\/users\/3"}],"replies":[{"embeddable":true,"href":"https:\/\/diariodominicano.com\/index.php?rest_route=%2Fwp%2Fv2%2Fcomments&post=191452"}],"version-history":[{"count":0,"href":"https:\/\/diariodominicano.com\/index.php?rest_route=\/wp\/v2\/posts\/191452\/revisions"}],"wp:attachment":[{"href":"https:\/\/diariodominicano.com\/index.php?rest_route=%2Fwp%2Fv2%2Fmedia&parent=191452"}],"wp:term":[{"taxonomy":"category","embeddable":true,"href":"https:\/\/diariodominicano.com\/index.php?rest_route=%2Fwp%2Fv2%2Fcategories&post=191452"},{"taxonomy":"post_tag","embeddable":true,"href":"https:\/\/diariodominicano.com\/index.php?rest_route=%2Fwp%2Fv2%2Ftags&post=191452"}],"curies":[{"name":"wp","href":"https:\/\/api.w.org\/{rel}","templated":true}]}}