{"id":191448,"date":"2008-01-30T16:07:39","date_gmt":"2008-01-30T16:07:39","guid":{"rendered":"http:\/\/diariodominicano.ddns.net\/?p=191448"},"modified":"2008-01-30T16:07:39","modified_gmt":"2008-01-30T16:07:39","slug":"ptd-en-barahona-juramenta-comando-de-campana-municipal","status":"publish","type":"post","link":"https:\/\/diariodominicano.com\/?p=191448","title":{"rendered":"PTD, en Barahona juramenta Comando de Campa\u00f1a Municipal"},"content":{"rendered":"<p><body><\/p>\n<p align=\"justify\" class=\"text1noticias\"><span class=\"titulogrande1\"><strong>PTD, en Barahona juramenta Comando de Campa\u00f1a Municipal<\/strong><\/span><strong><br \/>&#13;<br \/>\n  <br \/>&#13;<br \/>\n      <img loading=\"lazy\" decoding=\"async\" src=\"http:\/\/localhost:8080\/pictures\/ptd.jpg\" width=\"269\" height=\"227\" hspace=\"4\" align=\"left\" \/>BARAHONA.-<\/strong> El Partido de los Trabajadores  Dominicanos (PTD), en esta ciudad jurament\u00f3 su Comando Campa\u00f1a Municipal de  cara a las elecciones del 16\u00a0de\u00a0mayo\u00a0durante un acto celebrado  en \u00a0su local. <\/p>\n<p>&#13;<\/p>\n<p align=\"justify\" class=\"text1noticias\">El Comando de Campa\u00f1a Municipal petede\u00edsta esta  presidido por Joaqu\u00edn B\u00e1ez como coordinador general, el periodista Ricardo  Pineda Heredia, coordinador operativo. Ohelmis S\u00e1nchez, coordinador de  comunicaciones y relaciones p\u00fablicas, \u00a0\u00a0ingeniero Jhonny Gregorio Garc\u00eda, coordinador  electoral. <\/p>\n<p>&#13;<\/p>\n<p align=\"justify\" class=\"text1noticias\">Tambi\u00e9n por la ingeniero Esmeralda Brito,  coordinadora de recursos financieros, el licenciado Manuel de Jes\u00fas Flori\u00e1n  P\u00e9rez, el comunicador Benny Rodr\u00edguez, Norci Arias y el doctor Ernesto F\u00e9liz  M\u00e9ndez. <\/p>\n<p>&#13;<\/p>\n<p align=\"justify\" class=\"text1noticias\">El acto de juramentaci\u00f3n del \u00a0Comando de Campa\u00f1a del PTD, fue presidido por su  presidente y Coordinador General Nacional de Campa\u00f1a Jos\u00e9 Gonz\u00e1lez Espinosa,  quien destac\u00f3 el crecimiento que ha experimentado \u00a0esa organizaci\u00f3n pol\u00edtica desde las elecciones  del 1990 cuando participo en el recuadro n\u00famero 22, mientras que para estos  comicios ira en el recuadro n\u00famero 8, de la boleta electoral. <\/p>\n<p>&#13;<\/p>\n<p align=\"justify\" class=\"text1noticias\">Por otro lado la organizaci\u00f3n que tiene como  candidato presidencial al presidente Leonel Fern\u00e1ndez Reyna, design\u00f3 como  responsables de campa\u00f1a a los\u00a0 miembros de la Direcci\u00f3n Nacional,  Jhonny Olivero, en \u00a0las comunidades de Santa Elena, Juan Esteban, El  Arroyo, Bahoruco, La Cienaga,  San Rafael, Para\u00edso, Enriquillo.  <\/p>\n<p>&#13;<\/p>\n<p align=\"justify\"><span class=\"text1noticias\">Mientras que Ricardo Pineda Heredia, es el  responsable de Cabral, Polo, El Cach\u00f3n y Las Salinas y Manuel Flori\u00e1n para la Zona de Cuenca que la  componen lo pueblos de \u00a0\u00a0Vicente Noble, Habanero, La Hoya, Hato Viejo, Fundaci\u00f3n,  El Pe\u00f1\u00f3n y Jaquimeyes. <\/span> <\/p>\n<p>&#13;<\/p>\n<h6> 2008-01-30 16:07:39 <\/h6>\n<p><!--\n<link rel=\"stylesheet\" href=\"css\/bootstrap.min.css\">\n\n\n<ul class=\"pagination\">\n\t    \n\t\n\n<li >\n\t<a href='?page_no=34195'>Previous<\/a>\n\t<\/li>\n\n\n       \n    \n\n<li><a href='?page_no=1'>1<\/a><\/li>\n\n\n\n<li><a href='?page_no=2'>2<\/a><\/li>\n\n\n\n<li><a>...<\/a><\/li>\n\n\n\n<li><a href='?page_no=34194'>34194<\/a><\/li>\n\n\n\n<li><a href='?page_no=34195'>34195<\/a><\/li>\n\n\n\n<li class='active'><a>34196<\/a><\/li>\n\n\n\n<li><a href='?page_no=34197'>34197<\/a><\/li>\n\n\n\n<li><a href='?page_no=34198'>34198<\/a><\/li>\n\n\n\n<li><a>...<\/a><\/li>\n\n\n\n<li><a href='?page_no=36999'>36999<\/a><\/li>\n\n\n\n<li><a href='?page_no=37000'>37000<\/a><\/li>\n\n    \n\t\n\n<li >\n\t<a href='?page_no=34197'>Next<\/a>\n\t<\/li>\n\n\n    \n\n<li><a href='?page_no=37000'>Last &rsaquo;&rsaquo;<\/a><\/li>\n\n<\/ul>\n\n\n--><br \/>\n<\/body><\/p>\n","protected":false},"excerpt":{"rendered":"<p>PTD, en Barahona juramenta Comando de Campa\u00f1a Municipal&#13; &#13; BARAHONA.- El Partido de los Trabajadores Dominicanos (PTD), en esta ciudad jurament\u00f3 su Comando Campa\u00f1a Municipal de cara a las elecciones del 16\u00a0de\u00a0mayo\u00a0durante un acto celebrado en \u00a0su local. &#13; El Comando de Campa\u00f1a Municipal petede\u00edsta esta presidido por Joaqu\u00edn B\u00e1ez como coordinador general, el periodista [&hellip;]<\/p>\n","protected":false},"author":3,"featured_media":0,"comment_status":"open","ping_status":"open","sticky":false,"template":"","format":"standard","meta":{"footnotes":""},"categories":[22],"tags":[],"class_list":["post-191448","post","type-post","status-publish","format-standard","hentry","category-politica"],"_links":{"self":[{"href":"https:\/\/diariodominicano.com\/index.php?rest_route=\/wp\/v2\/posts\/191448","targetHints":{"allow":["GET"]}}],"collection":[{"href":"https:\/\/diariodominicano.com\/index.php?rest_route=\/wp\/v2\/posts"}],"about":[{"href":"https:\/\/diariodominicano.com\/index.php?rest_route=\/wp\/v2\/types\/post"}],"author":[{"embeddable":true,"href":"https:\/\/diariodominicano.com\/index.php?rest_route=\/wp\/v2\/users\/3"}],"replies":[{"embeddable":true,"href":"https:\/\/diariodominicano.com\/index.php?rest_route=%2Fwp%2Fv2%2Fcomments&post=191448"}],"version-history":[{"count":0,"href":"https:\/\/diariodominicano.com\/index.php?rest_route=\/wp\/v2\/posts\/191448\/revisions"}],"wp:attachment":[{"href":"https:\/\/diariodominicano.com\/index.php?rest_route=%2Fwp%2Fv2%2Fmedia&parent=191448"}],"wp:term":[{"taxonomy":"category","embeddable":true,"href":"https:\/\/diariodominicano.com\/index.php?rest_route=%2Fwp%2Fv2%2Fcategories&post=191448"},{"taxonomy":"post_tag","embeddable":true,"href":"https:\/\/diariodominicano.com\/index.php?rest_route=%2Fwp%2Fv2%2Ftags&post=191448"}],"curies":[{"name":"wp","href":"https:\/\/api.w.org\/{rel}","templated":true}]}}