{"id":191447,"date":"2008-01-30T16:17:45","date_gmt":"2008-01-30T16:17:45","guid":{"rendered":"http:\/\/diariodominicano.ddns.net\/?p=191447"},"modified":"2008-01-30T16:17:45","modified_gmt":"2008-01-30T16:17:45","slug":"miguel-vargas-defiende-su-gestion-al-frente-de-la-secretaria-de-obras-publicas","status":"publish","type":"post","link":"https:\/\/diariodominicano.com\/?p=191447","title":{"rendered":"Miguel Vargas defiende su gesti\u00f3n al frente de la Secretar\u00eda de Obras P\u00fablicas"},"content":{"rendered":"<p><body><\/p>\n<p align=\"justify\" class=\"titulogrande1\"><strong>Miguel Vargas defiende su gesti\u00f3n al  frente de la Secretar\u00eda  de Obras P\u00fablicas<\/strong><\/p>\n<p>&#13;<\/p>\n<p align=\"justify\" class=\"text1noticias\">Dice  que puede probar en un debate con Fern\u00e1ndez la transparencia de su patrimonio y  su gesti\u00f3n en la Secretar\u00eda  de Obras P\u00fablicas; enumera las obras que realiz\u00f3 desde ese cargo.<\/p>\n<p>&#13;<\/p>\n<p align=\"justify\" class=\"text1noticias\"><strong><img loading=\"lazy\" decoding=\"async\" src=\"http:\/\/localhost:8080\/pictures\/maldonadonueva.jpg\" width=\"269\" height=\"198\" hspace=\"4\" align=\"left\" \/>SANTO  DOMINGO.- <\/strong>El candidato presidencial del Partido Revolucionario Dominicano,  Miguel Vargas Maldonado, arremeti\u00f3 este mi\u00e9rcoles contra el presidente Leonel  Fern\u00e1ndez y el gobierno del Partido de la Liberaci\u00f3n Dominicana  (PLD).<\/p>\n<p>&#13;<\/p>\n<p align=\"justify\" class=\"text1noticias\">Vargas  Maldonado\u00a0 se defendi\u00f3 de las cr\u00edticas  que hizo el mandatario a su gesti\u00f3n en Obras P\u00fablicas y reiter\u00f3 su reto a un  debate p\u00fablico para demostrar su patrimonio, atacando el \u201cdespilfarro\u201d del  gasto p\u00fablico y los \u201cmillonarios salarios y lujosas yipetas\u201d de que seg\u00fan \u00e9l, disfrutan  los funcionarios del gobierno de Fern\u00e1ndez.<\/p>\n<p>&#13;<\/p>\n<p align=\"justify\" class=\"text1noticias\">Enfatiz\u00f3  que no teme ir a un debate donde tenga la oportunidad de exponer todo lo  concerniente a lo que ha sido su vida p\u00fablica y privada, y en el que pueda  hablar sobre el papel que jug\u00f3 cuando estuvo al frente de la Secretar\u00eda de Obras  P\u00fablicas.<\/p>\n<p>&#13;<\/p>\n<p align=\"justify\" class=\"text1noticias\">\u201cNo  rehuimos responsabilidad en ese aspecto, pero tampoco nos van a llevar al plano  de que quieran descalificarnos gente que nunca ha tenido actividades  productivas\u201d, advirti\u00f3 Vargas Maldonado, al comparecer en el almuerzo semanal  de Multimedios del Caribe.<\/p>\n<p>&#13;<\/p>\n<p align=\"justify\" class=\"text1noticias\">Dijo  que puede dar fe y testimonio de d\u00f3nde ha sacado su patrimonio y que, si es  necesario, est\u00e1 en capacidad de probarlo \u201ccentavo a centavo\u201d.<\/p>\n<p>&#13;<\/p>\n<p align=\"justify\" class=\"text1noticias\">Sin  mencionar nombres, consider\u00f3 que esta iniciativa es saludable para que \u201cotros\u201d  muestren su nivel de transparencia y, de esa manera, el pueblo pueda elegir  entre los candidatos que re\u00fanan mejores cualidades.<\/p>\n<p>&#13;<\/p>\n<p align=\"justify\" class=\"text1noticias\">Respecto  a las cr\u00edticas que el pasado domingo hiciera Fern\u00e1ndez a su labor como titular  de Obras P\u00fablicas, indic\u00f3 que eso tambi\u00e9n ser\u00eda interesante probarlo en un  debate, donde afirma tambi\u00e9n est\u00e1 dispuesto a llevar la lista de obras  consumadas como titular de esa cartera.<\/p>\n<p>&#13;<\/p>\n<p align=\"justify\" class=\"text1noticias\">Y  de inmediato, pas\u00f3 a enumerar el resultado de su trabajo. \u201cNosotros terminamos la Autov\u00eda del Este, que  estaba en un 40por ciento, terminamos la carretera Santiago-Navarrete, que  estaba en un 30 por ciento, terminamos la carretera Santiago-San Jos\u00e9 de las  Matas, que estaba en un 30 por ciento, terminamos el elevado de la (avenida)  Luper\u00f3n, el elevado de la 30 de Mayo y el hospital de Herrera\u201d, record\u00f3.<\/p>\n<p>&#13;<\/p>\n<p align=\"justify\" class=\"text1noticias\"><strong>Propuestas<\/strong><\/p>\n<p>&#13;<\/p>\n<p align=\"justify\" class=\"text1noticias\">Entrevistado  por los directores de El Caribe y CDN Radio y Televisi\u00f3n, Manuel A. Quiroz y  Osvaldo Santana, uno de los aspectos que m\u00e1s destac\u00f3 Vargas para mejorar los  niveles de vida de los dominicanos, de ganar la lucha por el podium  presidencial, fue su propuesta para crear fuentes de trabajo.<\/p>\n<p>&#13;<\/p>\n<p align=\"justify\" class=\"text1noticias\">En  este punto, se refiri\u00f3 al plan \u201cPrimer Empleo\u201d, iniciativa que viene  presentando desde el inicio de su campa\u00f1a y que consiste en estimular la  contrataci\u00f3n de j\u00f3venes dominicanos por parte de empresas que ser\u00edan  respaldadas por el Estado.<\/p>\n<p>&#13;<\/p>\n<p align=\"justify\" class=\"text1noticias\">El  incentivo al desarrollo inmobiliario privado y tur\u00edstico, un plan nacional de  construcci\u00f3n de viviendas de bajo costo iniciado por el gobierno y la  construcci\u00f3n de invernaderos con est\u00edmulos econ\u00f3micos similares a los de zonas  francas, son solo algunos de los planteamientos expuestos por Vargas para  aliviar el nivel de desocupaci\u00f3n que, asegura, ha sido agudizado por la  presente gesti\u00f3n.<\/p>\n<p>&#13;<\/p>\n<p align=\"justify\" class=\"text1noticias\">\u201cTambi\u00e9n  hemos hablado de un plan de mantenimiento de las infraestructuras, tanto de  edificaciones como viales que, en adici\u00f3n a preservar nuestras instalaciones y  nuestras propiedades p\u00fablicas, pudieran generar una din\u00e1mica importante en  ofertas de empleos. Hemos estado de acuerdo con un nivel de campa\u00f1a elevado\u201d  resalt\u00f3.<\/p>\n<p>&#13;<\/p>\n<p align=\"justify\" class=\"text1noticias\">Vargas  Maldonado dijo que comparte la sugerencia de distintos sectores organizados de  la sociedad dominicana sobre la necesidad de que los pol\u00edticos eleven el nivel  de sus discursos y que, en vez de basarlos en ofensas y descalificaciones  personales, presenten ofertas para resolver los problemas nacionales.<\/p>\n<p>&#13;<\/p>\n<p align=\"justify\" class=\"text1noticias\">\u201cNosotros  siempre hemos estado de acuerdo con un nivel de campa\u00f1a elevado. Al pa\u00eds lo que  le interesa es que los candidatos, nosotros, le planteemos propuestas de  soluci\u00f3n\u201d, expres\u00f3 el candidato presidencial del PRD.<\/p>\n<p>&#13;<\/p>\n<p align=\"justify\" class=\"text1noticias\">Vargas  Maldonado consider\u00f3 que las necesidades que padecen los dominicanos son  producto de \u201cla incapacidad que ha tenido esta administraci\u00f3n de solucionar los  principales problemas de este pa\u00eds y desatender demandas importantes como son  la salud y la educaci\u00f3n\u201d.<\/p>\n<p>&#13;<\/p>\n<p align=\"justify\" class=\"text1noticias\">Se\u00f1al\u00f3  que como consecuencia de esa alegada incapacidad del Gobierno del Partido de la Liberaci\u00f3n Dominicana,  hoy d\u00eda las personas pobres han visto subir los precios de los productos de  primera necesidad.<\/p>\n<p>&#13;<\/p>\n<p align=\"justify\" class=\"text1noticias\"><strong>Miguel: prioridades de su gobierno son  necesidades del pa\u00eds<\/strong><\/p>\n<p>&#13;<\/p>\n<p align=\"justify\" class=\"text1noticias\">El  aspirante a la nominaci\u00f3n presidencial del partido blanco asegur\u00f3 que en una  nueva gesti\u00f3n del PRD las prioridades fundamentales ser\u00e1n las necesidades del  pueblo y que la agenda de gobierno estar\u00e1 enfocada en resolver los problemas, a  su juicio, existentes en el sistema educativo nacional, en salud, vivienda y  alimentaci\u00f3n.<\/p>\n<p>&#13;<\/p>\n<p align=\"justify\" class=\"text1noticias\">Crear  las condiciones reales para impulsar pol\u00edticas de competitividad, tambi\u00e9n es  uno de los puntos que seg\u00fan Vargas estar\u00edan en su cuaderno de trabajo en caso  de ser favorecido por la mayor\u00eda de los votantes en el pr\u00f3ximo torneo  electoral.<\/p>\n<p>&#13;<\/p>\n<p align=\"justify\" class=\"text1noticias\">El  candidato dijo entender que una gesti\u00f3n p\u00fablica debe hacer una inversi\u00f3n  equilibrada, justa y donde participen todos los sectores sociales del pa\u00eds.<\/p>\n<p>&#13;<\/p>\n<p align=\"justify\" class=\"text1noticias\">Siguiendo  con sus propuestas para aligerar el costo de vida de la gente, refiri\u00f3 el  espinoso tema de la tarifa el\u00e9ctrica, que asegura reducir\u00e1 hasta un 20%. Para  esto, dice que iniciar\u00eda un proceso de renegociaci\u00f3n de los contratos  existentes en ese sector.<\/p>\n<p>&#13;<\/p>\n<p align=\"justify\" class=\"text1noticias\"><strong>Identifica fuente compensaci\u00f3n<\/strong><\/p>\n<p>&#13;<\/p>\n<p align=\"justify\" class=\"text1noticias\">Planes  de reducci\u00f3n impositiva con las reducciones impositivas y otras medidas sugeridas,  Vargas Maldonado calcul\u00f3 que ascender\u00edan a RD$28 mil 800 millones los fondos  que el Estado dejar\u00eda de percibir. <\/p>\n<p>&#13;<\/p>\n<p align=\"justify\" class=\"text1noticias\">Apunt\u00f3  que se evalu\u00f3, igualmente, las fuentes de d\u00f3nde compensar\u00edan esos recursos y  asegura que la sumatoria total ser\u00eda de RD$35 mil 550 millones. <\/p>\n<p>&#13;<\/p>\n<p align=\"justify\" class=\"text1noticias\">\u201cTenemos  el caso de un control en el despilfarro del gasto p\u00fablico, donde nos  ahorrar\u00edamos unos RD$5,000 millones, los grandes salarios millonarios,  reduci\u00e9ndolos a sus niveles adecuados\u201d, enfatiz\u00f3 Vargas Maldonado. <\/p>\n<p>&#13;<\/p>\n<p align=\"justify\" class=\"text1noticias\">Explic\u00f3  que \u201ctambi\u00e9n tenemos planteado llevar a cabo, con cumplimiento de la ley, lo  que es la adquisici\u00f3n de bienes y servicios y contrataci\u00f3n de obras del Estado,  que ah\u00ed solamente nos ahorrar\u00edamos unos RD$7,500 millones de pesos\u201d. <\/p>\n<p>&#13;<\/p>\n<p align=\"justify\" class=\"text1noticias\">El  candidato presidencial del partido blanco dijo que estas medidas son factibles  de desarrollar siempre que haya disciplina en el gasto p\u00fablico.<\/p>\n<p>&#13;<\/p>\n<p align=\"justify\" class=\"text1noticias\"><strong>M\u00e1s ataques para el Metro<\/strong><\/p>\n<p>&#13;<\/p>\n<p align=\"justify\" class=\"text1noticias\">La  construcci\u00f3n del Metro de Santo Domingo ocup\u00f3 un lugar de primac\u00eda entre las  obras citadas por Vargas Maldonado para criticar el gobierno de Fern\u00e1ndez. Dijo  que la ejecuci\u00f3n de ese proyecto no se corresponde con las prioridades de la  naci\u00f3n.<\/p>\n<p>&#13;<\/p>\n<p align=\"justify\" class=\"text1noticias\">\u201cFue  una obra que inici\u00f3 sin estudios, sin planos, sin una decisi\u00f3n del pueblo  dominicano. Sobre todo, una obra que se hizo sin transparencia. Es una obra que  asume y consume la mayor parte de la inversi\u00f3n p\u00fablica de este gobierno\u201d,  critic\u00f3.<\/p>\n<p>&#13;<\/p>\n<p align=\"justify\" class=\"text1noticias\">Explic\u00f3  adem\u00e1s que el PRD entend\u00eda que la construcci\u00f3n del Metro ser\u00eda una obra m\u00e1s  sencilla, r\u00e1pida y menos costosa. \u201cNosotros tenemos planes espec\u00edficos de  soluciones, menos costosas, menos traum\u00e1ticas y con participaci\u00f3n conjunta\u201d de  todos los sectores, apunta.<\/p>\n<p>&#13;<\/p>\n<p align=\"justify\" class=\"text1noticias\">Para  \u00e9l, lo peor de la mega obra defendida por la administraci\u00f3n de Fern\u00e1ndez no es  lo que se ha invertido en ella, sino lo que significa en t\u00e9rminos de subsidio  para el Estado.<\/p>\n<p>&#13;<\/p>\n<p align=\"justify\" class=\"text1noticias\">Calcul\u00f3  que los futuros gobiernos tendr\u00e1n que disponer de US$100 millones anuales para  mantener en operaci\u00f3n, con eficiencia, ese sistema de transporte r\u00e1pido.<\/p>\n<p>&#13;<\/p>\n<p align=\"justify\" class=\"text1noticias\"><strong>Aspectos importantes con los que se  compromete<\/strong><\/p>\n<p>&#13;<\/p>\n<p align=\"justify\" class=\"text1noticias\"><strong>Macroeconom\u00eda<\/strong><\/p>\n<p>&#13;<\/p>\n<p align=\"justify\" class=\"text1noticias\">Vargas  Maldonado dijo que su candidatura se siente comprometida con el desarrollo  nacional a trav\u00e9s del crecimiento sostenido de la macroeconom\u00eda. <\/p>\n<p>&#13;<\/p>\n<p align=\"justify\" class=\"text1noticias\">\u201cPara  eso debemos tener en cuenta aspectos que son fundamentales, como es el caso de  un sistema tributario sencillo y racional y un esquema de gesti\u00f3n de los fondos  p\u00fablicos dentro de una ingenier\u00eda que permita disponer m\u00e1s recursos para la  inversi\u00f3n p\u00fablica\u201d, manifest\u00f3 Vargas Maldonado.<\/p>\n<p>&#13;<\/p>\n<p align=\"justify\" class=\"text1noticias\"><strong>Seguridad<\/strong><\/p>\n<p>&#13;<\/p>\n<p align=\"justify\" class=\"text1noticias\">En  materia de seguridad ciudadana, el candidato presidencial perrede\u00edsta dijo que pretende  impulsar la constituci\u00f3n de una Polic\u00eda m\u00e1s capacitada, mejor remunerada y con  una serie de reformas que puedan ser implementadas en beneficio del propio  cuerpo del orden.<\/p>\n<p>&#13;<\/p>\n<p align=\"justify\" class=\"text1noticias\">\u201cEl  objetivo que tenemos es proteger y resguardar los intereses de la ciudadan\u00eda en  todos los aspectos, tanto en la integridad f\u00edsica como material\u201d, expuso.<\/p>\n<p>&#13;<\/p>\n<p align=\"justify\" class=\"text1noticias\"><strong>\u201cDesesperado\u201d<\/strong><\/p>\n<p>&#13;<\/p>\n<p align=\"justify\" class=\"text1noticias\">\u201cEs,  obviamente, producto de la desesperaci\u00f3n del candidato reeleccionista\u201d. As\u00ed  respondi\u00f3 el candidato presidencial del Partido Revolucionario Dominicano  (PRD), Miguel Vargas Maldonado, cuando se le requiri\u00f3 su parecer respecto a los  ataques del presidente Leonel Fern\u00e1ndez hacia la candidatura que ostenta.<\/p>\n<p>&#13;<\/p>\n<p align=\"justify\" class=\"text1noticias\">Dijo  que el tambi\u00e9n candidato del PLD lo hace \u201cporque sabe que tenemos una posici\u00f3n  en la preferencia del electorado muy superior a la de \u00e9l. Nuestras encuestas  nos colocan en 41 por ciento y 31 por ciento al candidato reeleccionista\u201d,  asegur\u00f3.<\/p>\n<p>&#13;<\/p>\n<h6> 2008-01-30 16:17:45 <\/h6>\n<p><!--\n<link rel=\"stylesheet\" href=\"css\/bootstrap.min.css\">\n\n\n<ul class=\"pagination\">\n\t    \n\t\n\n<li >\n\t<a href='?page_no=34194'>Previous<\/a>\n\t<\/li>\n\n\n       \n    \n\n<li><a href='?page_no=1'>1<\/a><\/li>\n\n\n\n<li><a href='?page_no=2'>2<\/a><\/li>\n\n\n\n<li><a>...<\/a><\/li>\n\n\n\n<li><a href='?page_no=34193'>34193<\/a><\/li>\n\n\n\n<li><a href='?page_no=34194'>34194<\/a><\/li>\n\n\n\n<li class='active'><a>34195<\/a><\/li>\n\n\n\n<li><a href='?page_no=34196'>34196<\/a><\/li>\n\n\n\n<li><a href='?page_no=34197'>34197<\/a><\/li>\n\n\n\n<li><a>...<\/a><\/li>\n\n\n\n<li><a href='?page_no=36999'>36999<\/a><\/li>\n\n\n\n<li><a href='?page_no=37000'>37000<\/a><\/li>\n\n    \n\t\n\n<li >\n\t<a href='?page_no=34196'>Next<\/a>\n\t<\/li>\n\n\n    \n\n<li><a href='?page_no=37000'>Last &rsaquo;&rsaquo;<\/a><\/li>\n\n<\/ul>\n\n\n--><br \/>\n<\/body><\/p>\n","protected":false},"excerpt":{"rendered":"<p>Miguel Vargas defiende su gesti\u00f3n al frente de la Secretar\u00eda de Obras P\u00fablicas &#13; Dice que puede probar en un debate con Fern\u00e1ndez la transparencia de su patrimonio y su gesti\u00f3n en la Secretar\u00eda de Obras P\u00fablicas; enumera las obras que realiz\u00f3 desde ese cargo. &#13; SANTO DOMINGO.- El candidato presidencial del Partido Revolucionario Dominicano, [&hellip;]<\/p>\n","protected":false},"author":3,"featured_media":0,"comment_status":"open","ping_status":"open","sticky":false,"template":"","format":"standard","meta":{"footnotes":""},"categories":[22],"tags":[],"class_list":["post-191447","post","type-post","status-publish","format-standard","hentry","category-politica"],"_links":{"self":[{"href":"https:\/\/diariodominicano.com\/index.php?rest_route=\/wp\/v2\/posts\/191447","targetHints":{"allow":["GET"]}}],"collection":[{"href":"https:\/\/diariodominicano.com\/index.php?rest_route=\/wp\/v2\/posts"}],"about":[{"href":"https:\/\/diariodominicano.com\/index.php?rest_route=\/wp\/v2\/types\/post"}],"author":[{"embeddable":true,"href":"https:\/\/diariodominicano.com\/index.php?rest_route=\/wp\/v2\/users\/3"}],"replies":[{"embeddable":true,"href":"https:\/\/diariodominicano.com\/index.php?rest_route=%2Fwp%2Fv2%2Fcomments&post=191447"}],"version-history":[{"count":0,"href":"https:\/\/diariodominicano.com\/index.php?rest_route=\/wp\/v2\/posts\/191447\/revisions"}],"wp:attachment":[{"href":"https:\/\/diariodominicano.com\/index.php?rest_route=%2Fwp%2Fv2%2Fmedia&parent=191447"}],"wp:term":[{"taxonomy":"category","embeddable":true,"href":"https:\/\/diariodominicano.com\/index.php?rest_route=%2Fwp%2Fv2%2Fcategories&post=191447"},{"taxonomy":"post_tag","embeddable":true,"href":"https:\/\/diariodominicano.com\/index.php?rest_route=%2Fwp%2Fv2%2Ftags&post=191447"}],"curies":[{"name":"wp","href":"https:\/\/api.w.org\/{rel}","templated":true}]}}