{"id":191445,"date":"2008-01-30T17:25:39","date_gmt":"2008-01-30T17:25:39","guid":{"rendered":"http:\/\/diariodominicano.ddns.net\/?p=191445"},"modified":"2008-01-30T17:25:39","modified_gmt":"2008-01-30T17:25:39","slug":"dicen-leonel-fernandez-tiene-un-58-en-la-intencion-del-voto-en-barahona","status":"publish","type":"post","link":"https:\/\/diariodominicano.com\/?p=191445","title":{"rendered":"Dicen Leonel Fern\u00e1ndez tiene un 58% en la intenci\u00f3n del voto en Barahona"},"content":{"rendered":"<p><body><\/p>\n<p align=\"justify\"><strong class=\"titulogrande1\">Dicen Leonel Fern\u00e1ndez tiene un 58% en la\u00a0intenci\u00f3n del voto  en Barahona<\/strong><br \/>&#13;<br \/>\n  <br \/>&#13;<br \/>\n    <span class=\"text1noticias\"><strong><img loading=\"lazy\" decoding=\"async\" src=\"http:\/\/localhost:8080\/pictures\/leonel proclamacion 1.jpg\" width=\"269\" height=\"304\" hspace=\"4\" align=\"left\" \/>BARAHONA<\/strong>.- El presidente y candidato por el Partido de la Liberaci\u00f3n Dominicana  (PLD) y el Bloque Progresista doctor Leonel Fern\u00e1ndez Reyna tiene un 58 por  ciento en la intenci\u00f3n del voto en\u00a0 esta provincia, seg\u00fan  los datos de una encuesta dada a conocer por el Coordinador Nacional\u00a0de  Campa\u00f1a, Francisco Javier Garc\u00eda. <br \/>&#13;<br \/>\n    <br \/>&#13;<br \/>\n    La  informaci\u00f3n de los resultados de la encuesta fue dada a conocer por el director  de Estrategia del Comando de Campa\u00f1a Provincial Eddy Mateo V\u00e1squez, Bol\u00edvar D\u00a8  \u00d3leo, Rafael Mendoza y Carlos Garc\u00eda L\u00f3pez. <br \/>&#13;<br \/>\n    <br \/>&#13;<br \/>\n    Las declaraciones de los dirigentes pelede\u00edstas fueron  ofrecidas durante una\u00a0\u00a0 asamblea realizada en\u00a0 el comit\u00e9 intermedio Ho Chi Minh \u201cA\u201d  del PLD en esta ciudad, el cual es presidido por el licenciado Mayobanex De  Jes\u00fas Laurens. <br \/>&#13;<br \/>\n    <br \/>&#13;<br \/>\nHablando por separados, los dirigentes\u00a0 expresaron que por primera vez el Partido de la Liberaci\u00f3n Dominicana  (PLD) inicia una campa\u00f1a electoral en esta\u00a0 demarcacion \u00a0con una intenci\u00f3n del voto de un 58 por ciento sin \u00a0estar en las calles, lo cual es fruto de la  buena gesti\u00f3n de gobierno que realiza el presidente Leonel Fern\u00e1ndez, y que se  refleja en todo del pa\u00eds. <br \/>&#13;<br \/>\n<br \/>&#13;<br \/>\nEn la asamblea celebrada en el local del comit\u00e9  municipal tambi\u00e9n estuvieron presentes los miembros del comit\u00e9 provincial de  campa\u00f1a, An\u00edbal Medina, Lemuel Espinosa, Ernesto P\u00e9rez, Ram\u00f3n L\u00f3pez Inoa, y  Bienvenido Heredia, <br \/>&#13;<br \/>\n<br \/>&#13;<br \/>\nEl coordinador provincial de campa\u00f1a del Partido de la Liberaci\u00f3n Dominicana  y Gobernador licenciado Carlos  Manuel \u00a0Flori\u00e1n, estuvo ausente en el encuentro por  encontrarse en gestiones de campa\u00f1a en Santo Domingo, acompa\u00f1ado del miembro  del comit\u00e9 central y encargado de asuntos electorales, Alfredo Dotel Flori\u00e1n.<br \/>&#13;<br \/>\n<br \/>&#13;<br \/>\nLa direcci\u00f3n politica del PLD,\u00a0 sostiene encuentros y  asambleas en cada uno de los comit\u00e9s intermedios de los municipios, para dar a  conocer el plan de campa\u00f1a, \u00a0los trabajos  electorales y fortalecer la unidad \u00a0de esa organizaci\u00f3n,  en procura de ganar las elecciones en esa provincia sure\u00f1a el pr\u00f3ximo 16 de  mayo. <br \/>&#13;<br \/>\n<br \/>&#13;<br \/>\nEn el encuentro estuvieron presentes los miembros  del equipo de campa\u00f1a del comit\u00e9 intermedio Ho Chi Minh \u201cA\u201d, los presidentes y  miembros de los comit\u00e9s de bases de ese organismo y los simpatizantes del \u00e1rea  de trabajo del intermedio. <\/span><\/p>\n<p>&#13;<\/p>\n<h6> 2008-01-30 17:25:39 <\/h6>\n<p><!--\n<link rel=\"stylesheet\" href=\"css\/bootstrap.min.css\">\n\n\n<ul class=\"pagination\">\n\t    \n\t\n\n<li >\n\t<a href='?page_no=34192'>Previous<\/a>\n\t<\/li>\n\n\n       \n    \n\n<li><a href='?page_no=1'>1<\/a><\/li>\n\n\n\n<li><a href='?page_no=2'>2<\/a><\/li>\n\n\n\n<li><a>...<\/a><\/li>\n\n\n\n<li><a href='?page_no=34191'>34191<\/a><\/li>\n\n\n\n<li><a href='?page_no=34192'>34192<\/a><\/li>\n\n\n\n<li class='active'><a>34193<\/a><\/li>\n\n\n\n<li><a href='?page_no=34194'>34194<\/a><\/li>\n\n\n\n<li><a href='?page_no=34195'>34195<\/a><\/li>\n\n\n\n<li><a>...<\/a><\/li>\n\n\n\n<li><a href='?page_no=36999'>36999<\/a><\/li>\n\n\n\n<li><a href='?page_no=37000'>37000<\/a><\/li>\n\n    \n\t\n\n<li >\n\t<a href='?page_no=34194'>Next<\/a>\n\t<\/li>\n\n\n    \n\n<li><a href='?page_no=37000'>Last &rsaquo;&rsaquo;<\/a><\/li>\n\n<\/ul>\n\n\n--><br \/>\n<\/body><\/p>\n","protected":false},"excerpt":{"rendered":"<p>Dicen Leonel Fern\u00e1ndez tiene un 58% en la\u00a0intenci\u00f3n del voto en Barahona&#13; &#13; BARAHONA.- El presidente y candidato por el Partido de la Liberaci\u00f3n Dominicana (PLD) y el Bloque Progresista doctor Leonel Fern\u00e1ndez Reyna tiene un 58 por ciento en la intenci\u00f3n del voto en\u00a0 esta provincia, seg\u00fan los datos de una encuesta dada a [&hellip;]<\/p>\n","protected":false},"author":3,"featured_media":0,"comment_status":"open","ping_status":"open","sticky":false,"template":"","format":"standard","meta":{"footnotes":""},"categories":[22],"tags":[],"class_list":["post-191445","post","type-post","status-publish","format-standard","hentry","category-politica"],"_links":{"self":[{"href":"https:\/\/diariodominicano.com\/index.php?rest_route=\/wp\/v2\/posts\/191445","targetHints":{"allow":["GET"]}}],"collection":[{"href":"https:\/\/diariodominicano.com\/index.php?rest_route=\/wp\/v2\/posts"}],"about":[{"href":"https:\/\/diariodominicano.com\/index.php?rest_route=\/wp\/v2\/types\/post"}],"author":[{"embeddable":true,"href":"https:\/\/diariodominicano.com\/index.php?rest_route=\/wp\/v2\/users\/3"}],"replies":[{"embeddable":true,"href":"https:\/\/diariodominicano.com\/index.php?rest_route=%2Fwp%2Fv2%2Fcomments&post=191445"}],"version-history":[{"count":0,"href":"https:\/\/diariodominicano.com\/index.php?rest_route=\/wp\/v2\/posts\/191445\/revisions"}],"wp:attachment":[{"href":"https:\/\/diariodominicano.com\/index.php?rest_route=%2Fwp%2Fv2%2Fmedia&parent=191445"}],"wp:term":[{"taxonomy":"category","embeddable":true,"href":"https:\/\/diariodominicano.com\/index.php?rest_route=%2Fwp%2Fv2%2Fcategories&post=191445"},{"taxonomy":"post_tag","embeddable":true,"href":"https:\/\/diariodominicano.com\/index.php?rest_route=%2Fwp%2Fv2%2Ftags&post=191445"}],"curies":[{"name":"wp","href":"https:\/\/api.w.org\/{rel}","templated":true}]}}