{"id":191395,"date":"2008-02-03T23:49:07","date_gmt":"2008-02-03T23:49:07","guid":{"rendered":"http:\/\/diariodominicano.ddns.net\/?p=191395"},"modified":"2008-02-03T23:49:07","modified_gmt":"2008-02-03T23:49:07","slug":"leonel-recibe-contundente-apoyo-en-moca-y-hermanas-mirabal","status":"publish","type":"post","link":"https:\/\/diariodominicano.com\/?p=191395","title":{"rendered":"Leonel recibe contundente apoyo en Moca y Hermanas Mirabal"},"content":{"rendered":"<p><body><\/p>\n<p align=\"center\" class=\"titulogrande1\">Leonel recibe contundente apoyo en Moca y Hermanas  Mirabal<\/p>\n<p>&#13;<\/p>\n<p align=\"justify\" class=\"text1noticias\"><strong><img loading=\"lazy\" decoding=\"async\" src=\"http:\/\/localhost:8080\/pictures\/leonelmoca.jpg\" width=\"269\" height=\"183\" hspace=\"4\" align=\"left\" \/>Santo Domingo<\/strong>.- El\u00a0 candidato  presidencial del Partido de la Liberaci\u00f3n   Dominicana (PLD), doctor Leonel Fern\u00e1ndez, concluy\u00f3 en Moca,  provincia Espaillat, una amplia jornada proselitista con recorridos por los  diferentes municipios de \u00e9sta y la provincia Hermanas Mirabal, donde recibi\u00f3  una contundente demostraci\u00f3n\u00a0 de apoyo a  su candidatura reeleccionista considerada por muchos como sin precedentes en  esta zona.<br \/>&#13;<br \/>\n  <br \/>&#13;<br \/>\n  Fern\u00e1ndez inici\u00f3 su recorrido por  el municipio de Villa Tapia,\u00a0 a donde  lleg\u00f3 poco despu\u00e9s de la 1:00 de la tarde y fue recibido por una multitud  entusiasta que lo aclamaba como el l\u00edder del pa\u00eds y la \u00fanica garant\u00eda para que  la naci\u00f3n dominicana siga trillando la ruta del progreso, la democracia y al  modernidad.<br \/>&#13;<br \/>\n  <br \/>&#13;<br \/>\n  De Villa Tapia, Fern\u00e1ndez\u00a0 se traslad\u00f3 a Tenares, donde recibi\u00f3 igual  demostraci\u00f3n de adhesi\u00f3n, y\u00a0 viaj\u00f3 a  Salcedo.<br \/>&#13;<br \/>\n  <br \/>&#13;<br \/>\n  A la entrada de Salcedo\u00a0 Fern\u00e1ndez se encontr\u00f3 con u mitin improvisado  por la gran cantidad de personas que a ambos lados de la avenida principal lo  esperaba para tributarle su admiraci\u00f3n.<br \/>&#13;<br \/>\n  <br \/>&#13;<br \/>\n  En todo el trayecto de la  caravana, personas de todas las edades se abr\u00eda paso a la multitud, en un  esfuerzo por saludar al candidato y fue frecuente ver ancianas besar las manos  de Fern\u00e1ndez,\u00a0 y otras mujeres desde los  balcones y veh\u00edculos les lazaban flores y besos.<br \/>&#13;<br \/>\n  <br \/>&#13;<br \/>\n  En cada punto reinaba la  algarab\u00eda, el entusiasmo, pero como si se tratara de una competici\u00f3n de fuerza  o de simpat\u00eda, en Moca la multitud fue descomunal.<br \/>&#13;<br \/>\n  <br \/>&#13;<br \/>\n  Cada calle por donde transitaba  el candidato pelede\u00edsta seguido de la extensa caravana se convert\u00eda en una  fiebre morada, en una verdadera euforia, al ver a Fern\u00e1ndez, quien desde su  veh\u00edculo no pudo disimular la emoci\u00f3n y el j\u00fabilo al ver a la gente cada vez  m\u00e1s entusiasta.<br \/>&#13;<br \/>\n  <br \/>&#13;<br \/>\n  En Moca, Fern\u00e1ndez recorri\u00f3 los  barrios Las Flores, Jos\u00e9 Mar\u00eda Rodr\u00edguez, Sal \u00a0si Puedes, Puerto Rico, Los Horacio, entre  otros.<br \/>&#13;<br \/>\n  <br \/>&#13;<br \/>\n  En este recorrido el Fern\u00e1ndez  estuvo acompa\u00f1ado de Francisco Javier Garc\u00eda, coordinador nacional de campa\u00f1a, \u00a0F\u00e9lix Bautista, Sim\u00f3n Lizardo, Jaime David  Fern\u00e1ndez Mirabal, Jos\u00e9 Ram\u00f3n Fadul, Carlos Amarante Baret, el senador Luis Ren\u00e9  Cana\u00e1n, y \u00a0V\u00edctor D\u00edaz R\u00faa.<br \/>&#13;<br \/>\n  <br \/>&#13;<br \/>\n  El amplio periplo termin\u00f3 pasadas  las 7:00 de la noche, cuando todav\u00eda Fern\u00e1ndez y la caravana era seguida por  una inmensa multitud\u00a0 presa de un entusiasmo  desbordante y con ganas de seguir avanzado junto al l\u00edder.<\/p>\n<p>&#13;<\/p>\n<h6> 2008-02-03 23:49:07 <\/h6>\n<p><!--\n<link rel=\"stylesheet\" href=\"css\/bootstrap.min.css\">\n\n\n<ul class=\"pagination\">\n\t    \n\t\n\n<li >\n\t<a href='?page_no=34142'>Previous<\/a>\n\t<\/li>\n\n\n       \n    \n\n<li><a href='?page_no=1'>1<\/a><\/li>\n\n\n\n<li><a href='?page_no=2'>2<\/a><\/li>\n\n\n\n<li><a>...<\/a><\/li>\n\n\n\n<li><a href='?page_no=34141'>34141<\/a><\/li>\n\n\n\n<li><a href='?page_no=34142'>34142<\/a><\/li>\n\n\n\n<li class='active'><a>34143<\/a><\/li>\n\n\n\n<li><a href='?page_no=34144'>34144<\/a><\/li>\n\n\n\n<li><a href='?page_no=34145'>34145<\/a><\/li>\n\n\n\n<li><a>...<\/a><\/li>\n\n\n\n<li><a href='?page_no=36999'>36999<\/a><\/li>\n\n\n\n<li><a href='?page_no=37000'>37000<\/a><\/li>\n\n    \n\t\n\n<li >\n\t<a href='?page_no=34144'>Next<\/a>\n\t<\/li>\n\n\n    \n\n<li><a href='?page_no=37000'>Last &rsaquo;&rsaquo;<\/a><\/li>\n\n<\/ul>\n\n\n--><br \/>\n<\/body><\/p>\n","protected":false},"excerpt":{"rendered":"<p>Leonel recibe contundente apoyo en Moca y Hermanas Mirabal &#13; Santo Domingo.- El\u00a0 candidato presidencial del Partido de la Liberaci\u00f3n Dominicana (PLD), doctor Leonel Fern\u00e1ndez, concluy\u00f3 en Moca, provincia Espaillat, una amplia jornada proselitista con recorridos por los diferentes municipios de \u00e9sta y la provincia Hermanas Mirabal, donde recibi\u00f3 una contundente demostraci\u00f3n\u00a0 de apoyo a [&hellip;]<\/p>\n","protected":false},"author":3,"featured_media":0,"comment_status":"open","ping_status":"open","sticky":false,"template":"","format":"standard","meta":{"footnotes":""},"categories":[22],"tags":[],"class_list":["post-191395","post","type-post","status-publish","format-standard","hentry","category-politica"],"_links":{"self":[{"href":"https:\/\/diariodominicano.com\/index.php?rest_route=\/wp\/v2\/posts\/191395","targetHints":{"allow":["GET"]}}],"collection":[{"href":"https:\/\/diariodominicano.com\/index.php?rest_route=\/wp\/v2\/posts"}],"about":[{"href":"https:\/\/diariodominicano.com\/index.php?rest_route=\/wp\/v2\/types\/post"}],"author":[{"embeddable":true,"href":"https:\/\/diariodominicano.com\/index.php?rest_route=\/wp\/v2\/users\/3"}],"replies":[{"embeddable":true,"href":"https:\/\/diariodominicano.com\/index.php?rest_route=%2Fwp%2Fv2%2Fcomments&post=191395"}],"version-history":[{"count":0,"href":"https:\/\/diariodominicano.com\/index.php?rest_route=\/wp\/v2\/posts\/191395\/revisions"}],"wp:attachment":[{"href":"https:\/\/diariodominicano.com\/index.php?rest_route=%2Fwp%2Fv2%2Fmedia&parent=191395"}],"wp:term":[{"taxonomy":"category","embeddable":true,"href":"https:\/\/diariodominicano.com\/index.php?rest_route=%2Fwp%2Fv2%2Fcategories&post=191395"},{"taxonomy":"post_tag","embeddable":true,"href":"https:\/\/diariodominicano.com\/index.php?rest_route=%2Fwp%2Fv2%2Ftags&post=191395"}],"curies":[{"name":"wp","href":"https:\/\/api.w.org\/{rel}","templated":true}]}}