{"id":191388,"date":"2008-02-04T15:47:41","date_gmt":"2008-02-04T15:47:41","guid":{"rendered":"http:\/\/diariodominicano.ddns.net\/?p=191388"},"modified":"2008-02-04T15:47:41","modified_gmt":"2008-02-04T15:47:41","slug":"melanio-paredes-resalta-las-cualidades-del-presidente-arrasara-en-primera-vuelta-con-mas-del-54-de-los-votos","status":"publish","type":"post","link":"https:\/\/diariodominicano.com\/?p=191388","title":{"rendered":"Melanio Paredes resalta las cualidades del Presidente; arrasar\u00e1 en primera vuelta con m\u00e1s del 54% de los votos"},"content":{"rendered":"<p><body><\/p>\n<p align=\"justify\" class=\"titulogrande1\">Melanio  Paredes resalta las cualidades del Presidente; <strong>arrasar\u00e1 en  primera vuelta con m\u00e1s del 54% de los votos<\/strong><\/p>\n<p>&#13;<\/p>\n<p align=\"justify\" class=\"text1noticias\"><strong><img loading=\"lazy\" decoding=\"async\" src=\"http:\/\/localhost:8080\/pictures\/melanio pic.jpg\" width=\"269\" height=\"212\" hspace=\"4\" align=\"left\" \/>Santo  Domingo.-<\/strong> El doctor  Leonel Fern\u00e1ndez obtendr\u00e1 un triunfo hist\u00f3rico arrollador y saldr\u00e1 victorioso con  m\u00e1s de un 54% de la preferencia electoral en los comicios del 16 de mayo  pr\u00f3ximo.<\/p>\n<p>&#13;<\/p>\n<p align=\"justify\" class=\"text1noticias\">El licenciado Melanio Paredes, miembro del Comit\u00e9  Pol\u00edtico del Partido de la Liberaci\u00f3n Dominicana (PLD), hizo la afirmaci\u00f3n y  sostuvo que s\u00f3lo el candidato presidencial del partido morado ha logrado  aglutinar a su alrededor tanto a los sectores liberales y progresistas, como un  gran segmento de conservadores tradicionales, gracias al carisma y liderazgo  que lo caracterizan.<\/p>\n<p>&#13;<\/p>\n<p align=\"justify\" class=\"text1noticias\">Ponder\u00f3 la capacidad de Leonel Fern\u00e1ndez de reunir y  presidir un bloque de fuerzas pol\u00edticas con diversas corrientes y con el fin de  construir juntos un proyecto de naci\u00f3n.<\/p>\n<p>&#13;<\/p>\n<p align=\"justify\" class=\"text1noticias\">Paredes cit\u00f3 como ejemplo del fuerte liderazgo del  Presidente las \u00faltimas manifestaciones de apoyo que ha recibido de sectores de  profesionales, comerciantes, empresariales y pol\u00edticos, como el del Consejo  Presidencial Reformista y la reciente proclamaci\u00f3n como su candidato  presidencial que realiz\u00f3 el Movimiento en Primera Vuelta.<\/p>\n<p>&#13;<\/p>\n<p align=\"justify\" class=\"text1noticias\">Explic\u00f3 que Fern\u00e1ndez se percibe en su contacto con los  reformistas como \u201cel l\u00edder del balaguerismo hist\u00f3rico\u201d, gracias a su carisma y  a sus ejecutorias a favor de intereses en beneficio de toda la naci\u00f3n.<\/p>\n<p>&#13;<\/p>\n<p align=\"justify\" class=\"text1noticias\">Entrevistado en el espacio televisivo Matinal 5, de  Telemicro, el miembro del Comit\u00e9 Pol\u00edtico del PLD recalc\u00f3 que la candidatura de  Leonel Fern\u00e1ndez es la de mayor apoyo y de mayor arrastre de masas en toda la  historia dominicana, \u201clo que le augura una victoria contundente en primera  vuelta\u201d.<\/p>\n<p>&#13;<\/p>\n<p align=\"justify\" class=\"text1noticias\">Manifest\u00f3 que el Partido de la Liberaci\u00f3n Dominicana  se siente c\u00f3modo y confiado de ganar las elecciones, pero que no se descuida de  la oposici\u00f3n y \u201clas mara\u00f1as que se tejen\u201d por esos predios para confundir a la  poblaci\u00f3n.<\/p>\n<p>&#13;<\/p>\n<h6> 2008-02-04 15:47:41 <\/h6>\n<p><!--\n<link rel=\"stylesheet\" href=\"css\/bootstrap.min.css\">\n\n\n<ul class=\"pagination\">\n\t    \n\t\n\n<li >\n\t<a href='?page_no=34135'>Previous<\/a>\n\t<\/li>\n\n\n       \n    \n\n<li><a href='?page_no=1'>1<\/a><\/li>\n\n\n\n<li><a href='?page_no=2'>2<\/a><\/li>\n\n\n\n<li><a>...<\/a><\/li>\n\n\n\n<li><a href='?page_no=34134'>34134<\/a><\/li>\n\n\n\n<li><a href='?page_no=34135'>34135<\/a><\/li>\n\n\n\n<li class='active'><a>34136<\/a><\/li>\n\n\n\n<li><a href='?page_no=34137'>34137<\/a><\/li>\n\n\n\n<li><a href='?page_no=34138'>34138<\/a><\/li>\n\n\n\n<li><a>...<\/a><\/li>\n\n\n\n<li><a href='?page_no=36999'>36999<\/a><\/li>\n\n\n\n<li><a href='?page_no=37000'>37000<\/a><\/li>\n\n    \n\t\n\n<li >\n\t<a href='?page_no=34137'>Next<\/a>\n\t<\/li>\n\n\n    \n\n<li><a href='?page_no=37000'>Last &rsaquo;&rsaquo;<\/a><\/li>\n\n<\/ul>\n\n\n--><br \/>\n<\/body><\/p>\n","protected":false},"excerpt":{"rendered":"<p>Melanio Paredes resalta las cualidades del Presidente; arrasar\u00e1 en primera vuelta con m\u00e1s del 54% de los votos &#13; Santo Domingo.- El doctor Leonel Fern\u00e1ndez obtendr\u00e1 un triunfo hist\u00f3rico arrollador y saldr\u00e1 victorioso con m\u00e1s de un 54% de la preferencia electoral en los comicios del 16 de mayo pr\u00f3ximo. &#13; El licenciado Melanio Paredes, [&hellip;]<\/p>\n","protected":false},"author":3,"featured_media":0,"comment_status":"open","ping_status":"open","sticky":false,"template":"","format":"standard","meta":{"footnotes":""},"categories":[22],"tags":[],"class_list":["post-191388","post","type-post","status-publish","format-standard","hentry","category-politica"],"_links":{"self":[{"href":"https:\/\/diariodominicano.com\/index.php?rest_route=\/wp\/v2\/posts\/191388","targetHints":{"allow":["GET"]}}],"collection":[{"href":"https:\/\/diariodominicano.com\/index.php?rest_route=\/wp\/v2\/posts"}],"about":[{"href":"https:\/\/diariodominicano.com\/index.php?rest_route=\/wp\/v2\/types\/post"}],"author":[{"embeddable":true,"href":"https:\/\/diariodominicano.com\/index.php?rest_route=\/wp\/v2\/users\/3"}],"replies":[{"embeddable":true,"href":"https:\/\/diariodominicano.com\/index.php?rest_route=%2Fwp%2Fv2%2Fcomments&post=191388"}],"version-history":[{"count":0,"href":"https:\/\/diariodominicano.com\/index.php?rest_route=\/wp\/v2\/posts\/191388\/revisions"}],"wp:attachment":[{"href":"https:\/\/diariodominicano.com\/index.php?rest_route=%2Fwp%2Fv2%2Fmedia&parent=191388"}],"wp:term":[{"taxonomy":"category","embeddable":true,"href":"https:\/\/diariodominicano.com\/index.php?rest_route=%2Fwp%2Fv2%2Fcategories&post=191388"},{"taxonomy":"post_tag","embeddable":true,"href":"https:\/\/diariodominicano.com\/index.php?rest_route=%2Fwp%2Fv2%2Ftags&post=191388"}],"curies":[{"name":"wp","href":"https:\/\/api.w.org\/{rel}","templated":true}]}}