{"id":191387,"date":"2008-02-04T15:53:21","date_gmt":"2008-02-04T15:53:21","guid":{"rendered":"http:\/\/diariodominicano.ddns.net\/?p=191387"},"modified":"2008-02-04T15:53:21","modified_gmt":"2008-02-04T15:53:21","slug":"rodriguez-pimentel-advierte-peligros-que-enfrentara-el-pais-si-gana-el-prd-pph","status":"publish","type":"post","link":"https:\/\/diariodominicano.com\/?p=191387","title":{"rendered":"Rodr\u00edguez Pimentel advierte peligros que enfrentar\u00e1 el pa\u00eds si gana el PRD-PPH"},"content":{"rendered":"<p><body><\/p>\n<p align=\"justify\" class=\"titulogrande1\">Rodr\u00edguez Pimentel advierte peligros que enfrentar\u00e1 el pa\u00eds si gana el PRD-PPH <\/p>\n<p>&#13;<\/p>\n<p align=\"justify\" class=\"text1noticias\"><strong><img loading=\"lazy\" decoding=\"async\" src=\"http:\/\/localhost:8080\/pictures\/rodriguez pimentel campana.jpg\" width=\"269\" height=\"180\" hspace=\"4\" align=\"left\" \/>SANTO DOMINGO.-<\/strong> Ante la presencia del presidente Leonel Fern\u00e1ndez, el presidente de la agrupaci\u00f3n Leonel en Primera Vuelta, ingeniero H\u00e9ctor Rodr\u00edguez Pimentel, advirti\u00f3 que sobre el  pa\u00eds se vislumbran \u00ablos mismos peligros y las mismas aprehensiones\u00bb que motivaron al doctor Balaguer a integrar \u00abun frente patri\u00f3tico que le cerrara el paso al mismo camino malo que hoy nos amenaza, con una reca\u00edda que- seg\u00fan afirm\u00f3- ser\u00eda mortal para nuestra democracia\u00bb.<\/p>\n<p>&#13;<\/p>\n<p align=\"justify\" class=\"text1noticias\">Pimentel hizo la advertencia al pronunciar un discurso central en el acto de proclamaci\u00f3n de la candidatura del doctor Leonel Fern\u00e1ndez, de parte de los balagueristas que apoyan la reelecci\u00f3n del mandatario, celebrado en el club San Carlos, de esta capital.<\/p>\n<p>&#13;<\/p>\n<p align=\"justify\" class=\"text1noticias\">En la actividad estuvieron presentes, los dirigentes reformistas  Tito Hern\u00e1ndez, Salvador G\u00f3mez Gil, Napole\u00f3n L\u00f3pez Rodr\u00edguez, Joaqu\u00edn Balaguer hijo, \u00c1ngel Lockward, Modesto Guzm\u00e1n, Alexandra Izquierdo, Margarita de Peynado, Jacintico Peynado, Amilcar Romero, Leoncio Alm\u00e1nzar, Mercedes Sol\u00eds, Atilio Guzm\u00e1n Fern\u00e1ndez, Rodolfo Rinc\u00f3n, Gilberto L\u00f3pez, H\u00e9ctor Marte, Milagros D\u00edaz, Olga Torres, Manuel Am\u00e9zquita  y Di\u00f3genes Rodr\u00edguez Grull\u00f3n, as\u00ed como altos dirigentes del Partido de la Liberaci\u00f3n Dominicana (PLD).<\/p>\n<p>&#13;<\/p>\n<p align=\"justify\" class=\"text1noticias\">\u00abHoy es un d\u00eda memorable para nosotros, para los balagueristas que estamos aqu\u00ed congregados para proclamar al hombre que en una ocasi\u00f3n, tambi\u00e9n memorable, nuestro querido l\u00edder le endos\u00f3 su aval y le entreg\u00f3 la antorcha de la naci\u00f3n para que siguiera trillando el camino del progreso. Hoy proclamamos aqu\u00ed como nuestro candidato presidencial al l\u00edder viviente de los balagueristas, al doctor Leonel Fern\u00e1ndez\u00bb, expres\u00f3 Pimentel.<\/p>\n<p>&#13;<\/p>\n<p align=\"justify\" class=\"text1noticias\"> Dijo que esta fecha tambi\u00e9n es un d\u00eda de recuerdos, de dulces recuerdos para nosotros, porque este mismo escenario se utiliz\u00f3 en innumeras ocasiones para lanzar la candidatura triunfal de nuestro l\u00edder, el doctor Joaqu\u00edn Balaguer. <\/p>\n<p>&#13;<\/p>\n<p align=\"justify\" class=\"text1noticias\">\u00abConfieso ante este auditorio que he tenido que soportar estoicamente, injustos ataques, producto de la incomprensi\u00f3n, de aquellos sectores que  no advierten,  que hoy al igual que ayer se ciernen sobre la Republica los mismos peligros y las mismas aprehensiones que motivaron al doctor Balaguer a integrar con usted, se\u00f1or presidente,  en 1996, un frente patri\u00f3tico que le cerrara el paso al mismo camino malo que hoy nos amenaza, con una reca\u00edda que seria mortal para nuestra democracia\u00bb, enfatiz\u00f3 el ingeniero Pimentel.<\/p>\n<p>&#13;<\/p>\n<p align=\"justify\" class=\"text1noticias\"> Sostuvo que la proclamaci\u00f3n del doctor Fern\u00e1ndez fue \u00abuna decisi\u00f3n trascendente, no meramente coyuntural, y por eso los balagueristas estamos hoy con usted, acompa\u00f1\u00e1ndolo en las tareas de seguir desbrozando, los caminos del progreso y de la prosperidad del pueblo dominicano\u00bb.<\/p>\n<p>&#13;<\/p>\n<p align=\"justify\" class=\"text1noticias\">Manifest\u00f3 a los reformistas que no tienen que renunciar a su Partido para apoyarlo al presidente Fern\u00e1ndez, \u00abporque tampoco lo hizo el presidente Balaguer cuando le otorg\u00f3 su voto en las elecciones de 1996\u00bb. <\/p>\n<p>&#13;<\/p>\n<p align=\"justify\" class=\"text1noticias\">\u00abLes hemos dicho que para apoyarlo a usted solo hay que ser patriota y pensar en los mejores intereses de la Republica\u00bb, subray\u00f3 el presidente del Movimiento Leonel en Primera Vuelta. <\/p>\n<p>&#13;<\/p>\n<p align=\"justify\" class=\"text1noticias\">Sostuvo que cada vez que se unen balagueristas y peledeistas, la victoria de su candidatura est\u00e1 sellada, y esta vez sellada en la primera vuelta.<\/p>\n<p>&#13;<\/p>\n<p align=\"justify\" class=\"text1noticias\">Pimentel indic\u00f3 que \u00abla historia reciente ha puesto en evidencia que en los \u00faltimos 42 a\u00f1os de vida democr\u00e1tica, la naci\u00f3n ha estado dividida en dos  grandes corrientes claramente diferenciadas, por un lado aquella que garantiza  la paz, el bienestar y el progreso y por el otro la que engendra el desorden, la anarqu\u00eda y el retroceso\u00bb. <\/p>\n<p>&#13;<\/p>\n<p align=\"justify\" class=\"text1noticias\"> Signific\u00f3 que el Presidente Fern\u00e1ndez y el doctor Balaguer \u00abpertenecen a esa primera corriente progresista que durante 30 a\u00f1os de gobierno han robustecido la democracia dominicana. Los dem\u00e1s periodos en que ha gobernado el PRD han sido periodos de  amargura para la Republica\u00bb.<\/p>\n<p>&#13;<\/p>\n<p align=\"justify\" class=\"text1noticias\"> Destac\u00f3 que el Presidente Fern\u00e1ndez \u00abes la expresi\u00f3n viva del estadista con visi\u00f3n estrat\u00e9gica\u2026Usted representa la decencia pol\u00edtica por ser la extensi\u00f3n del liderazgo nacional con vocaci\u00f3n de servicio y criterio desarrollista conjugado en sus mentores, el profesor Juan Bosch y el doctor Joaqu\u00edn Balaguer\u00bb.<\/p>\n<p>&#13;<\/p>\n<p align=\"justify\" class=\"text1noticias\">En tal sentido, el ingeniero Pimentel se\u00f1al\u00f3 que \u00abLeonel en Primera Vuelta no es solo una denominaci\u00f3n o una simple consigna. Es sobretodo una necesidad nacional\u00bb.<\/p>\n<p>&#13;<\/p>\n<p align=\"justify\" class=\"text1noticias\">Dijo que Leonel en Primera Vuelta es mostrar el nivel de conciencia que ha logrado el electorado y la sociedad dominicana en su conjunto, de proclamar un no definitivo al retroceso que representa el PRD y el PPH, \u00abes evitarle al pa\u00eds p\u00e9rdida de tiempo y de recursos con un s\u00ed definitivo al progreso y a la modernidad\u00bb. <\/p>\n<p>&#13;<\/p>\n<p align=\"justify\" class=\"text1noticias\">Plante\u00f3 con el triunfo de Leonel en Primera vuelta \u00abperseguimos que el pa\u00eds contin\u00fae por la ruta del desarrollo en todos los aspectos de la vida nacional.<\/p>\n<p>&#13;<\/p>\n<p align=\"justify\" class=\"text1noticias\">\u00abPerseguimos que Usted se\u00f1or presidente aproveche la plataforma de estabilidad y crecimiento econ\u00f3mico, que usted mismo ha creado, para iniciar en el periodo 2008-2012 las tareas de mejorar sustancialmente la calidad de vida de los m\u00e1s pobres, con una distribuci\u00f3n mas equitativa de ese crecimiento econ\u00f3mico, la creaci\u00f3n de mas empleos y el salto definitivo hacia la soluci\u00f3n de problemas como el de la energ\u00eda, de salud  y de seguridad social, entre otros\u00bb, subray\u00f3 el ingeniero Pimentel.<br \/>&#13;\n<\/p>\n<p>&#13;<\/p>\n<h6> 2008-02-04 15:53:21 <\/h6>\n<p><!--\n<link rel=\"stylesheet\" href=\"css\/bootstrap.min.css\">\n\n\n<ul class=\"pagination\">\n\t    \n\t\n\n<li >\n\t<a href='?page_no=34134'>Previous<\/a>\n\t<\/li>\n\n\n       \n    \n\n<li><a href='?page_no=1'>1<\/a><\/li>\n\n\n\n<li><a href='?page_no=2'>2<\/a><\/li>\n\n\n\n<li><a>...<\/a><\/li>\n\n\n\n<li><a href='?page_no=34133'>34133<\/a><\/li>\n\n\n\n<li><a href='?page_no=34134'>34134<\/a><\/li>\n\n\n\n<li class='active'><a>34135<\/a><\/li>\n\n\n\n<li><a href='?page_no=34136'>34136<\/a><\/li>\n\n\n\n<li><a href='?page_no=34137'>34137<\/a><\/li>\n\n\n\n<li><a>...<\/a><\/li>\n\n\n\n<li><a href='?page_no=36999'>36999<\/a><\/li>\n\n\n\n<li><a href='?page_no=37000'>37000<\/a><\/li>\n\n    \n\t\n\n<li >\n\t<a href='?page_no=34136'>Next<\/a>\n\t<\/li>\n\n\n    \n\n<li><a href='?page_no=37000'>Last &rsaquo;&rsaquo;<\/a><\/li>\n\n<\/ul>\n\n\n--><br \/>\n<\/body><\/p>\n","protected":false},"excerpt":{"rendered":"<p>Rodr\u00edguez Pimentel advierte peligros que enfrentar\u00e1 el pa\u00eds si gana el PRD-PPH &#13; SANTO DOMINGO.- Ante la presencia del presidente Leonel Fern\u00e1ndez, el presidente de la agrupaci\u00f3n Leonel en Primera Vuelta, ingeniero H\u00e9ctor Rodr\u00edguez Pimentel, advirti\u00f3 que sobre el pa\u00eds se vislumbran \u00ablos mismos peligros y las mismas aprehensiones\u00bb que motivaron al doctor Balaguer a [&hellip;]<\/p>\n","protected":false},"author":3,"featured_media":0,"comment_status":"open","ping_status":"open","sticky":false,"template":"","format":"standard","meta":{"footnotes":""},"categories":[22],"tags":[],"class_list":["post-191387","post","type-post","status-publish","format-standard","hentry","category-politica"],"_links":{"self":[{"href":"https:\/\/diariodominicano.com\/index.php?rest_route=\/wp\/v2\/posts\/191387","targetHints":{"allow":["GET"]}}],"collection":[{"href":"https:\/\/diariodominicano.com\/index.php?rest_route=\/wp\/v2\/posts"}],"about":[{"href":"https:\/\/diariodominicano.com\/index.php?rest_route=\/wp\/v2\/types\/post"}],"author":[{"embeddable":true,"href":"https:\/\/diariodominicano.com\/index.php?rest_route=\/wp\/v2\/users\/3"}],"replies":[{"embeddable":true,"href":"https:\/\/diariodominicano.com\/index.php?rest_route=%2Fwp%2Fv2%2Fcomments&post=191387"}],"version-history":[{"count":0,"href":"https:\/\/diariodominicano.com\/index.php?rest_route=\/wp\/v2\/posts\/191387\/revisions"}],"wp:attachment":[{"href":"https:\/\/diariodominicano.com\/index.php?rest_route=%2Fwp%2Fv2%2Fmedia&parent=191387"}],"wp:term":[{"taxonomy":"category","embeddable":true,"href":"https:\/\/diariodominicano.com\/index.php?rest_route=%2Fwp%2Fv2%2Fcategories&post=191387"},{"taxonomy":"post_tag","embeddable":true,"href":"https:\/\/diariodominicano.com\/index.php?rest_route=%2Fwp%2Fv2%2Ftags&post=191387"}],"curies":[{"name":"wp","href":"https:\/\/api.w.org\/{rel}","templated":true}]}}