{"id":191385,"date":"2008-02-04T21:33:57","date_gmt":"2008-02-04T21:33:57","guid":{"rendered":"http:\/\/diariodominicano.ddns.net\/?p=191385"},"modified":"2008-02-04T21:33:57","modified_gmt":"2008-02-04T21:33:57","slug":"amable-aristy-dice-leonel-esta-desesperado-y-quiere-quedarse-en-el-gobierno-con-votos-o-con-botas","status":"publish","type":"post","link":"https:\/\/diariodominicano.com\/?p=191385","title":{"rendered":"Amable Aristy dice: Leonel est\u00e1 desesperado y quiere quedarse en el Gobierno \u201ccon votos o con botas\u201d"},"content":{"rendered":"<p><body><\/p>\n<p align=\"justify\" class=\"titulogrande1\">Amable Aristy  dice: <strong>Leonel est\u00e1 desesperado y quiere quedarse<\/strong> <strong>en el Gobierno \u201ccon votos o con botas\u201d<\/strong><\/p>\n<p>&#13;<\/p>\n<p align=\"justify\" class=\"text1noticias\"><strong><strong><img loading=\"lazy\" decoding=\"async\" src=\"http:\/\/localhost:8080\/pictures\/amable promete 1.jpg\" width=\"269\" height=\"179\" hspace=\"4\" align=\"left\" \/>DAJABON.-<\/strong><\/strong> El  candidato presidencial reformista, Amable Aristy Castro, declar\u00f3 aqu\u00ed que el  doctor Leonel Fern\u00e1ndez est\u00e1 totalmente desesperado por su ca\u00edda estrepitosa en  la preferencia electoral y busca quedarse en el poder \u201ccon votos o con botas\u201d.<\/p>\n<p>&#13;<\/p>\n<p align=\"justify\" class=\"text1noticias\">Sostuvo que esa  desesperaci\u00f3n lo est\u00e1 empujando a propiciar pr\u00e1cticas \u201cantidemocr\u00e1ticas\u201d, como  la de utilizar guardias, polic\u00edas y funcionarios en labor de zapa en contra de  la oposici\u00f3n.<br \/>&#13;<br \/>\n  <br \/>&#13;<br \/>\n    <br \/>&#13;<br \/>\n\u201cLeonel a  perdido los escr\u00fapulos fruto de la desesperaci\u00f3n en que se encuentra, porque  cada d\u00eda su popularidad va en descenso\u201d, dijo.<\/p>\n<p>&#13;<\/p>\n<p align=\"justify\" class=\"text1noticias\">Denunci\u00f3 que el  presidente Fern\u00e1ndez utiliza en esa labor de zapa al Jefe de la Polic\u00eda, al Procurador  General de la Rep\u00fablica  y a los procuradores fiscales de las principales provincias, as\u00ed como a  funcionarios de la talla de F\u00e9lix Bautista, Franklin Almeida, Felucho- Jim\u00e9nez,  V\u00edctor D\u00edaz Rua, entre otros.<\/p>\n<p>&#13;<\/p>\n<p align=\"justify\" class=\"text1noticias\">Puso de ejemplo  que una comisi\u00f3n de estos funcionarios visitaron la semana pasada a la sindica  reformista en Gaspar Hern\u00e1ndez, F\u00e1tima Ovalle, a quien ofrecieron ofertas de  todas \u00edndoles para que apoyara la reelecci\u00f3n, \u201cpero recibieron un no rotundo de  la funcionaria municipal\u201d.<\/p>\n<p>&#13;<\/p>\n<p align=\"justify\" class=\"text1noticias\">Dijo que igualmente  visitaron a otros dirigentes importantes del Partido Reformista y de otras  fuerzas pol\u00edticas de oposici\u00f3n en la regi\u00f3n del Cibao con la intenci\u00f3n  \u201cconquistarlos\u201d para que el Jefe del Estado lo juramentara y lograr con esto un  \u201cgolpe de efecto\u201d de cara a los comicios que se avecinan.<\/p>\n<p>&#13;<\/p>\n<p align=\"justify\" class=\"text1noticias\">Aristy Castro  se\u00f1al\u00f3 que la denuncia de la participaci\u00f3n de militares, polic\u00edas y  funcionarios ser\u00e1 denunciado ante organismos internacionales \u201cpara que conozcan  la otra cara del presidente Leonel Fern\u00e1ndez\u201d.<\/p>\n<p>&#13;<\/p>\n<p align=\"justify\" class=\"text1noticias\">\u201cCon ese comportamiento,  buscando la manera de quedarse en el poder a cualquier precio, el presidente  Fern\u00e1ndez le hace un flaco servicio a la democracia\u201d, agreg\u00f3.<\/p>\n<p>&#13;<\/p>\n<p align=\"justify\" class=\"text1noticias\">Amable Aristy  habl\u00f3 en estos t\u00e9rminos al participar en la protesta pac\u00edfica organizada por  productores nacionales y comerciantes de la zona de paralizar el mercado  binacional por la prohibici\u00f3n que mantiene el gobierno de Hait\u00ed de importar  pollos y huevos de Rep\u00fablica Dominicana.<\/p>\n<p>&#13;<\/p>\n<p align=\"justify\" class=\"text1noticias\">Denunci\u00f3 que  brigadas mixtas del Ej\u00e9rcito y la   Polic\u00eda est\u00e1n retirando su propaganda pol\u00edtica en las  diferentes provincias y municipios del pa\u00eds \u201ccomo parte de esa campa\u00f1a oficial  en contra de la oposici\u00f3n\u201d.<\/p>\n<p>&#13;<\/p>\n<p align=\"justify\" class=\"text1noticias\">\u201cLa propaganda  la est\u00e1n retirando a plena luz del d\u00eda, lo que est\u00e1 creando irritacion en la  sociedad\u201d, dijo.<\/p>\n<p>&#13;<\/p>\n<p align=\"justify\" class=\"text1noticias\">Se\u00f1al\u00f3 que ciudades  como Villa Altagracia, Bonao, San Crist\u00f3bal, Puerto Plata, Moca, La Vega y Santiago han quedado  sin un afiche suyo, porque todos lo han retirado.<\/p>\n<p>&#13;<\/p>\n<p align=\"justify\" class=\"text1noticias\">Critic\u00f3 al  mandatario por haberle dado larga al problema surgido con Hait\u00ed por la  \u201cdenuncia irresponsable\u201d del director de Ganader\u00eda de que en el pa\u00eds hab\u00eda  fiebre aviar.<\/p>\n<p>&#13;<\/p>\n<p align=\"justify\" class=\"text1noticias\">Consider\u00f3 que es  imperdonable que ante la dif\u00edcil situaci\u00f3n que viven los productores nacionales  y todas las comunidades fronterizas \u201cel presidente Fern\u00e1ndez no haya tomado  carta de manera personal en el asunto\u201d.<\/p>\n<p>&#13;<\/p>\n<h6> 2008-02-04 21:33:57 <\/h6>\n<p><!--\n<link rel=\"stylesheet\" href=\"css\/bootstrap.min.css\">\n\n\n<ul class=\"pagination\">\n\t    \n\t\n\n<li >\n\t<a href='?page_no=34132'>Previous<\/a>\n\t<\/li>\n\n\n       \n    \n\n<li><a href='?page_no=1'>1<\/a><\/li>\n\n\n\n<li><a href='?page_no=2'>2<\/a><\/li>\n\n\n\n<li><a>...<\/a><\/li>\n\n\n\n<li><a href='?page_no=34131'>34131<\/a><\/li>\n\n\n\n<li><a href='?page_no=34132'>34132<\/a><\/li>\n\n\n\n<li class='active'><a>34133<\/a><\/li>\n\n\n\n<li><a href='?page_no=34134'>34134<\/a><\/li>\n\n\n\n<li><a href='?page_no=34135'>34135<\/a><\/li>\n\n\n\n<li><a>...<\/a><\/li>\n\n\n\n<li><a href='?page_no=36999'>36999<\/a><\/li>\n\n\n\n<li><a href='?page_no=37000'>37000<\/a><\/li>\n\n    \n\t\n\n<li >\n\t<a href='?page_no=34134'>Next<\/a>\n\t<\/li>\n\n\n    \n\n<li><a href='?page_no=37000'>Last &rsaquo;&rsaquo;<\/a><\/li>\n\n<\/ul>\n\n\n--><br \/>\n<\/body><\/p>\n","protected":false},"excerpt":{"rendered":"<p>Amable Aristy dice: Leonel est\u00e1 desesperado y quiere quedarse en el Gobierno \u201ccon votos o con botas\u201d &#13; DAJABON.- El candidato presidencial reformista, Amable Aristy Castro, declar\u00f3 aqu\u00ed que el doctor Leonel Fern\u00e1ndez est\u00e1 totalmente desesperado por su ca\u00edda estrepitosa en la preferencia electoral y busca quedarse en el poder \u201ccon votos o con botas\u201d. [&hellip;]<\/p>\n","protected":false},"author":3,"featured_media":0,"comment_status":"open","ping_status":"open","sticky":false,"template":"","format":"standard","meta":{"footnotes":""},"categories":[22],"tags":[],"class_list":["post-191385","post","type-post","status-publish","format-standard","hentry","category-politica"],"_links":{"self":[{"href":"https:\/\/diariodominicano.com\/index.php?rest_route=\/wp\/v2\/posts\/191385","targetHints":{"allow":["GET"]}}],"collection":[{"href":"https:\/\/diariodominicano.com\/index.php?rest_route=\/wp\/v2\/posts"}],"about":[{"href":"https:\/\/diariodominicano.com\/index.php?rest_route=\/wp\/v2\/types\/post"}],"author":[{"embeddable":true,"href":"https:\/\/diariodominicano.com\/index.php?rest_route=\/wp\/v2\/users\/3"}],"replies":[{"embeddable":true,"href":"https:\/\/diariodominicano.com\/index.php?rest_route=%2Fwp%2Fv2%2Fcomments&post=191385"}],"version-history":[{"count":0,"href":"https:\/\/diariodominicano.com\/index.php?rest_route=\/wp\/v2\/posts\/191385\/revisions"}],"wp:attachment":[{"href":"https:\/\/diariodominicano.com\/index.php?rest_route=%2Fwp%2Fv2%2Fmedia&parent=191385"}],"wp:term":[{"taxonomy":"category","embeddable":true,"href":"https:\/\/diariodominicano.com\/index.php?rest_route=%2Fwp%2Fv2%2Fcategories&post=191385"},{"taxonomy":"post_tag","embeddable":true,"href":"https:\/\/diariodominicano.com\/index.php?rest_route=%2Fwp%2Fv2%2Ftags&post=191385"}],"curies":[{"name":"wp","href":"https:\/\/api.w.org\/{rel}","templated":true}]}}