{"id":191384,"date":"2008-02-05T00:57:14","date_gmt":"2008-02-05T00:57:14","guid":{"rendered":"http:\/\/diariodominicano.ddns.net\/?p=191384"},"modified":"2008-02-05T00:57:14","modified_gmt":"2008-02-05T00:57:14","slug":"antun-batlle-propone-plan-de-nacion-para-acabar-con-improvisacion","status":"publish","type":"post","link":"https:\/\/diariodominicano.com\/?p=191384","title":{"rendered":"Ant\u00fan Batlle propone plan de naci\u00f3n para acabar con improvisaci\u00f3n"},"content":{"rendered":"<p><body><\/p>\n<p class=\"titulogrande1\"><strong>Ant\u00fan Batlle propone  plan de naci\u00f3n para acabar con improvisaci\u00f3n<\/strong><\/p>\n<p>&#13;<\/p>\n<p align=\"justify\"><span class=\"text1noticias\"><strong>Santiago.-<\/strong> El presidente del Partido Reformista Social Cristiano  (PRSC) hizo un llamado a las fuerzas vivas del pa\u00eds a ponerse de acuerdo en un  plan de naci\u00f3n a corto, mediano y largo plazo para acabar con el inmediatismo,  la improvisaci\u00f3n y el manejo personal de las finanzas p\u00fablicas.<br \/>&#13;<br \/>\n  <br \/>&#13;<br \/>\n  Federico Ant\u00fan Batlle sostuvo que el pa\u00eds necesita de un Plan de Naci\u00f3n que  trace las l\u00edneas gruesas dentro de las cuales se definan las prioridades  econ\u00f3micas y sociales de los pr\u00f3ximos veinte a\u00f1os.<br \/>&#13;<br \/>\n  <br \/>&#13;<br \/>\n  Ant\u00fan Batlle hizo el planteamiento durante un encuentro que sostuvo aqu\u00ed con  cientos de dirigentes de esa organizaci\u00f3n en las diferentes provincias del  Cibao, a quienes exhort\u00f3 a entregarse a tiempo completo al trabajo pol\u00edtico  para alcanzar el poder en las elecciones que se avecinan.<br \/>&#13;<br \/>\n  <br \/>&#13;<br \/>\n  Dijo que su propuesta es parte de la preocupaci\u00f3n que vive la mayor\u00eda del  pueblo dominicano por la mala administraci\u00f3n de las ultimas tres  administraciones, que se han manejado en el inmediatismo y la improvisaci\u00f3n.<br \/>&#13;<br \/>\n  <br \/>&#13;<br \/>\n\u00abEsto tiene que cambiar, no se puede gobernando una naci\u00f3n sin un plan  donde se definan las prioridades econ\u00f3micas y sociales del pa\u00eds\u00bb, resalt\u00f3.<br \/>&#13;<br \/>\n  <br \/>&#13;<br \/>\n  El l\u00edder reformista explic\u00f3 que ha recorrido las catorce provincias del Cibao  junto a una nutrida comisi\u00f3n de dirigentes nacionales, entre ellos el s\u00edndico  de Santiago, Jos\u00e9 Enrique Sued, en apoyo al candidato Amable Aristy Castro.<br \/>&#13;<br \/>\n  <br \/>&#13;<br \/>\n\u00abLos elementos m\u00e1s resaltantes del recorrido es la unidad monol\u00edtica de  los reformistas y la participaci\u00f3n de la juventud y la mujer en el trabajo  pol\u00edtico a favor del candidato Aristy Castro y del partido\u00bb, manifest\u00f3.<br \/>&#13;<br \/>\n  <br \/>&#13;<br \/>\n  En medio de prolongados aplausos, Ant\u00fan Batlle dijo que la dirigencia alta,  media y de base del reformismo trabajan intensamente para alcanzar el poder.<br \/>&#13;<br \/>\n  <br \/>&#13;<br \/>\n  Tambi\u00e9n hizo duras cr\u00edticas al gobierno del presidente Leonel Fern\u00e1ndez, a  quien acus\u00f3 de haber empleado un inadecuado modelo econ\u00f3mico que apoya las  importaciones de consumo en lugar de la producci\u00f3n nacional.<br \/>&#13;<br \/>\n  <br \/>&#13;<br \/>\n  Indic\u00f3 que como parte de esa pol\u00edtica err\u00f3nea que viene aplicando la  administraci\u00f3n pelede\u00edsta, se han perdido miles de empleos en las diferentes  regiones del pa\u00eds, lo que dijo ha incrementado la pobreza y la indigencia.<br \/>&#13;<br \/>\n  <br \/>&#13;<br \/>\n\u00abLo que vemos en este gobierno es favoritismo econ\u00f3micos y sociales en la  distribuci\u00f3n del gasto\u00bb, agreg\u00f3.<br \/>&#13;<br \/>\n  <br \/>&#13;<br \/>\n  Explic\u00f3 que por ello la   Rep\u00fablica Dominicana ocupa el cuarto lugar en el \u00edndice de  pobreza, solo superados por Hait\u00ed, Nicaragua y Panam\u00e1.<br \/>&#13;<br \/>\n  <br \/>&#13;<br \/>\n  Dijo que el gobierno del presidente Fern\u00e1ndez ha creado 400 mil nuevos  sustentado en la campa\u00f1a propagand\u00edstica que le cuesta al pa\u00eds 15 mil millones  de pesos.<br \/>&#13;<br \/>\n  <br \/>&#13;<br \/>\n\u00abY es verdad que han creado 400 mil nuevos empleos, pero ustedes saben  quienes son los que ocupan esos puestos, los extranjeros que trabajan en la  construcci\u00f3n, en la agricultura y en la econom\u00eda informal\u00bb, apunt\u00f3.<\/span><\/p>\n<p>&#13;<\/p>\n<h6> 2008-02-05 00:57:14 <\/h6>\n<p><!--\n<link rel=\"stylesheet\" href=\"css\/bootstrap.min.css\">\n\n\n<ul class=\"pagination\">\n\t    \n\t\n\n<li >\n\t<a href='?page_no=34131'>Previous<\/a>\n\t<\/li>\n\n\n       \n    \n\n<li><a href='?page_no=1'>1<\/a><\/li>\n\n\n\n<li><a href='?page_no=2'>2<\/a><\/li>\n\n\n\n<li><a>...<\/a><\/li>\n\n\n\n<li><a href='?page_no=34130'>34130<\/a><\/li>\n\n\n\n<li><a href='?page_no=34131'>34131<\/a><\/li>\n\n\n\n<li class='active'><a>34132<\/a><\/li>\n\n\n\n<li><a href='?page_no=34133'>34133<\/a><\/li>\n\n\n\n<li><a href='?page_no=34134'>34134<\/a><\/li>\n\n\n\n<li><a>...<\/a><\/li>\n\n\n\n<li><a href='?page_no=36999'>36999<\/a><\/li>\n\n\n\n<li><a href='?page_no=37000'>37000<\/a><\/li>\n\n    \n\t\n\n<li >\n\t<a href='?page_no=34133'>Next<\/a>\n\t<\/li>\n\n\n    \n\n<li><a href='?page_no=37000'>Last &rsaquo;&rsaquo;<\/a><\/li>\n\n<\/ul>\n\n\n--><br \/>\n<\/body><\/p>\n","protected":false},"excerpt":{"rendered":"<p>Ant\u00fan Batlle propone plan de naci\u00f3n para acabar con improvisaci\u00f3n &#13; Santiago.- El presidente del Partido Reformista Social Cristiano (PRSC) hizo un llamado a las fuerzas vivas del pa\u00eds a ponerse de acuerdo en un plan de naci\u00f3n a corto, mediano y largo plazo para acabar con el inmediatismo, la improvisaci\u00f3n y el manejo personal [&hellip;]<\/p>\n","protected":false},"author":3,"featured_media":0,"comment_status":"open","ping_status":"open","sticky":false,"template":"","format":"standard","meta":{"footnotes":""},"categories":[22],"tags":[],"class_list":["post-191384","post","type-post","status-publish","format-standard","hentry","category-politica"],"_links":{"self":[{"href":"https:\/\/diariodominicano.com\/index.php?rest_route=\/wp\/v2\/posts\/191384","targetHints":{"allow":["GET"]}}],"collection":[{"href":"https:\/\/diariodominicano.com\/index.php?rest_route=\/wp\/v2\/posts"}],"about":[{"href":"https:\/\/diariodominicano.com\/index.php?rest_route=\/wp\/v2\/types\/post"}],"author":[{"embeddable":true,"href":"https:\/\/diariodominicano.com\/index.php?rest_route=\/wp\/v2\/users\/3"}],"replies":[{"embeddable":true,"href":"https:\/\/diariodominicano.com\/index.php?rest_route=%2Fwp%2Fv2%2Fcomments&post=191384"}],"version-history":[{"count":0,"href":"https:\/\/diariodominicano.com\/index.php?rest_route=\/wp\/v2\/posts\/191384\/revisions"}],"wp:attachment":[{"href":"https:\/\/diariodominicano.com\/index.php?rest_route=%2Fwp%2Fv2%2Fmedia&parent=191384"}],"wp:term":[{"taxonomy":"category","embeddable":true,"href":"https:\/\/diariodominicano.com\/index.php?rest_route=%2Fwp%2Fv2%2Fcategories&post=191384"},{"taxonomy":"post_tag","embeddable":true,"href":"https:\/\/diariodominicano.com\/index.php?rest_route=%2Fwp%2Fv2%2Ftags&post=191384"}],"curies":[{"name":"wp","href":"https:\/\/api.w.org\/{rel}","templated":true}]}}