{"id":191383,"date":"2008-02-05T01:08:20","date_gmt":"2008-02-05T01:08:20","guid":{"rendered":"http:\/\/diariodominicano.ddns.net\/?p=191383"},"modified":"2008-02-05T01:08:20","modified_gmt":"2008-02-05T01:08:20","slug":"guillermo-moreno-fernandez-representa-el-retroceso-politico","status":"publish","type":"post","link":"https:\/\/diariodominicano.com\/?p=191383","title":{"rendered":"Guillermo Moreno: Fern\u00e1ndez representa el retroceso pol\u00edtico"},"content":{"rendered":"<p><body><\/p>\n<p class=\"titulogrande1\">Guillermo Moreno: Fern\u00e1ndez representa  el retroceso pol\u00edtico<\/p>\n<p>&#13;<\/p>\n<p align=\"justify\" class=\"text1noticias\"><strong>Santo Domingo.-<\/strong> La declaraci\u00f3n del  presidente Leonel Fern\u00e1ndez, defini\u00e9ndose como heredero del \u00b4balaguerismo  hist\u00f3rico\u00b4, justifica la necesidad de enarbolar una opci\u00f3n de poder distinta a  la de los partidos tradicionales.<\/p>\n<p>&#13;<\/p>\n<p align=\"justify\" class=\"text1noticias\">El planteamiento fue hecho  por el doctor Guillermo Moreno, candidato a la presidencia de la Rep\u00fablica del  agrupamiento de fuerzas llamado Convergencia por una Nueva Mayor\u00eda, en la  boleta del Movimiento Independencia, Unidad y Cambio (MIUCA).\u00a0 <\/p>\n<p>&#13;<\/p>\n<p align=\"justify\" class=\"text1noticias\"> Considera que la posici\u00f3n del presidente  Fern\u00e1ndez sobre el \u00abbalaguerismo hist\u00f3rico\u00bb no es una confesi\u00f3n  sincera, sino por el inter\u00e9s oportunista de atraer los votos de los seguidores  del difunto Joaqu\u00edn Balaguer.<\/p>\n<p>&#13;<\/p>\n<p align=\"justify\" class=\"text1noticias\">\u00abHay muy poco o nada de espontaneidad  en las expresiones pol\u00edticas del presidente Fern\u00e1ndez\u00bb, afirm\u00f3 Moreno.  \u00abLo que vemos ahora en Leonel Fern\u00e1ndez es simulaci\u00f3n y apetencias de  poder sin compromiso, ya que padece de la misma degeneraci\u00f3n pol\u00edtica de todos  los mandatarios dominicanos que se han dejado tentar por la reelecci\u00f3n\u00bb,  a\u00f1adi\u00f3.<\/p>\n<p>&#13;<\/p>\n<p align=\"justify\" class=\"text1noticias\"> El Balaguer que Leonel Fern\u00e1ndez est\u00e1  justificando es el de los 300 millonarios, el de la corrupci\u00f3n y la impunidad,  porque ello le sirve como excusa de lo que est\u00e1 haciendo desde el gobierno,  agreg\u00f3 Guillermo Moreno.<\/p>\n<p>&#13;<\/p>\n<p align=\"justify\" class=\"text1noticias\"> El candidato de la Convergencia por una  Nueva Mayor\u00eda (boleta 16 del MIUCA) llama la atenci\u00f3n que a Fern\u00e1ndez le gusta  el Balaguer que desconoc\u00eda las instituciones, para violentar el programa de su  propio partido e imponer desde el gobierno la reelecci\u00f3n.<\/p>\n<p>&#13;<\/p>\n<p align=\"justify\" class=\"text1noticias\">\u00abEso que dice ahora no era lo que  cre\u00eda Leonel Fern\u00e1ndez cuando era un joven opositor del balaguerismo. Lo que  dice ahora es pura y simplemente lo que le conviene, aunque con ello profundiza  su renuncia a lo mejor de Bosch.\u00a0 <\/p>\n<p>&#13;<\/p>\n<p align=\"justify\" class=\"text1noticias\">Moreno considera que  \u00abestas declaraciones de Fern\u00e1ndez ante una audiencia de reformistas que se  han rendido ante sus ofertas, son una amenaza grave contra la democracia  dominicana porque representan un retroceso a la dependencia del cord\u00f3n  umbilical del trujillismo, y una afrenta directa a sectores del PLD y de sus  aliados que tienen una vocaci\u00f3n hist\u00f3rica que no se quiebra por migajas del  pastel\u00bb.<\/p>\n<p>&#13;<\/p>\n<p align=\"justify\" class=\"text1noticias\">Con esta actitud, agrega  Moreno, el doctor Leonel Fern\u00e1ndez se descalifica como gobernante para  encabezar el proceso de cambios hacia la modernizaci\u00f3n, el bienestar, la  democracia\u00a0 y el progreso en la RD. <\/p>\n<p>&#13;<\/p>\n<p align=\"justify\" class=\"text1noticias\">El jurista llama a todos los  sectores democr\u00e1ticos del pa\u00eds a comprender la trascendencia de este giro  neobalaguerista de Fern\u00e1ndez, y a comprender que se hace necesario construir  una fuerza de cambio que coloque a la Rep\u00fablica en el camino del desarrollo nacional,  sostenible e independiente.<\/p>\n<p>&#13;<\/p>\n<h6> 2008-02-05 01:08:20 <\/h6>\n<p><!--\n<link rel=\"stylesheet\" href=\"css\/bootstrap.min.css\">\n\n\n<ul class=\"pagination\">\n\t    \n\t\n\n<li >\n\t<a href='?page_no=34130'>Previous<\/a>\n\t<\/li>\n\n\n       \n    \n\n<li><a href='?page_no=1'>1<\/a><\/li>\n\n\n\n<li><a href='?page_no=2'>2<\/a><\/li>\n\n\n\n<li><a>...<\/a><\/li>\n\n\n\n<li><a href='?page_no=34129'>34129<\/a><\/li>\n\n\n\n<li><a href='?page_no=34130'>34130<\/a><\/li>\n\n\n\n<li class='active'><a>34131<\/a><\/li>\n\n\n\n<li><a href='?page_no=34132'>34132<\/a><\/li>\n\n\n\n<li><a href='?page_no=34133'>34133<\/a><\/li>\n\n\n\n<li><a>...<\/a><\/li>\n\n\n\n<li><a href='?page_no=36999'>36999<\/a><\/li>\n\n\n\n<li><a href='?page_no=37000'>37000<\/a><\/li>\n\n    \n\t\n\n<li >\n\t<a href='?page_no=34132'>Next<\/a>\n\t<\/li>\n\n\n    \n\n<li><a href='?page_no=37000'>Last &rsaquo;&rsaquo;<\/a><\/li>\n\n<\/ul>\n\n\n--><br \/>\n<\/body><\/p>\n","protected":false},"excerpt":{"rendered":"<p>Guillermo Moreno: Fern\u00e1ndez representa el retroceso pol\u00edtico &#13; Santo Domingo.- La declaraci\u00f3n del presidente Leonel Fern\u00e1ndez, defini\u00e9ndose como heredero del \u00b4balaguerismo hist\u00f3rico\u00b4, justifica la necesidad de enarbolar una opci\u00f3n de poder distinta a la de los partidos tradicionales. &#13; El planteamiento fue hecho por el doctor Guillermo Moreno, candidato a la presidencia de la Rep\u00fablica [&hellip;]<\/p>\n","protected":false},"author":3,"featured_media":0,"comment_status":"open","ping_status":"open","sticky":false,"template":"","format":"standard","meta":{"footnotes":""},"categories":[22],"tags":[],"class_list":["post-191383","post","type-post","status-publish","format-standard","hentry","category-politica"],"_links":{"self":[{"href":"https:\/\/diariodominicano.com\/index.php?rest_route=\/wp\/v2\/posts\/191383","targetHints":{"allow":["GET"]}}],"collection":[{"href":"https:\/\/diariodominicano.com\/index.php?rest_route=\/wp\/v2\/posts"}],"about":[{"href":"https:\/\/diariodominicano.com\/index.php?rest_route=\/wp\/v2\/types\/post"}],"author":[{"embeddable":true,"href":"https:\/\/diariodominicano.com\/index.php?rest_route=\/wp\/v2\/users\/3"}],"replies":[{"embeddable":true,"href":"https:\/\/diariodominicano.com\/index.php?rest_route=%2Fwp%2Fv2%2Fcomments&post=191383"}],"version-history":[{"count":0,"href":"https:\/\/diariodominicano.com\/index.php?rest_route=\/wp\/v2\/posts\/191383\/revisions"}],"wp:attachment":[{"href":"https:\/\/diariodominicano.com\/index.php?rest_route=%2Fwp%2Fv2%2Fmedia&parent=191383"}],"wp:term":[{"taxonomy":"category","embeddable":true,"href":"https:\/\/diariodominicano.com\/index.php?rest_route=%2Fwp%2Fv2%2Fcategories&post=191383"},{"taxonomy":"post_tag","embeddable":true,"href":"https:\/\/diariodominicano.com\/index.php?rest_route=%2Fwp%2Fv2%2Ftags&post=191383"}],"curies":[{"name":"wp","href":"https:\/\/api.w.org\/{rel}","templated":true}]}}