{"id":191381,"date":"2008-02-05T17:00:36","date_gmt":"2008-02-05T17:00:36","guid":{"rendered":"http:\/\/diariodominicano.ddns.net\/?p=191381"},"modified":"2008-02-05T17:00:36","modified_gmt":"2008-02-05T17:00:36","slug":"politologo-califica-de-verguenza-nacional-la-campana-electoral-que-ademas-entiende-es-sucia","status":"publish","type":"post","link":"https:\/\/diariodominicano.com\/?p=191381","title":{"rendered":"Polit\u00f3logo califica de verguenza nacional la campa\u00f1a electoral que adem\u00e1s entiende es sucia"},"content":{"rendered":"<p><body><\/p>\n<p align=\"justify\" class=\"titulogrande1\"><strong>Polit\u00f3logo  califica de verguenza nacional la campa\u00f1a electoral que adem\u00e1s entiende es sucia <\/strong><\/p>\n<p>&#13;<\/p>\n<p align=\"justify\" class=\"text1noticias\">Dice que venden la imagen de que la pol\u00edtica se ha gansterizado<\/p>\n<p>&#13;<\/p>\n<p align=\"justify\" class=\"text1noticias\"><strong><img loading=\"lazy\" decoding=\"async\" src=\"http:\/\/localhost:8080\/pictures\/belarminio.jpg\" width=\"269\" height=\"354\" hspace=\"4\" align=\"left\" \/>SANTO DOMINGO.-<\/strong> El polit\u00f3logo  Belarminio Ram\u00edrez Morillo manifest\u00f3 que la campa\u00f1a sucia que se est\u00e1 llevando  a cabo en la Rep\u00fablica Dominicana  es una verguenza nacional.<\/p>\n<p>&#13;<\/p>\n<p align=\"justify\" class=\"text1noticias\">El abogado y pol\u00edtico  manifest\u00f3 que la campa\u00f1a de agravios, insultos y descalificaciones acelerar\u00e1 el  deterioro del sistema de partidos, y causar\u00e1 da\u00f1os irreparables a la fr\u00e1gil institucionalidad  democr\u00e1tica de la Naci\u00f3n.<\/p>\n<p>&#13;<\/p>\n<p align=\"justify\" class=\"text1noticias\">Calific\u00f3 como un desatino la  campa\u00f1a que se est\u00e1 llevando a cabo. \u201cEsta campa\u00f1a pone de manifiesto la  precaria institucionalidad de nuestro pa\u00eds. Se est\u00e1n haciendo acusaciones muy  serias que comprometen la legitimidad del sistema pol\u00edtico dominicano.\u201d Subray\u00f3  el profesor universitario.<\/p>\n<p>&#13;<\/p>\n<p align=\"justify\" class=\"text1noticias\">\u201cSi algo como esto sucede en  una sociedad moderna donde funcionan las instituciones judiciales, todas estas  personas estuvieran siendo investigadas por la justicia, y algunos candidatos  tendr\u00edan que renunciar.\u201d<\/p>\n<p>&#13;<\/p>\n<p align=\"justify\" class=\"text1noticias\">\u201cSin darse cuenta, los  protagonistas de esta campa\u00f1a sucia est\u00e1n vendiendo la imagen ante el mundo de  que la pol\u00edtica dominicana se ha gansterizado.\u201d Sostuvo el abogado y  polit\u00f3logo. <\/p>\n<p>&#13;<\/p>\n<p align=\"justify\" class=\"text1noticias\">Expres\u00f3 que en una sociedad  democr\u00e1tica la misi\u00f3n de los pol\u00edticos es educar, orientar y guiar a los  ciudadanos, y no sembrarle el odio y estimularlos a la violencia como est\u00e1n  haciendo importantes figuras del partidismo dominicano.<\/p>\n<p>&#13;<\/p>\n<p align=\"justify\" class=\"text1noticias\">Exhort\u00f3 a los representantes  de la Iglesia Cat\u00f3lica  y a las instituciones de la sociedad civil a que asuman el papel de mediadores  para que vuelva la cordura y la sensatez al debate pol\u00edtico nacional.<\/p>\n<p>&#13;<\/p>\n<p align=\"justify\" class=\"text1noticias\">Pidi\u00f3 al Cardenal L\u00f3pez  Rodr\u00edguez y a Monse\u00f1or Agripino N\u00fa\u00f1ez Collado a que se animen, y en  coordinaci\u00f3n con entidades de la sociedad, convoquen a los candidatos y  directores de la campa\u00f1a para que se asuman el compromiso de desarrollar una  campa\u00f1a decente que sirva de escenario de debate de ideas y conceptos. <\/p>\n<p>&#13;<\/p>\n<p align=\"justify\" class=\"text1noticias\">Manifest\u00f3 que el liderazgo  social y moral est\u00e1 en el deber de actuar ante una situaci\u00f3n como la que  estamos viviendo, puesto que el pa\u00eds no es exclusivamente de los pol\u00edticos.\u201dNo  existen excusas v\u00e1lidas, ni para la iglesia, ni para la sociedad civil en su  conjunto. En este momento no debemos ser indiferentes.\u201d<\/p>\n<p>&#13;<\/p>\n<p align=\"justify\" class=\"text1noticias\"><strong>Pide  respaldo a labor JCE<\/strong><\/p>\n<p>&#13;<\/p>\n<p align=\"justify\" class=\"text1noticias\">El experto electoral dijo que  ante el da\u00f1o que la campa\u00f1a sucia est\u00e1 causando al sistema de partidos y la  democracia, se hace necesario proteger y respaldar la labor de la Junta Central Electoral.<\/p>\n<p>&#13;<\/p>\n<p align=\"justify\" class=\"text1noticias\">\u201cExpres\u00f3 su temor de que al  final de la contienda todas esas iras sean volcadas en contra del \u00f3rgano  electoral, cuando llegue el momento del escrutinio y de dictaminar un ganador  de las elecciones.\u201d<\/p>\n<p>&#13;<\/p>\n<p align=\"justify\" class=\"text1noticias\">\u201cAnte el desatino de los  pol\u00edticos corresponde a los medios de comunicaci\u00f3n, a la iglesia y a la  sociedad civil, ser los guardianes de la institucionalidad democr\u00e1tica de la Naci\u00f3n.\u201d Subray\u00f3  el pol\u00edtico y escritor.<\/p>\n<p>&#13;<\/p>\n<p align=\"justify\" class=\"text1noticias\">Ram\u00edrez Morillo se expres\u00f3 en  estos t\u00e9rminos al ser entrevistado por los periodistas Encarnaci\u00f3n Pimentel y  Danilo P. Clime, en el programa Sondeo que se transmite por Televida, Canal 41.<\/p>\n<p>&#13;<\/p>\n<h6> 2008-02-05 17:00:36 <\/h6>\n<p><!--\n<link rel=\"stylesheet\" href=\"css\/bootstrap.min.css\">\n\n\n<ul class=\"pagination\">\n\t    \n\t\n\n<li >\n\t<a href='?page_no=34128'>Previous<\/a>\n\t<\/li>\n\n\n       \n    \n\n<li><a href='?page_no=1'>1<\/a><\/li>\n\n\n\n<li><a href='?page_no=2'>2<\/a><\/li>\n\n\n\n<li><a>...<\/a><\/li>\n\n\n\n<li><a href='?page_no=34127'>34127<\/a><\/li>\n\n\n\n<li><a href='?page_no=34128'>34128<\/a><\/li>\n\n\n\n<li class='active'><a>34129<\/a><\/li>\n\n\n\n<li><a href='?page_no=34130'>34130<\/a><\/li>\n\n\n\n<li><a href='?page_no=34131'>34131<\/a><\/li>\n\n\n\n<li><a>...<\/a><\/li>\n\n\n\n<li><a href='?page_no=36999'>36999<\/a><\/li>\n\n\n\n<li><a href='?page_no=37000'>37000<\/a><\/li>\n\n    \n\t\n\n<li >\n\t<a href='?page_no=34130'>Next<\/a>\n\t<\/li>\n\n\n    \n\n<li><a href='?page_no=37000'>Last &rsaquo;&rsaquo;<\/a><\/li>\n\n<\/ul>\n\n\n--><br \/>\n<\/body><\/p>\n","protected":false},"excerpt":{"rendered":"<p>Polit\u00f3logo califica de verguenza nacional la campa\u00f1a electoral que adem\u00e1s entiende es sucia &#13; Dice que venden la imagen de que la pol\u00edtica se ha gansterizado &#13; SANTO DOMINGO.- El polit\u00f3logo Belarminio Ram\u00edrez Morillo manifest\u00f3 que la campa\u00f1a sucia que se est\u00e1 llevando a cabo en la Rep\u00fablica Dominicana es una verguenza nacional. &#13; El [&hellip;]<\/p>\n","protected":false},"author":3,"featured_media":0,"comment_status":"open","ping_status":"open","sticky":false,"template":"","format":"standard","meta":{"footnotes":""},"categories":[22],"tags":[],"class_list":["post-191381","post","type-post","status-publish","format-standard","hentry","category-politica"],"_links":{"self":[{"href":"https:\/\/diariodominicano.com\/index.php?rest_route=\/wp\/v2\/posts\/191381","targetHints":{"allow":["GET"]}}],"collection":[{"href":"https:\/\/diariodominicano.com\/index.php?rest_route=\/wp\/v2\/posts"}],"about":[{"href":"https:\/\/diariodominicano.com\/index.php?rest_route=\/wp\/v2\/types\/post"}],"author":[{"embeddable":true,"href":"https:\/\/diariodominicano.com\/index.php?rest_route=\/wp\/v2\/users\/3"}],"replies":[{"embeddable":true,"href":"https:\/\/diariodominicano.com\/index.php?rest_route=%2Fwp%2Fv2%2Fcomments&post=191381"}],"version-history":[{"count":0,"href":"https:\/\/diariodominicano.com\/index.php?rest_route=\/wp\/v2\/posts\/191381\/revisions"}],"wp:attachment":[{"href":"https:\/\/diariodominicano.com\/index.php?rest_route=%2Fwp%2Fv2%2Fmedia&parent=191381"}],"wp:term":[{"taxonomy":"category","embeddable":true,"href":"https:\/\/diariodominicano.com\/index.php?rest_route=%2Fwp%2Fv2%2Fcategories&post=191381"},{"taxonomy":"post_tag","embeddable":true,"href":"https:\/\/diariodominicano.com\/index.php?rest_route=%2Fwp%2Fv2%2Ftags&post=191381"}],"curies":[{"name":"wp","href":"https:\/\/api.w.org\/{rel}","templated":true}]}}