{"id":191380,"date":"2008-02-05T19:12:09","date_gmt":"2008-02-05T19:12:09","guid":{"rendered":"http:\/\/diariodominicano.ddns.net\/?p=191380"},"modified":"2008-02-05T19:12:09","modified_gmt":"2008-02-05T19:12:09","slug":"el-pld-realiza-toque-de-bandera-durante-el-fin-de-semana-en-san-juan-y-elias-pina","status":"publish","type":"post","link":"https:\/\/diariodominicano.com\/?p=191380","title":{"rendered":"EL PLD realiza Toque de Bandera durante el fin de semana en San Juan y El\u00edas Pina"},"content":{"rendered":"<p><body><\/p>\n<p align=\"justify\" class=\"titulogrande1\"><strong>EL PLD realiza Toque de Bandera durante el fin de  semana en San Juan y El\u00edas Pina <\/strong><\/p>\n<p>&#13;<\/p>\n<p align=\"justify\" class=\"text1noticias\"><strong><img loading=\"lazy\" decoding=\"async\" src=\"http:\/\/localhost:8080\/pictures\/radhames camacho.jpg\" width=\"269\" height=\"309\" hspace=\"4\" align=\"left\" \/>SANTO  DOMINGO.-<\/strong> El Partido de la Liberaci\u00f3n Dominicana (PLD), realiz\u00f3 Toque de  Bandera durante el fin de semana en las provincias de San Juan y El\u00edas Pi\u00f1a en  las que se confirma los resultados de las encuestas de que se proyecta un  triunfo pelede\u00edsta en primera vuelta, inform\u00f3 este martes el partido morado.<\/p>\n<p>&#13;<\/p>\n<p align=\"justify\" class=\"text1noticias\">El  coordinador de la campa\u00f1a en ambas provincias,\u00a0Radham\u00e9s Camacho inform\u00f3 \u00a0a la  organizaci\u00f3n pol\u00edtica sobre la contundencia de las actividades del fin de  semana,\u00a0 pronostic\u00f3 un triunfo con un  porcentaje superior al 54 por ciento que indican las encuestas en los actuales  momentos.<\/p>\n<p>&#13;<\/p>\n<p align=\"justify\" class=\"text1noticias\"> El  un despacho de prensa del PLD Camacho plante\u00f3 que en el municipio cabecera de  San Juan se realiz\u00f3 un contundente Toque de Bandera con la participaci\u00f3n alegre  y entusiasta de la poblaci\u00f3n identificada plenamente con el PLD y el Presidente  Leonel Fern\u00e1ndez. <\/p>\n<p>&#13;<\/p>\n<p align=\"justify\" class=\"text1noticias\">Expres\u00f3  que en Juan de Herrera, tambi\u00e9n de San Juan,\u00a0  fue masivo el acto de juramentaci\u00f3n del Frente de Motoconchistas \u201ccon  Leonel con lo que se reconfirma que el Presidente Leonel Fern\u00e1ndez volver\u00e1 a  ganar de manera arrolladora los comicios en dicho municipio\u201d.<\/p>\n<p>&#13;<\/p>\n<p align=\"justify\" class=\"text1noticias\">\u00abEn  cada punto donde se desarrollaron las actividades en respaldo del candidato del  PLD el doctor Leonel Fern\u00e1ndez, reinaba un entusiasmo inusitado y una algarab\u00eda  desbordante\u00bb, inform\u00f3 Camacho.<\/p>\n<p>&#13;<\/p>\n<p align=\"justify\" class=\"text1noticias\">Report\u00f3  tambi\u00e9n que a la par con estas dos actividades en el municipio de Hondo Valle  se inauguraba el Comit\u00e9 Municipal de campa\u00f1a del PLD con una asistencia  multitudinaria.<\/p>\n<p>&#13;<\/p>\n<p align=\"justify\" class=\"text1noticias\">Puntualiz\u00f3  que el acto inaugural fue presidido por el propio Camacho junto a Andr\u00e9s Bocio,  Humberto Morillo, Donanciano de la   Cruz, Virgilio Bautista y Miguel Mateo entre otros dirigentes  nacionales pelede\u00edstas.<\/p>\n<p>&#13;<\/p>\n<p align=\"justify\" class=\"text1noticias\">\u00abEstamos seguros que nueva vez saldremos  victoriosos en la primera vuelta con la ayuda de Dios, la buena obra del  gobierno y la alta valoraci\u00f3n social que tiene la poblaci\u00f3n de nuestro  candidato Leonel Fern\u00e1ndez\u00bb declar\u00f3 Radham\u00e9s Camacho en el reporte de la Secretar\u00eda de  Comunicaciones del PLD.<\/p>\n<p>&#13;<\/p>\n<h6> 2008-02-05 19:12:09 <\/h6>\n<p><!--\n<link rel=\"stylesheet\" href=\"css\/bootstrap.min.css\">\n\n\n<ul class=\"pagination\">\n\t    \n\t\n\n<li >\n\t<a href='?page_no=34127'>Previous<\/a>\n\t<\/li>\n\n\n       \n    \n\n<li><a href='?page_no=1'>1<\/a><\/li>\n\n\n\n<li><a href='?page_no=2'>2<\/a><\/li>\n\n\n\n<li><a>...<\/a><\/li>\n\n\n\n<li><a href='?page_no=34126'>34126<\/a><\/li>\n\n\n\n<li><a href='?page_no=34127'>34127<\/a><\/li>\n\n\n\n<li class='active'><a>34128<\/a><\/li>\n\n\n\n<li><a href='?page_no=34129'>34129<\/a><\/li>\n\n\n\n<li><a href='?page_no=34130'>34130<\/a><\/li>\n\n\n\n<li><a>...<\/a><\/li>\n\n\n\n<li><a href='?page_no=36999'>36999<\/a><\/li>\n\n\n\n<li><a href='?page_no=37000'>37000<\/a><\/li>\n\n    \n\t\n\n<li >\n\t<a href='?page_no=34129'>Next<\/a>\n\t<\/li>\n\n\n    \n\n<li><a href='?page_no=37000'>Last &rsaquo;&rsaquo;<\/a><\/li>\n\n<\/ul>\n\n\n--><br \/>\n<\/body><\/p>\n","protected":false},"excerpt":{"rendered":"<p>EL PLD realiza Toque de Bandera durante el fin de semana en San Juan y El\u00edas Pina &#13; SANTO DOMINGO.- El Partido de la Liberaci\u00f3n Dominicana (PLD), realiz\u00f3 Toque de Bandera durante el fin de semana en las provincias de San Juan y El\u00edas Pi\u00f1a en las que se confirma los resultados de las encuestas [&hellip;]<\/p>\n","protected":false},"author":3,"featured_media":0,"comment_status":"open","ping_status":"open","sticky":false,"template":"","format":"standard","meta":{"footnotes":""},"categories":[22],"tags":[],"class_list":["post-191380","post","type-post","status-publish","format-standard","hentry","category-politica"],"_links":{"self":[{"href":"https:\/\/diariodominicano.com\/index.php?rest_route=\/wp\/v2\/posts\/191380","targetHints":{"allow":["GET"]}}],"collection":[{"href":"https:\/\/diariodominicano.com\/index.php?rest_route=\/wp\/v2\/posts"}],"about":[{"href":"https:\/\/diariodominicano.com\/index.php?rest_route=\/wp\/v2\/types\/post"}],"author":[{"embeddable":true,"href":"https:\/\/diariodominicano.com\/index.php?rest_route=\/wp\/v2\/users\/3"}],"replies":[{"embeddable":true,"href":"https:\/\/diariodominicano.com\/index.php?rest_route=%2Fwp%2Fv2%2Fcomments&post=191380"}],"version-history":[{"count":0,"href":"https:\/\/diariodominicano.com\/index.php?rest_route=\/wp\/v2\/posts\/191380\/revisions"}],"wp:attachment":[{"href":"https:\/\/diariodominicano.com\/index.php?rest_route=%2Fwp%2Fv2%2Fmedia&parent=191380"}],"wp:term":[{"taxonomy":"category","embeddable":true,"href":"https:\/\/diariodominicano.com\/index.php?rest_route=%2Fwp%2Fv2%2Fcategories&post=191380"},{"taxonomy":"post_tag","embeddable":true,"href":"https:\/\/diariodominicano.com\/index.php?rest_route=%2Fwp%2Fv2%2Ftags&post=191380"}],"curies":[{"name":"wp","href":"https:\/\/api.w.org\/{rel}","templated":true}]}}