{"id":191375,"date":"2008-02-06T00:24:43","date_gmt":"2008-02-06T00:24:43","guid":{"rendered":"http:\/\/diariodominicano.ddns.net\/?p=191375"},"modified":"2008-02-06T00:24:43","modified_gmt":"2008-02-06T00:24:43","slug":"amable-dice-que-los-numerologos-del-prd-y-pld-tendran-que-volver-a-escuela-despues-del-16-de-mayo","status":"publish","type":"post","link":"https:\/\/diariodominicano.com\/?p=191375","title":{"rendered":"Amable dice que los \u201cnumer\u00f3logos\u201d del PRD y PLD tendr\u00e1n que volver a escuela despu\u00e9s del 16 de mayo"},"content":{"rendered":"<p><body><\/p>\n<p align=\"justify\"><span class=\"titulogrande1\"><strong>Amable dice que los  \u201cnumer\u00f3logos\u201d del PRD y PLD tendr\u00e1n que volver a escuela despu\u00e9s del 16 de mayo<\/strong>\u00a0<\/span><br \/>&#13;<br \/>\n  <br \/>&#13;<br \/>\n    <span class=\"text1noticias\">REINTERA ESTA EN SEGUNDO LUGAR  CAMINO AL PRIMERO\u00a0<br \/>&#13;<br \/>\n    <br \/>&#13;<br \/>\n    <strong><img loading=\"lazy\" decoding=\"async\" src=\"http:\/\/localhost:8080\/pictures\/amable tono.jpg\" width=\"269\" height=\"181\" hspace=\"4\" align=\"left\" \/>Santo Domingo.-<\/strong> El candidato presidencial del  Partido Reformista Social Cristiano (PRSC), Amable Aristy Castro, proclam\u00f3 tras  recibir HOY el respaldo del afamado merenguero dominicano Tono Rosario que los  \u201cnumer\u00f3logos\u201d del PRD y el PLD tendr\u00e1n que volver a la escuela despu\u00e9s del 16  de mayo para aprender de n\u00famero \u201cporque no pegan una\u201d con las encuestas que  manejan.\u00a0<br \/>&#13;<br \/>\n    <br \/>&#13;<br \/>\n\u201cHe dicho y reitero hoy aqu\u00ed que  estamos en el segundo lugar en la preferencia del electorado camino hacia el  primero. Tenemos un empate t\u00e9cnico con Miguel Vargas Maldonado en el segundo  lugar\u201d, agreg\u00f3.\u00a0<br \/>&#13;<br \/>\n<br \/>&#13;<br \/>\nSostuvo que los pron\u00f3sticos de  los \u201cnumer\u00f3logos\u201d pelede\u00edstas y perrede\u00edstas chocar\u00e1n de frente con la realidad  de un pueblo que est\u00e1 cansado de m\u00e1s de lo mismo.\u00a0<br \/>&#13;<br \/>\n<br \/>&#13;<br \/>\nDijo que el PRD y el PLD son  iguales, tienen los mismos vicios y cometen los mismos errores. \u00a0<br \/>&#13;<br \/>\n<br \/>&#13;<br \/>\nSe\u00f1al\u00f3 que por ello los  dominicanos han decidido escoger en la pr\u00f3xima consulta electoral un presidente  diferente, concertador, sensible y humano \u201ccon propuestas claras sobre los  graves problemas del pa\u00eds y que tenga voluntad y autoridad para erradicar la  pobreza, la injusticia y la desigualdad\u201d.\u00a0<br \/>&#13;<br \/>\n<br \/>&#13;<br \/>\nSe pregunt\u00f3 de inmediato: \u00bfSi el  presidente Leonel Fern\u00e1ndez tiene m\u00e1s del 40 por ciento como dicen, por qu\u00e9 no  acept\u00f3 la invitaci\u00f3n de lanzar la primera bola en el acto inaugural de la Serie del Caribe que se  celebra en Santiago?\u00a0<br \/>&#13;<br \/>\n<br \/>&#13;<br \/>\nPero tambi\u00e9n se hizo otra  interrogante: \u00bfSi Miguel est\u00e1 tan duro por qu\u00e9 Leonel prefiere discutir con \u00e9l  en la primera o segunda vuelta electoral y no con nosotros?\u00a0<br \/>&#13;<br \/>\n  \u00a0<br \/>&#13;<br \/>\nAristy Castro explic\u00f3 que  quienes sue\u00f1an con polarizaci\u00f3n recibir\u00e1n una gran pesadilla el 16 de mayo,  \u201cpues en el cuadril\u00e1tero hay tres competidores de manera que si Miguel y Leonel  quieren hacer de \u00e1rbitro que lo hagan porque nosotros ya tenemos los guantes  puestos para librar la batalla y darle a la Rep\u00fablica Dominicana  un gobierno por y para los pobres\u201d.\u00a0<br \/>&#13;<br \/>\n<br \/>&#13;<br \/>\nDijo que el respaldo que recibe  hoy, \u201cnos suma la alegr\u00eda y el entusiasmo de uno de los mejores exponentes del  merengue, To\u00f1o Rosario\u201d.\u00a0<br \/>&#13;<br \/>\n<br \/>&#13;<br \/>\n\u201cQuiero advertirle a los que  quer\u00edan intimidarnos y meternos miedo que se preparen que el Cuco est\u00e1 con  nosotros\u201d, resalt\u00f3 sonriente Amable Aristy en la conferencia de prensa  celebrada en el sal\u00f3n Magua del Hotel Jaragua.\u00a0<\/span><\/p>\n<p>&#13;<\/p>\n<div align=\"justify\" class=\"text1noticias\">El candidato presidencial reformista estuvo  acompa\u00f1ado de los dirigentes reformistas Pedro Bret\u00f3n, Rogelio Genao, Rafaela  Alburquerque, Tony Garc\u00eda Santos, V\u00edctor G\u00f3mez Casanova, Sergio Cede\u00f1o, entre  otros.\u00a0<br \/>&#13;\n<\/div>\n<p>&#13;<\/p>\n<h6> 2008-02-06 00:24:43 <\/h6>\n<p><!--\n<link rel=\"stylesheet\" href=\"css\/bootstrap.min.css\">\n\n\n<ul class=\"pagination\">\n\t    \n\t\n\n<li >\n\t<a href='?page_no=34122'>Previous<\/a>\n\t<\/li>\n\n\n       \n    \n\n<li><a href='?page_no=1'>1<\/a><\/li>\n\n\n\n<li><a href='?page_no=2'>2<\/a><\/li>\n\n\n\n<li><a>...<\/a><\/li>\n\n\n\n<li><a href='?page_no=34121'>34121<\/a><\/li>\n\n\n\n<li><a href='?page_no=34122'>34122<\/a><\/li>\n\n\n\n<li class='active'><a>34123<\/a><\/li>\n\n\n\n<li><a href='?page_no=34124'>34124<\/a><\/li>\n\n\n\n<li><a href='?page_no=34125'>34125<\/a><\/li>\n\n\n\n<li><a>...<\/a><\/li>\n\n\n\n<li><a href='?page_no=36999'>36999<\/a><\/li>\n\n\n\n<li><a href='?page_no=37000'>37000<\/a><\/li>\n\n    \n\t\n\n<li >\n\t<a href='?page_no=34124'>Next<\/a>\n\t<\/li>\n\n\n    \n\n<li><a href='?page_no=37000'>Last &rsaquo;&rsaquo;<\/a><\/li>\n\n<\/ul>\n\n\n--><br \/>\n<\/body><\/p>\n","protected":false},"excerpt":{"rendered":"<p>Amable dice que los \u201cnumer\u00f3logos\u201d del PRD y PLD tendr\u00e1n que volver a escuela despu\u00e9s del 16 de mayo\u00a0&#13; &#13; REINTERA ESTA EN SEGUNDO LUGAR CAMINO AL PRIMERO\u00a0&#13; &#13; Santo Domingo.- El candidato presidencial del Partido Reformista Social Cristiano (PRSC), Amable Aristy Castro, proclam\u00f3 tras recibir HOY el respaldo del afamado merenguero dominicano Tono Rosario [&hellip;]<\/p>\n","protected":false},"author":3,"featured_media":0,"comment_status":"open","ping_status":"open","sticky":false,"template":"","format":"standard","meta":{"footnotes":""},"categories":[22],"tags":[],"class_list":["post-191375","post","type-post","status-publish","format-standard","hentry","category-politica"],"_links":{"self":[{"href":"https:\/\/diariodominicano.com\/index.php?rest_route=\/wp\/v2\/posts\/191375","targetHints":{"allow":["GET"]}}],"collection":[{"href":"https:\/\/diariodominicano.com\/index.php?rest_route=\/wp\/v2\/posts"}],"about":[{"href":"https:\/\/diariodominicano.com\/index.php?rest_route=\/wp\/v2\/types\/post"}],"author":[{"embeddable":true,"href":"https:\/\/diariodominicano.com\/index.php?rest_route=\/wp\/v2\/users\/3"}],"replies":[{"embeddable":true,"href":"https:\/\/diariodominicano.com\/index.php?rest_route=%2Fwp%2Fv2%2Fcomments&post=191375"}],"version-history":[{"count":0,"href":"https:\/\/diariodominicano.com\/index.php?rest_route=\/wp\/v2\/posts\/191375\/revisions"}],"wp:attachment":[{"href":"https:\/\/diariodominicano.com\/index.php?rest_route=%2Fwp%2Fv2%2Fmedia&parent=191375"}],"wp:term":[{"taxonomy":"category","embeddable":true,"href":"https:\/\/diariodominicano.com\/index.php?rest_route=%2Fwp%2Fv2%2Fcategories&post=191375"},{"taxonomy":"post_tag","embeddable":true,"href":"https:\/\/diariodominicano.com\/index.php?rest_route=%2Fwp%2Fv2%2Ftags&post=191375"}],"curies":[{"name":"wp","href":"https:\/\/api.w.org\/{rel}","templated":true}]}}