{"id":191374,"date":"2008-02-06T00:51:28","date_gmt":"2008-02-06T00:51:28","guid":{"rendered":"http:\/\/diariodominicano.ddns.net\/?p=191374"},"modified":"2008-02-06T00:51:28","modified_gmt":"2008-02-06T00:51:28","slug":"leonel-recibe-impresionante-respaldo-en-santo-domingo-norte","status":"publish","type":"post","link":"https:\/\/diariodominicano.com\/?p=191374","title":{"rendered":"Leonel recibe impresionante respaldo en Santo Domingo Norte"},"content":{"rendered":"<p><body><\/p>\n<p class=\"titulogrande1\"><strong>Leonel recibe impresionante respaldo en Santo Domingo Norte<\/strong><\/p>\n<p>&#13;<\/p>\n<p align=\"justify\" class=\"text1noticias\"><strong><img loading=\"lazy\" decoding=\"async\" src=\"http:\/\/localhost:8080\/pictures\/pld santo domingo norte.jpg\" width=\"269\" height=\"366\" hspace=\"4\" align=\"left\" \/>Santo Domingo.-<\/strong>\u00a0 El candidato  presidencial del Partido de la Liberaci\u00f3n   Dominicana, doctor Leonel Fern\u00e1ndez, encabez\u00f3 este martes un  amplio recorrido por los principales sectores que integran el Municipio Santo  Domingo Norte, donde recibi\u00f3 evidentes manifestaciones de respaldo a sus  aspiraciones de continuar al frente de la administraci\u00f3n p\u00fablica, con el  objetivo de ejecutar una serie de obras sociales y de infraestructura, as\u00ed como  de mantener el crecimiento econ\u00f3mico del Producto Interno Bruto.<br \/>&#13;<br \/>\n  <br \/>&#13;<br \/>\n  El recorrido comenz\u00f3 en la  intersecci\u00f3n de la calle Duarte con Carretera Mata de Mam\u00f3n, en la comunidad de  La Victoria,  del citado municipio. Dur\u00f3 aproximadamente tres horas y recorri\u00f3 alrededor de 15 kil\u00f3metros.<br \/>&#13;<br \/>\n  <br \/>&#13;<br \/>\n  Desde muy temprano, cientos de  seguidores del doctor Fern\u00e1ndez comenzaron a congregarse para esperar a su  l\u00edder y candidato presidencial.<br \/>&#13;<br \/>\n  <br \/>&#13;<br \/>\n  Imponentes bocinas fueron  colocadas en lugares estrat\u00e9gicos por los encargados del recorrido, situaci\u00f3n  que convirti\u00f3 la actividad en una fiesta popular. <br \/>&#13;<br \/>\n  <br \/>&#13;<br \/>\n  Temas que promocionan las  condiciones del doctor Fern\u00e1ndez no dejaron de ambientar, provocando en la  multitud que esperaba al candidato presidencial una alegr\u00eda singular. <br \/>&#13;<br \/>\n  <br \/>&#13;<br \/>\n  Cortes promocionales como \u00a8Dejen  esos perros\u00a8 y \u00a8Que siga sub\u00edo en el palo\u00a8, entre otros temas no dejaron de  sonar en los denominados discos light. <br \/>&#13;<br \/>\n  <br \/>&#13;<br \/>\nEl candidato presidencial del PLD recorri\u00f3 las  principales calles de los sectores Sabana Perdida, Barrio Nuevo, El Progreso, Enriquillo,  Libertad y Salom\u00e9 Ure\u00f1a, entre otros. <br \/>&#13;<br \/>\n<br \/>&#13;<br \/>\nFue notoria la presencia de los  principales dirigentes del Partido de la Liberaci\u00f3n Dominicana  y de los integrantes del Comit\u00e9 Nacional de Campa\u00f1a. <br \/>&#13;<br \/>\n<br \/>&#13;<br \/>\nEra evidente la satisfacci\u00f3n del  candidato presidencial debido a las manifestaciones de respaldo que ofrecieron los  residentes de Santo Domingo Norte.<br \/>&#13;<br \/>\n<br \/>&#13;<br \/>\nEn la v\u00edspera, el candidato  presidencial solicit\u00f3 a los organismos internacionales enviar observadores  electorales de cara\u00a0 las elecciones del  pr\u00f3ximo mes de mayo en una clara demostraci\u00f3n de que respetar\u00e1 la voluntad  popular.<br \/>&#13;<br \/>\n<br \/>&#13;<br \/>\nEl doctor Fern\u00e1ndez estuvo  acompa\u00f1ado por el coordinador general de campa\u00f1a, Francisco Javier Garc\u00eda;  Radham\u00e9s Segura, Jos\u00e9 Ram\u00f3n Fadul, V\u00edctor D\u00edaz R\u00faa, Cristina Lizardo, Eladio  Mart\u00ednez, Ram\u00f3n Rivas y los diputados de la zona, Ledy V\u00e1squez y Ren\u00e9 Polanco.  <\/p>\n<p>&#13;<\/p>\n<h6> 2008-02-06 00:51:28 <\/h6>\n<p><!--\n<link rel=\"stylesheet\" href=\"css\/bootstrap.min.css\">\n\n\n<ul class=\"pagination\">\n\t    \n\t\n\n<li >\n\t<a href='?page_no=34121'>Previous<\/a>\n\t<\/li>\n\n\n       \n    \n\n<li><a href='?page_no=1'>1<\/a><\/li>\n\n\n\n<li><a href='?page_no=2'>2<\/a><\/li>\n\n\n\n<li><a>...<\/a><\/li>\n\n\n\n<li><a href='?page_no=34120'>34120<\/a><\/li>\n\n\n\n<li><a href='?page_no=34121'>34121<\/a><\/li>\n\n\n\n<li class='active'><a>34122<\/a><\/li>\n\n\n\n<li><a href='?page_no=34123'>34123<\/a><\/li>\n\n\n\n<li><a href='?page_no=34124'>34124<\/a><\/li>\n\n\n\n<li><a>...<\/a><\/li>\n\n\n\n<li><a href='?page_no=36999'>36999<\/a><\/li>\n\n\n\n<li><a href='?page_no=37000'>37000<\/a><\/li>\n\n    \n\t\n\n<li >\n\t<a href='?page_no=34123'>Next<\/a>\n\t<\/li>\n\n\n    \n\n<li><a href='?page_no=37000'>Last &rsaquo;&rsaquo;<\/a><\/li>\n\n<\/ul>\n\n\n--><br \/>\n<\/body><\/p>\n","protected":false},"excerpt":{"rendered":"<p>Leonel recibe impresionante respaldo en Santo Domingo Norte &#13; Santo Domingo.-\u00a0 El candidato presidencial del Partido de la Liberaci\u00f3n Dominicana, doctor Leonel Fern\u00e1ndez, encabez\u00f3 este martes un amplio recorrido por los principales sectores que integran el Municipio Santo Domingo Norte, donde recibi\u00f3 evidentes manifestaciones de respaldo a sus aspiraciones de continuar al frente de la [&hellip;]<\/p>\n","protected":false},"author":3,"featured_media":0,"comment_status":"open","ping_status":"open","sticky":false,"template":"","format":"standard","meta":{"footnotes":""},"categories":[22],"tags":[],"class_list":["post-191374","post","type-post","status-publish","format-standard","hentry","category-politica"],"_links":{"self":[{"href":"https:\/\/diariodominicano.com\/index.php?rest_route=\/wp\/v2\/posts\/191374","targetHints":{"allow":["GET"]}}],"collection":[{"href":"https:\/\/diariodominicano.com\/index.php?rest_route=\/wp\/v2\/posts"}],"about":[{"href":"https:\/\/diariodominicano.com\/index.php?rest_route=\/wp\/v2\/types\/post"}],"author":[{"embeddable":true,"href":"https:\/\/diariodominicano.com\/index.php?rest_route=\/wp\/v2\/users\/3"}],"replies":[{"embeddable":true,"href":"https:\/\/diariodominicano.com\/index.php?rest_route=%2Fwp%2Fv2%2Fcomments&post=191374"}],"version-history":[{"count":0,"href":"https:\/\/diariodominicano.com\/index.php?rest_route=\/wp\/v2\/posts\/191374\/revisions"}],"wp:attachment":[{"href":"https:\/\/diariodominicano.com\/index.php?rest_route=%2Fwp%2Fv2%2Fmedia&parent=191374"}],"wp:term":[{"taxonomy":"category","embeddable":true,"href":"https:\/\/diariodominicano.com\/index.php?rest_route=%2Fwp%2Fv2%2Fcategories&post=191374"},{"taxonomy":"post_tag","embeddable":true,"href":"https:\/\/diariodominicano.com\/index.php?rest_route=%2Fwp%2Fv2%2Ftags&post=191374"}],"curies":[{"name":"wp","href":"https:\/\/api.w.org\/{rel}","templated":true}]}}