{"id":191373,"date":"2008-02-06T02:11:36","date_gmt":"2008-02-06T02:11:36","guid":{"rendered":"http:\/\/diariodominicano.ddns.net\/?p=191373"},"modified":"2008-02-06T02:11:36","modified_gmt":"2008-02-06T02:11:36","slug":"leonel-fernandez-impartio-instrucciones-para-iniciar-contactos-con-el-fmi-para-un-posible-nuevo-acuerdo","status":"publish","type":"post","link":"https:\/\/diariodominicano.com\/?p=191373","title":{"rendered":"Leonel Fern\u00e1ndez imparti\u00f3 instrucciones para iniciar contactos con el  FMI, para un posible nuevo acuerdo"},"content":{"rendered":"<p><body><\/p>\n<p align=\"justify\" class=\"titulogrande1\">Leonel  Fern\u00e1ndez imparti\u00f3 instrucciones para iniciar contactos con el FMI, para un posible nuevo acuerdo<\/p>\n<p>&#13;<\/p>\n<p align=\"justify\" class=\"text1noticias\"><strong>SANTO DOMINGO.-<\/strong> El secretario  de Econom\u00eda Planificaci\u00f3n y Desarrollo inform\u00f3 que el Presidente Leonel  Fern\u00e1ndez instruy\u00f3 a su gabinete econ\u00f3mico para que inicie los contactos de  lugar a fin de discutir los t\u00e9rminos de un posible nuevo acuerdo con el Fondo  Monetario Internacional (FMI).<\/p>\n<p>&#13;<\/p>\n<p align=\"justify\" class=\"text1noticias\">Tem\u00edstocles Mont\u00e1s dijo que  el Gobierno reafirma su compromiso de lograr este a\u00f1o un super\u00e1vit fiscal  primario de 1.3 por ciento del PIB, lo que implica la implementaci\u00f3n, a\u00fan en  medio de un proceso electoral, de una pol\u00edtica fiscal prudente que garantice  que no surja ning\u00fan tropiezo en el manejo de la econom\u00eda.<\/p>\n<p>&#13;<\/p>\n<p align=\"justify\" class=\"text1noticias\">\u201cEl Presidente nos ha  instruidos a ponernos en contacto con las autoridades del Fondo Monetario  Internacional para ver qu\u00e9 tipo de acuerdo podr\u00edamos abordar con ellos\u201d, dijo  Mont\u00e1s.<\/p>\n<p>&#13;<\/p>\n<p align=\"justify\" class=\"text1noticias\">Rep\u00fablica Dominicana concluy\u00f3  el pasado 31 de enero un acuerdo Stand By con el FMI que tuvo una vigencia de  36 meses, pero algunos sectores, especialmente el empresarial, han estado  abogando porque se mantenga alg\u00fan tipo de relaci\u00f3n\u00a0 con el organismo financiero como garant\u00eda  para mantener la estabilidad y el crecimiento econ\u00f3mico del pa\u00eds.<\/p>\n<p>&#13;<\/p>\n<p align=\"justify\" class=\"text1noticias\">Dijo que la decisi\u00f3n reafirma  el compromiso del Presidente Fern\u00e1ndez y de su equipo de mantener la  estabilidad de la econom\u00eda y de enviar se\u00f1ales claras a los actores econ\u00f3micos  de que este es un pa\u00eds que re\u00fane todas las condiciones para invertir.<\/p>\n<p>&#13;<\/p>\n<p align=\"justify\" class=\"text1noticias\">Asimismo, defendi\u00f3 el  desempe\u00f1o econ\u00f3mico de la actual administraci\u00f3n, as\u00ed como los elogios que el  propio FMI hace a ese manejo al concluir la octava y ultima revisi\u00f3n del  acuerdo.<\/p>\n<p>&#13;<\/p>\n<p align=\"justify\" class=\"text1noticias\">Destac\u00f3 que al llegar al  Gobierno en agosto del 2004 la deuda p\u00fablica externa del pa\u00eds representaba el  53.1 por ciento del Producto Interno Bruto (PIB), pero que al terminar este a\u00f1o  ese monto se habr\u00e1 reducido a 38.4 por ciento del PIB.<\/p>\n<p>&#13;<\/p>\n<p align=\"justify\" class=\"text1noticias\">En otro orden, Mont\u00e1s asegur\u00f3  que si celebrar\u00e1n en esta fecha las elecciones presidenciales, el Presidente  Fern\u00e1ndez ganar\u00eda con el 55 % de los votos.<\/p>\n<p>&#13;<\/p>\n<p align=\"justify\" class=\"text1noticias\">El funcionario, quien  encabeza la Comisi\u00f3n  de Estrategia del PLD, dijo que esos datos est\u00e1n reflejados en la \u00faltima  encuesta que orden\u00f3 la organizaci\u00f3n y que cubre todo el pa\u00eds, incluyendo las 14  provincias de la regi\u00f3n del Cibao.<\/p>\n<p>&#13;<\/p>\n<h6> 2008-02-06 02:11:36 <\/h6>\n<p><!--\n<link rel=\"stylesheet\" href=\"css\/bootstrap.min.css\">\n\n\n<ul class=\"pagination\">\n\t    \n\t\n\n<li >\n\t<a href='?page_no=34120'>Previous<\/a>\n\t<\/li>\n\n\n       \n    \n\n<li><a href='?page_no=1'>1<\/a><\/li>\n\n\n\n<li><a href='?page_no=2'>2<\/a><\/li>\n\n\n\n<li><a>...<\/a><\/li>\n\n\n\n<li><a href='?page_no=34119'>34119<\/a><\/li>\n\n\n\n<li><a href='?page_no=34120'>34120<\/a><\/li>\n\n\n\n<li class='active'><a>34121<\/a><\/li>\n\n\n\n<li><a href='?page_no=34122'>34122<\/a><\/li>\n\n\n\n<li><a href='?page_no=34123'>34123<\/a><\/li>\n\n\n\n<li><a>...<\/a><\/li>\n\n\n\n<li><a href='?page_no=36999'>36999<\/a><\/li>\n\n\n\n<li><a href='?page_no=37000'>37000<\/a><\/li>\n\n    \n\t\n\n<li >\n\t<a href='?page_no=34122'>Next<\/a>\n\t<\/li>\n\n\n    \n\n<li><a href='?page_no=37000'>Last &rsaquo;&rsaquo;<\/a><\/li>\n\n<\/ul>\n\n\n--><br \/>\n<\/body><\/p>\n","protected":false},"excerpt":{"rendered":"<p>Leonel Fern\u00e1ndez imparti\u00f3 instrucciones para iniciar contactos con el FMI, para un posible nuevo acuerdo &#13; SANTO DOMINGO.- El secretario de Econom\u00eda Planificaci\u00f3n y Desarrollo inform\u00f3 que el Presidente Leonel Fern\u00e1ndez instruy\u00f3 a su gabinete econ\u00f3mico para que inicie los contactos de lugar a fin de discutir los t\u00e9rminos de un posible nuevo acuerdo con [&hellip;]<\/p>\n","protected":false},"author":3,"featured_media":0,"comment_status":"open","ping_status":"open","sticky":false,"template":"","format":"standard","meta":{"footnotes":""},"categories":[22],"tags":[],"class_list":["post-191373","post","type-post","status-publish","format-standard","hentry","category-politica"],"_links":{"self":[{"href":"https:\/\/diariodominicano.com\/index.php?rest_route=\/wp\/v2\/posts\/191373","targetHints":{"allow":["GET"]}}],"collection":[{"href":"https:\/\/diariodominicano.com\/index.php?rest_route=\/wp\/v2\/posts"}],"about":[{"href":"https:\/\/diariodominicano.com\/index.php?rest_route=\/wp\/v2\/types\/post"}],"author":[{"embeddable":true,"href":"https:\/\/diariodominicano.com\/index.php?rest_route=\/wp\/v2\/users\/3"}],"replies":[{"embeddable":true,"href":"https:\/\/diariodominicano.com\/index.php?rest_route=%2Fwp%2Fv2%2Fcomments&post=191373"}],"version-history":[{"count":0,"href":"https:\/\/diariodominicano.com\/index.php?rest_route=\/wp\/v2\/posts\/191373\/revisions"}],"wp:attachment":[{"href":"https:\/\/diariodominicano.com\/index.php?rest_route=%2Fwp%2Fv2%2Fmedia&parent=191373"}],"wp:term":[{"taxonomy":"category","embeddable":true,"href":"https:\/\/diariodominicano.com\/index.php?rest_route=%2Fwp%2Fv2%2Fcategories&post=191373"},{"taxonomy":"post_tag","embeddable":true,"href":"https:\/\/diariodominicano.com\/index.php?rest_route=%2Fwp%2Fv2%2Ftags&post=191373"}],"curies":[{"name":"wp","href":"https:\/\/api.w.org\/{rel}","templated":true}]}}