{"id":191370,"date":"2008-02-06T04:10:30","date_gmt":"2008-02-06T04:10:30","guid":{"rendered":"http:\/\/diariodominicano.ddns.net\/?p=191370"},"modified":"2008-02-06T04:10:30","modified_gmt":"2008-02-06T04:10:30","slug":"chavez-instruye-a-instituciones-para-rescatar-a-rehenes-de-las-farc","status":"publish","type":"post","link":"https:\/\/diariodominicano.com\/?p=191370","title":{"rendered":"Ch\u00e1vez instruye a instituciones para rescatar a rehenes de las FARC"},"content":{"rendered":"<p><body><\/p>\n<p>&#13;<\/p>\n<h1 class=\"titulogrande1\">Ch\u00e1vez instruye a instituciones para rescatar a rehenes de las FARC<\/h1>\n<p>&#13;<\/p>\n<p align=\"justify\" class=\"text1noticias\"><img loading=\"lazy\" decoding=\"async\" src=\"http:\/\/localhost:8080\/pictures\/chavezhugo.jpg\" width=\"269\" height=\"195\" hspace=\"4\" align=\"left\" \/>Las Fuerzas Armadas Revolucionarias de Colombia anunciaron el s\u00e1bado en la  noche la liberaci\u00f3n de los ex congresistas Gloria Polanco, Luis Eladio P\u00e9rez y  Orlando Beltr\u00e1n.<\/p>\n<p>&#13;<\/p>\n<p align=\"justify\" class=\"text1noticias\">El Gobierno venezolano di\u00f3 instrucciones a los organismos involucrados para  lograr el rescate de los tres rehenes que las FARC prometieron liberar y  entregar al presidente Hugo Ch\u00e1vez o a una delegaci\u00f3n que \u00e9l designe, dijo el  martes la Canciller\u00eda  en un comunicado.<br \/>&#13;<br \/>\n  <br \/>&#13;<br \/>\n    <br \/>&#13;<br \/>\n  Las Fuerzas Armadas Revolucionarias de Colombia (FARC), el mayor grupo  guerrillero colombiano, anunci\u00f3 el s\u00e1bado en la noche la liberaci\u00f3n de los ex  congresistas Gloria Polanco, Luis Eladio P\u00e9rez y Orlando Beltr\u00e1n Cuellar, por  su delicado estado de salud, a quienes entregar\u00edan a Ch\u00e1vez o a la senadora  colombiana Piedad C\u00f3rdoba.<br \/>&#13;<br \/>\n  <br \/>&#13;<br \/>\n\u00abYa se han dado las instrucciones a los organismos involucrados para  que en los pr\u00f3ximos d\u00edas, en coordinaci\u00f3n con las autoridades colombianas, se  establezcan los mecanismos necesarios a fin de lograr el traslado de los  secuestrados a territorio venezolano, una vez se tengan las coordenadas\u00bb,  dijo el canciller Nicol\u00e1s Maduro citado en el comunicado.<br \/>&#13;<br \/>\n<br \/>&#13;<br \/>\nEl funcionario se reuni\u00f3 la noche del lunes con los parientes de los ex  parlamentarios colombianos en Caracas y reiter\u00f3 el compromiso del Gobierno  venezolano con la \u00abpaz\u00bb y \u00abconcordancia\u00bb en Colombia.<br \/>&#13;<br \/>\n<br \/>&#13;<br \/>\nPor su parte, los familiares conf\u00edan en que la liberaci\u00f3n de los tres ex  congresistas sea m\u00e1s r\u00e1pida que la de Clara Rojas y Consuelo Gonz\u00e1lez, ocurrida  a principios de enero. \u00abNosotros creemos que debe ser mucho m\u00e1s r\u00e1pido,  porque me imagino, que muchas de las cosas que se vivieron en la anterior entrega  se deben superar\u00bb, dijo el martes a periodistas Deyanira Ortiz de Beltr\u00e1n,  esposa de Beltr\u00e1n Cu\u00e9llar.<br \/>&#13;<br \/>\n<br \/>&#13;<br \/>\nOrtiz agreg\u00f3 que desconocen si se reunir\u00e1n con Ch\u00e1vez en las pr\u00f3ximas horas.<br \/>&#13;<br \/>\n<br \/>&#13;<br \/>\nEl gobernante venezolano dijo el lunes que recibi\u00f3 con benepl\u00e1cito el anuncio  de las FARC de liberar a los tres excongresistas colombianos, tras destacar que  su Gobierno est\u00e1 adelantando las operaciones para concretar el rescate.<br \/>&#13;<br \/>\n<br \/>&#13;<br \/>\nPor su parte, Colombia anunci\u00f3 que dar\u00e1 todas las facilidades para que los  ex parlamentarios recuperen su libertad. El grupo guerrillero entreg\u00f3 a  comienzos de enero en las selvas colombianas a las pol\u00edticas Clara Rojas y  Consuelo Gonz\u00e1lez, en una misi\u00f3n liderada por Ch\u00e1vez y en la que particip\u00f3 la  senadora C\u00f3rdoba. El presidente colombiano, Alvaro Uribe, principal aliado de  Washington en Am\u00e9rica Latina, suspendi\u00f3 en noviembre la mediaci\u00f3n de Ch\u00e1vez  para un canje humanitario, lo cual enfureci\u00f3 al gobernante venezolano y provoc\u00f3  la peor crisis diplom\u00e1tica que enfrentan los pa\u00edses vecinos, que comparten una  extensa frontera com\u00fan.<br \/>&#13;<br \/>\n<br \/>&#13;<br \/>\n  Las FARC buscan intercambiar a 44 rehenes, incluida la ex candidata  presidencial francocolombiana Ingrid Betancourt y tres estadounidenses, por 500  rebeldes encarcelados en las prisiones estatales.<br \/>&#13;<br \/>\n  <br \/>&#13;<br \/>\n  <em>Reuters<\/em><\/p>\n<p>&#13;<\/p>\n<h6> 2008-02-06 04:10:30 <\/h6>\n<p><!--\n<link rel=\"stylesheet\" href=\"css\/bootstrap.min.css\">\n\n\n<ul class=\"pagination\">\n\t    \n\t\n\n<li >\n\t<a href='?page_no=34117'>Previous<\/a>\n\t<\/li>\n\n\n       \n    \n\n<li><a href='?page_no=1'>1<\/a><\/li>\n\n\n\n<li><a href='?page_no=2'>2<\/a><\/li>\n\n\n\n<li><a>...<\/a><\/li>\n\n\n\n<li><a href='?page_no=34116'>34116<\/a><\/li>\n\n\n\n<li><a href='?page_no=34117'>34117<\/a><\/li>\n\n\n\n<li class='active'><a>34118<\/a><\/li>\n\n\n\n<li><a href='?page_no=34119'>34119<\/a><\/li>\n\n\n\n<li><a href='?page_no=34120'>34120<\/a><\/li>\n\n\n\n<li><a>...<\/a><\/li>\n\n\n\n<li><a href='?page_no=36999'>36999<\/a><\/li>\n\n\n\n<li><a href='?page_no=37000'>37000<\/a><\/li>\n\n    \n\t\n\n<li >\n\t<a href='?page_no=34119'>Next<\/a>\n\t<\/li>\n\n\n    \n\n<li><a href='?page_no=37000'>Last &rsaquo;&rsaquo;<\/a><\/li>\n\n<\/ul>\n\n\n--><br \/>\n<\/body><\/p>\n","protected":false},"excerpt":{"rendered":"<p>&#13; Ch\u00e1vez instruye a instituciones para rescatar a rehenes de las FARC &#13; Las Fuerzas Armadas Revolucionarias de Colombia anunciaron el s\u00e1bado en la noche la liberaci\u00f3n de los ex congresistas Gloria Polanco, Luis Eladio P\u00e9rez y Orlando Beltr\u00e1n. &#13; El Gobierno venezolano di\u00f3 instrucciones a los organismos involucrados para lograr el rescate de los [&hellip;]<\/p>\n","protected":false},"author":3,"featured_media":0,"comment_status":"open","ping_status":"open","sticky":false,"template":"","format":"standard","meta":{"footnotes":""},"categories":[22],"tags":[],"class_list":["post-191370","post","type-post","status-publish","format-standard","hentry","category-politica"],"_links":{"self":[{"href":"https:\/\/diariodominicano.com\/index.php?rest_route=\/wp\/v2\/posts\/191370","targetHints":{"allow":["GET"]}}],"collection":[{"href":"https:\/\/diariodominicano.com\/index.php?rest_route=\/wp\/v2\/posts"}],"about":[{"href":"https:\/\/diariodominicano.com\/index.php?rest_route=\/wp\/v2\/types\/post"}],"author":[{"embeddable":true,"href":"https:\/\/diariodominicano.com\/index.php?rest_route=\/wp\/v2\/users\/3"}],"replies":[{"embeddable":true,"href":"https:\/\/diariodominicano.com\/index.php?rest_route=%2Fwp%2Fv2%2Fcomments&post=191370"}],"version-history":[{"count":0,"href":"https:\/\/diariodominicano.com\/index.php?rest_route=\/wp\/v2\/posts\/191370\/revisions"}],"wp:attachment":[{"href":"https:\/\/diariodominicano.com\/index.php?rest_route=%2Fwp%2Fv2%2Fmedia&parent=191370"}],"wp:term":[{"taxonomy":"category","embeddable":true,"href":"https:\/\/diariodominicano.com\/index.php?rest_route=%2Fwp%2Fv2%2Fcategories&post=191370"},{"taxonomy":"post_tag","embeddable":true,"href":"https:\/\/diariodominicano.com\/index.php?rest_route=%2Fwp%2Fv2%2Ftags&post=191370"}],"curies":[{"name":"wp","href":"https:\/\/api.w.org\/{rel}","templated":true}]}}