{"id":191367,"date":"2008-02-06T16:21:48","date_gmt":"2008-02-06T16:21:48","guid":{"rendered":"http:\/\/diariodominicano.ddns.net\/?p=191367"},"modified":"2008-02-06T16:21:48","modified_gmt":"2008-02-06T16:21:48","slug":"el-ptd-realizara-asamblea-en-neyba","status":"publish","type":"post","link":"https:\/\/diariodominicano.com\/?p=191367","title":{"rendered":"El PTD realizar\u00e1 asamblea en Neyba"},"content":{"rendered":"<p><body><\/p>\n<p class=\"titulogrande1\"><img loading=\"lazy\" decoding=\"async\" src=\"http:\/\/localhost:8080\/pictures\/ptd.jpg\" width=\"269\" height=\"227\" hspace=\"4\" align=\"left\" \/>El PTD realizar\u00e1 asamblea en Neyba <\/p>\n<p>&#13;<\/p>\n<p align=\"justify\" class=\"text1noticias\"><strong>NEYBA.-<\/strong> El Partido de los Trabajadores Dominicanos (PTD) con la presencia de   su presidente nacional, el Secretario de Estado, Jos\u00e9 Gonz\u00e1lez Espinosa, efectuar\u00e1 este domingo 10 una asamblea en esta ciudad con la finalidad de dejar organizado el comando de campa\u00f1a de la provincia Bahoruco.<\/p>\n<p>&#13;<\/p>\n<p align=\"justify\" class=\"text1noticias\">La informaci\u00f3n la ofreci\u00f3 el periodista Benny Rodr\u00edguez, responsable de los trabajos pol\u00edticos de la organizaci\u00f3n, integrante del Bloque Progresista que apoyan la reelecci\u00f3n del presidente de la Rep\u00fablica, doctor Leonel Fern\u00e1ndez Reyna.<\/p>\n<p>&#13;<\/p>\n<p align=\"justify\" class=\"text1noticias\">La actividad que busca que el PTD haga un mayor aporte a la candidatura de Fern\u00e1ndez en t\u00e9rminos del n\u00famero de votos para ganar las elecciones en primera vuelta, se efectuar\u00e1 en la disco \u2013 terraza \u201cAll\u00e1\u201d, ubicados en las intersecciones de las calles Mella y 27 de febrero de este municipio.<\/p>\n<p>&#13;<\/p>\n<p align=\"justify\" class=\"text1noticias\">En la actividad participaran las estructuras del PTD en la provincia Bahoruco de los municipios de Los R\u00edos, Tamayo, Galv\u00e1n, as\u00ed como los distritos municipales de El Salado y Uvilla y este municipio cabecera.<\/p>\n<p>&#13;<\/p>\n<p align=\"justify\" class=\"text1noticias\">Adem\u00e1s, dejar formado el comando de campa\u00f1a en este municipio, se dejar\u00e1 en funcionamiento el comit\u00e9 municipal de aqu\u00ed, con lo que se busca que la organizaci\u00f3n de los colores verde y negro y la flor de la cayena tenga una presencia importante en la zona que se traduzcan en votos en las elecciones del 16 de mayo de este a\u00f1o a favor de la candidatura de Leonel Fern\u00e1ndez Reyna. <\/p>\n<p>&#13;<\/p>\n<p align=\"justify\" class=\"text1noticias\">\u201cHay un mandato de la Direcci\u00f3n Nacional y la Comisi\u00f3n Pol\u00edtica de nuestra organizaci\u00f3n de que el PTD debe hacer un aporte significativo en cuanto a la cantidad de votos que permitan al presidente y candidato del PLD y el Bloque Progresista, dejar en el terreno de juego al PRD \u2013 PPH \u2013MVP para evitar volver al pasado y al retroceso que signific\u00f3 el pasado gobierno\u201d, explic\u00f3 Benny Rodr\u00edguez en nota de prensa.<\/p>\n<p>&#13;<\/p>\n<p align=\"justify\" class=\"text1noticias\">El PTD ha dejado en funcionamiento los comandos de campa\u00f1a de la Capital, santiago y la zona del cibao, Barahona, Cabral, San Juan de la Maguana, Azua de Compostela, Peravia, San Jos\u00e9 de Ocoa, Monte Plata, San Pedro de Macor\u00eds, La Romana, Hato Mayor, El Seybo, entre otras. <br \/>&#13;\n<\/p>\n<p>&#13;<\/p>\n<h6> 2008-02-06 16:21:48 <\/h6>\n<p><!--\n<link rel=\"stylesheet\" href=\"css\/bootstrap.min.css\">\n\n\n<ul class=\"pagination\">\n\t    \n\t\n\n<li >\n\t<a href='?page_no=34114'>Previous<\/a>\n\t<\/li>\n\n\n       \n    \n\n<li><a href='?page_no=1'>1<\/a><\/li>\n\n\n\n<li><a href='?page_no=2'>2<\/a><\/li>\n\n\n\n<li><a>...<\/a><\/li>\n\n\n\n<li><a href='?page_no=34113'>34113<\/a><\/li>\n\n\n\n<li><a href='?page_no=34114'>34114<\/a><\/li>\n\n\n\n<li class='active'><a>34115<\/a><\/li>\n\n\n\n<li><a href='?page_no=34116'>34116<\/a><\/li>\n\n\n\n<li><a href='?page_no=34117'>34117<\/a><\/li>\n\n\n\n<li><a>...<\/a><\/li>\n\n\n\n<li><a href='?page_no=36999'>36999<\/a><\/li>\n\n\n\n<li><a href='?page_no=37000'>37000<\/a><\/li>\n\n    \n\t\n\n<li >\n\t<a href='?page_no=34116'>Next<\/a>\n\t<\/li>\n\n\n    \n\n<li><a href='?page_no=37000'>Last &rsaquo;&rsaquo;<\/a><\/li>\n\n<\/ul>\n\n\n--><br \/>\n<\/body><\/p>\n","protected":false},"excerpt":{"rendered":"<p>El PTD realizar\u00e1 asamblea en Neyba &#13; NEYBA.- El Partido de los Trabajadores Dominicanos (PTD) con la presencia de su presidente nacional, el Secretario de Estado, Jos\u00e9 Gonz\u00e1lez Espinosa, efectuar\u00e1 este domingo 10 una asamblea en esta ciudad con la finalidad de dejar organizado el comando de campa\u00f1a de la provincia Bahoruco. &#13; La informaci\u00f3n [&hellip;]<\/p>\n","protected":false},"author":3,"featured_media":0,"comment_status":"open","ping_status":"open","sticky":false,"template":"","format":"standard","meta":{"footnotes":""},"categories":[22],"tags":[],"class_list":["post-191367","post","type-post","status-publish","format-standard","hentry","category-politica"],"_links":{"self":[{"href":"https:\/\/diariodominicano.com\/index.php?rest_route=\/wp\/v2\/posts\/191367","targetHints":{"allow":["GET"]}}],"collection":[{"href":"https:\/\/diariodominicano.com\/index.php?rest_route=\/wp\/v2\/posts"}],"about":[{"href":"https:\/\/diariodominicano.com\/index.php?rest_route=\/wp\/v2\/types\/post"}],"author":[{"embeddable":true,"href":"https:\/\/diariodominicano.com\/index.php?rest_route=\/wp\/v2\/users\/3"}],"replies":[{"embeddable":true,"href":"https:\/\/diariodominicano.com\/index.php?rest_route=%2Fwp%2Fv2%2Fcomments&post=191367"}],"version-history":[{"count":0,"href":"https:\/\/diariodominicano.com\/index.php?rest_route=\/wp\/v2\/posts\/191367\/revisions"}],"wp:attachment":[{"href":"https:\/\/diariodominicano.com\/index.php?rest_route=%2Fwp%2Fv2%2Fmedia&parent=191367"}],"wp:term":[{"taxonomy":"category","embeddable":true,"href":"https:\/\/diariodominicano.com\/index.php?rest_route=%2Fwp%2Fv2%2Fcategories&post=191367"},{"taxonomy":"post_tag","embeddable":true,"href":"https:\/\/diariodominicano.com\/index.php?rest_route=%2Fwp%2Fv2%2Ftags&post=191367"}],"curies":[{"name":"wp","href":"https:\/\/api.w.org\/{rel}","templated":true}]}}