{"id":191366,"date":"2008-02-06T17:04:28","date_gmt":"2008-02-06T17:04:28","guid":{"rendered":"http:\/\/diariodominicano.ddns.net\/?p=191366"},"modified":"2008-02-06T17:04:28","modified_gmt":"2008-02-06T17:04:28","slug":"reinaldo-pared-perez-el-pld-quiere-un-pacto-para-elevar-el-debate-de-la-campana","status":"publish","type":"post","link":"https:\/\/diariodominicano.com\/?p=191366","title":{"rendered":"Reinaldo Pared P\u00e9rez: El PLD quiere un pacto para elevar el debate de la campa\u00f1a"},"content":{"rendered":"<p><body><\/p>\n<p align=\"justify\" class=\"titulogrande1\">Reinaldo  Pared P\u00e9rez: <strong>El  PLD quiere un pacto para elevar el debate de la campa\u00f1a<\/strong><\/p>\n<p>&#13;<\/p>\n<p align=\"justify\" class=\"text1noticias\"><strong><img loading=\"lazy\" decoding=\"async\" src=\"http:\/\/localhost:8080\/pictures\/reynaldo pared.jpg\" width=\"269\" height=\"296\" hspace=\"4\" align=\"left\" \/>Santo  Domingo.-<\/strong> El Secretario General del Partido de la Liberaci\u00f3n Dominicana  (PLD) se mostr\u00f3 de acuerdo con el establecimiento de un pacto entre los  partidos pol\u00edticos para elevar el nivel de debate de la presente campa\u00f1a  electoral, sustentado en un discurso positivo para el pa\u00eds.<\/p>\n<p>&#13;<\/p>\n<p align=\"justify\" class=\"text1noticias\">Reinaldo Pared P\u00e9rez, sugiri\u00f3 basar la  contienda electoral en propuestas y puso como ejemplo el proyecto de naci\u00f3n  presentado al pa\u00eds por el candidato presidencial Leonel Fern\u00e1ndez.<\/p>\n<p>&#13;<\/p>\n<p align=\"justify\" class=\"text1noticias\">Sostuvo que el inter\u00e9s de un pacto de  sociabilidad no es nuevo en el equipo de campa\u00f1a del Leonel Fern\u00e1ndez, ya que  han hecho ingentes esfuerzos para establecer un di\u00e1logo con las direcciones de  campa\u00f1a de la oposici\u00f3n, a trav\u00e9s de cartas y reuniones, con el fin de  coordinar actividades y evitar conflictos; pero que a\u00fan se esperan respuestas.<\/p>\n<p>&#13;<\/p>\n<p align=\"justify\" class=\"text1noticias\">Para que se materialice ese pacto,  explic\u00f3 Pared P\u00e9rez, es necesario que el Partido Revolucionario Dominicano  elimine de su discurso una serie de expresiones soeces, de descalificaciones y  difamaciones con las que inici\u00f3 su campa\u00f1a desde hace m\u00e1s de un a\u00f1o contra la  figura del presidente Leonel Fern\u00e1ndez y los altos dirigentes del PLD.<\/p>\n<p>&#13;<\/p>\n<p align=\"justify\" class=\"text1noticias\">Defini\u00f3 como una actitud de defensa la  reacci\u00f3n que han mostrado los miembros del Comit\u00e9 Pol\u00edtico del partido morado  ante \u201clas innumerables acusaciones\u201d de parte del presidente del PRD y el  candidato blanco. \u201cNo nos podemos quedar como simples espectadores ante la ola  de infamia dirigida hacia nosotros, con el fin de querer reducir la popularidad  del presidente Fern\u00e1ndez ante la falta de discurso coherente de ellos\u201d, agreg\u00f3.<\/p>\n<p>&#13;<\/p>\n<p align=\"justify\" class=\"text1noticias\">Entrevistado en el programa Hoy Mismo,  de Color Visi\u00f3n, Pared P\u00e9rez expres\u00f3 que luego de recibir durante 8 meses  ataques por parte del PRD, es ahora, con el inicio formal de su campa\u00f1a, que el  PLD ha salido a defenderse y que sectores de la sociedad piden que eleve el  debate.<\/p>\n<p>&#13;<\/p>\n<p align=\"justify\" class=\"text1noticias\">Asegur\u00f3 con pesar que, de seguir ese  ejercicio irresponsable de hacer pol\u00edtica de parte del partido blanco, ser\u00e1 muy  dif\u00edcil sostener un clima de di\u00e1logo y de propuestas cuando el PRD sale cada  semana con un tema de confrontaci\u00f3n diferente y con la misma particularidad de  no tener coherencia alguna.<\/p>\n<p>&#13;<\/p>\n<p align=\"justify\" class=\"text1noticias\">Aclar\u00f3 que en ning\u00fan momento el Partido  de la Liberaci\u00f3n   Dominicana ha acusado al candidato del PRD, sino \u00a0que m\u00e1s bien \u201cse le ha exigido, se le ha  emplazado a que de explicaciones\u00a0 de anomal\u00edas  detectadas durante su gesti\u00f3n en Obras P\u00fablicas\u201d.<\/p>\n<p>&#13;<\/p>\n<p align=\"justify\" class=\"text1noticias\">Pared P\u00e9rez, se\u00f1al\u00f3 al \u00a0ingeniero Ram\u00f3n Alburquerque como \u00a0\u201cel mayor propiciador de la campa\u00f1a sucia  contra el PLD, pues cada vez que habla lanza rayos y centellas contra el  partido y el gobierno, creando un ambiente hostil en el presente torneo  electoral\u201d.<\/p>\n<p>&#13;<\/p>\n<p align=\"justify\" class=\"text1noticias\"><strong>Leonel:  puntero en el Cibao<\/strong><br \/>&#13;<br \/>\n  <br \/>&#13;<br \/>\nEn otro orden, el alto dirigente del  PLD asegur\u00f3 que luego del recorrido del presidente Leonel Fern\u00e1ndez por cuatro  provincias de la zona norte, el pasado fin de semana, \u201cse ha ratificado que  sigue puntero en todas las regiones del pa\u00eds\u201d.<\/p>\n<p>&#13;<\/p>\n<p align=\"justify\" class=\"text1noticias\">Calific\u00f3 el recorrido del Mandatario  por Santiago de los Caballeros, Puerto Plata, Espaillat y Hermanas Mirabal,  como \u201cconcentraciones plebiscitarias\u201d, y a\u00f1adi\u00f3 que es inexplicable y falta a  la verdad afirmar que el candidato morado tenga un 39% en alguna provincia del  pa\u00eds.<\/p>\n<p>&#13;<\/p>\n<p align=\"justify\" class=\"text1noticias\">Dijo que como consecuencia del buen  desempe\u00f1o del gobierno ante el paso de las tormentas Olga y Noel, la  popularidad de Fern\u00e1ndez se dispar\u00f3 en El Cibao; y record\u00f3 que, espec\u00edficamente  en Santiago, el PLD gan\u00f3 las \u00faltimas elecciones municipales y congresuales,  exceptuando la sindicatura.<\/p>\n<p>&#13;<\/p>\n<p align=\"justify\" class=\"text1noticias\">Pared P\u00e9rez le rest\u00f3 importancia a los  resultados de una encuesta reciente, hecha en la zona del Cibao, que colocan a  Fern\u00e1ndez por debajo del candidato del PRD; y record\u00f3 que esa misma firma  encuestadora pronostic\u00f3 su derrota como aspirante a senador por el Distrito  Nacional, pero el PLD logr\u00f3 la senadur\u00eda con un alto porcentaje.<\/p>\n<p>&#13;<\/p>\n<h6> 2008-02-06 17:04:28 <\/h6>\n<p><!--\n<link rel=\"stylesheet\" href=\"css\/bootstrap.min.css\">\n\n\n<ul class=\"pagination\">\n\t    \n\t\n\n<li >\n\t<a href='?page_no=34113'>Previous<\/a>\n\t<\/li>\n\n\n       \n    \n\n<li><a href='?page_no=1'>1<\/a><\/li>\n\n\n\n<li><a href='?page_no=2'>2<\/a><\/li>\n\n\n\n<li><a>...<\/a><\/li>\n\n\n\n<li><a href='?page_no=34112'>34112<\/a><\/li>\n\n\n\n<li><a href='?page_no=34113'>34113<\/a><\/li>\n\n\n\n<li class='active'><a>34114<\/a><\/li>\n\n\n\n<li><a href='?page_no=34115'>34115<\/a><\/li>\n\n\n\n<li><a href='?page_no=34116'>34116<\/a><\/li>\n\n\n\n<li><a>...<\/a><\/li>\n\n\n\n<li><a href='?page_no=36999'>36999<\/a><\/li>\n\n\n\n<li><a href='?page_no=37000'>37000<\/a><\/li>\n\n    \n\t\n\n<li >\n\t<a href='?page_no=34115'>Next<\/a>\n\t<\/li>\n\n\n    \n\n<li><a href='?page_no=37000'>Last &rsaquo;&rsaquo;<\/a><\/li>\n\n<\/ul>\n\n\n--><br \/>\n<\/body><\/p>\n","protected":false},"excerpt":{"rendered":"<p>Reinaldo Pared P\u00e9rez: El PLD quiere un pacto para elevar el debate de la campa\u00f1a &#13; Santo Domingo.- El Secretario General del Partido de la Liberaci\u00f3n Dominicana (PLD) se mostr\u00f3 de acuerdo con el establecimiento de un pacto entre los partidos pol\u00edticos para elevar el nivel de debate de la presente campa\u00f1a electoral, sustentado en [&hellip;]<\/p>\n","protected":false},"author":3,"featured_media":0,"comment_status":"open","ping_status":"open","sticky":false,"template":"","format":"standard","meta":{"footnotes":""},"categories":[22],"tags":[],"class_list":["post-191366","post","type-post","status-publish","format-standard","hentry","category-politica"],"_links":{"self":[{"href":"https:\/\/diariodominicano.com\/index.php?rest_route=\/wp\/v2\/posts\/191366","targetHints":{"allow":["GET"]}}],"collection":[{"href":"https:\/\/diariodominicano.com\/index.php?rest_route=\/wp\/v2\/posts"}],"about":[{"href":"https:\/\/diariodominicano.com\/index.php?rest_route=\/wp\/v2\/types\/post"}],"author":[{"embeddable":true,"href":"https:\/\/diariodominicano.com\/index.php?rest_route=\/wp\/v2\/users\/3"}],"replies":[{"embeddable":true,"href":"https:\/\/diariodominicano.com\/index.php?rest_route=%2Fwp%2Fv2%2Fcomments&post=191366"}],"version-history":[{"count":0,"href":"https:\/\/diariodominicano.com\/index.php?rest_route=\/wp\/v2\/posts\/191366\/revisions"}],"wp:attachment":[{"href":"https:\/\/diariodominicano.com\/index.php?rest_route=%2Fwp%2Fv2%2Fmedia&parent=191366"}],"wp:term":[{"taxonomy":"category","embeddable":true,"href":"https:\/\/diariodominicano.com\/index.php?rest_route=%2Fwp%2Fv2%2Fcategories&post=191366"},{"taxonomy":"post_tag","embeddable":true,"href":"https:\/\/diariodominicano.com\/index.php?rest_route=%2Fwp%2Fv2%2Ftags&post=191366"}],"curies":[{"name":"wp","href":"https:\/\/api.w.org\/{rel}","templated":true}]}}