{"id":191362,"date":"2008-02-07T02:53:08","date_gmt":"2008-02-07T02:53:08","guid":{"rendered":"http:\/\/diariodominicano.ddns.net\/?p=191362"},"modified":"2008-02-07T02:53:08","modified_gmt":"2008-02-07T02:53:08","slug":"prsc-reitera-sometera-a-la-justicia-a-responsable-desague-tavera","status":"publish","type":"post","link":"https:\/\/diariodominicano.com\/?p=191362","title":{"rendered":"PRSC reitera someter\u00e1 a la justicia a responsable desag\u00fce Tavera"},"content":{"rendered":"<p><body><\/p>\n<p class=\"titulogrande1\"><strong>PRSC reitera someter\u00e1 a la justicia a responsable  desag\u00fce Tavera<\/strong><\/p>\n<p>&#13;<\/p>\n<p><strong>Anuncia respaldo a candidatura a rector\u00eda Franklin  Garc\u00eda Ferm\u00edn en la UASD<\/strong><\/p>\n<p>&#13;<\/p>\n<p align=\"justify\" class=\"text1noticias\"><strong><img loading=\"lazy\" decoding=\"async\" src=\"http:\/\/localhost:8080\/pictures\/comisionprsc.jpg\" width=\"269\" height=\"205\" hspace=\"4\" align=\"left\" \/>Santo Domingo.-<\/strong> La Comisi\u00f3n Pol\u00edtica del PRSC  reunida en Santiago decidi\u00f3 someter a la justicia la pr\u00f3xima semana a los  responsables del desag\u00fce criminal del complejo de presas Tavera-Bao que provoc\u00f3  la perdida de m\u00e1s de cien vidas humanas, dos mil familias damnificadas y arras\u00f3  con unas trescientos mil tareas de cultivos en la l\u00ednea noroeste.<\/p>\n<p>&#13;<\/p>\n<p align=\"justify\" class=\"text1noticias\">La Comisi\u00f3n Pol\u00edtica  adem\u00e1s conoci\u00f3 los informes del Secretariado Nacional de Organizaci\u00f3n Jos\u00e9  Osvaldo Leger, de asuntos electorales Joaqu\u00edn Ricardo y de finanzas que dirige  el Ing. Tony Garc\u00eda Santos, adem\u00e1s del cronograma de actividades de  febrero-marzo presento por el coordinador de campa\u00f1a Rogelio Genao.<\/p>\n<p>&#13;<\/p>\n<p align=\"justify\" class=\"text1noticias\">La Comisi\u00f3n Pol\u00edtica del PRSC  decidi\u00f3 respaldar las aspiraciones a la rector\u00eda de la UASD al Dr. Franklin Garc\u00eda  Ferm\u00edn y encomend\u00f3 al Lic. Amable Aristy Castro candidato presidencial de esa  organizaci\u00f3n, expresar p\u00fablicamente este respaldo en un acto en la  vice-rector\u00eda de la Universidad Primada  de Am\u00e9rica en una acto ma\u00f1ana a las 10:00 AM.<\/p>\n<p>&#13;<\/p>\n<p align=\"justify\" class=\"text1noticias\">Durante la reuni\u00f3n, el candidato Aristy  Castro inform\u00f3 los avances de su candidatura y de los m\u00e1s trescientos de  movimientos externos que se han conformando para respaldarla,\u00a0 dijo que el pr\u00f3ximo 15 de febrero se  presentar\u00e1 la coordinadora nacional sector externo y anunci\u00f3 que en los  pr\u00f3ximos d\u00edas se seguir\u00e1n sumando prominentes dirigentes del PRD y del PLD  inclusive actuales funcionarios de la administraci\u00f3n del Dr. Fern\u00e1ndez.<\/p>\n<p>&#13;<\/p>\n<p align=\"justify\" class=\"text1noticias\">Aristy Castro tambi\u00e9n defini\u00f3 el informe  del FMI como la prueba de que este es el gobierno de la mentira, de la  simulaci\u00f3n y la falsedad, dijo que los funcionarios falsifican sus propios n\u00fameros  y alteran las cuentas p\u00fablicas \u201csi hacen eso con las estad\u00edsticas p\u00fablicas que  no har\u00e1n con las encuesta de preferencia electoral\u201d.<\/p>\n<p>&#13;<\/p>\n<p align=\"justify\" class=\"text1noticias\">Advirti\u00f3  que el permitir que concluyera el acuerdo con el FMI sin renegociar un nuevo  acuerdo con dicho organismo, es una irresponsabilidad que le va a salir muy  cara al pueblo dominicano y que el anuncio de que el equipo econ\u00f3mico del  gobierno iniciar\u00e1 una nueva negociaci\u00f3n con el Fondo no es mas que una t\u00e1ctica dilatoria  para poderse manejar sin ning\u00fan \u00a0control  en el proceso electoral, concluyo Aristy Castro.<\/p>\n<p>&#13;<\/p>\n<p align=\"justify\" class=\"text1noticias\">A la reuni\u00f3n de \u00a0Comisi\u00f3n Pol\u00edtica del PRSC, asistieron \u00a0adem\u00e1s de Amable Aristy, Ram\u00f3n Rogelio Genao,  los se\u00f1ores Jos\u00e9 Enrique Sued, M\u00e1ximo Castro Silverio, Marino Collante, Pedro  Bret\u00f3n, Ram\u00f3n P\u00e9rez Mart\u00ednez, Rafaela Alburquerque, Mar\u00eda Rosa Belliard, Ito  Bison\u00f3, Joaqu\u00edn Ricardo, V\u00edctor Garc\u00eda Sued entre otros miembros de esa alta  instancia, as\u00ed como algunos invitados especiales.<\/p>\n<p>&#13;<\/p>\n<h6> 2008-02-07 02:53:08 <\/h6>\n<p><!--\n<link rel=\"stylesheet\" href=\"css\/bootstrap.min.css\">\n\n\n<ul class=\"pagination\">\n\t    \n\t\n\n<li >\n\t<a href='?page_no=34109'>Previous<\/a>\n\t<\/li>\n\n\n       \n    \n\n<li><a href='?page_no=1'>1<\/a><\/li>\n\n\n\n<li><a href='?page_no=2'>2<\/a><\/li>\n\n\n\n<li><a>...<\/a><\/li>\n\n\n\n<li><a href='?page_no=34108'>34108<\/a><\/li>\n\n\n\n<li><a href='?page_no=34109'>34109<\/a><\/li>\n\n\n\n<li class='active'><a>34110<\/a><\/li>\n\n\n\n<li><a href='?page_no=34111'>34111<\/a><\/li>\n\n\n\n<li><a href='?page_no=34112'>34112<\/a><\/li>\n\n\n\n<li><a>...<\/a><\/li>\n\n\n\n<li><a href='?page_no=36999'>36999<\/a><\/li>\n\n\n\n<li><a href='?page_no=37000'>37000<\/a><\/li>\n\n    \n\t\n\n<li >\n\t<a href='?page_no=34111'>Next<\/a>\n\t<\/li>\n\n\n    \n\n<li><a href='?page_no=37000'>Last &rsaquo;&rsaquo;<\/a><\/li>\n\n<\/ul>\n\n\n--><br \/>\n<\/body><\/p>\n","protected":false},"excerpt":{"rendered":"<p>PRSC reitera someter\u00e1 a la justicia a responsable desag\u00fce Tavera &#13; Anuncia respaldo a candidatura a rector\u00eda Franklin Garc\u00eda Ferm\u00edn en la UASD &#13; Santo Domingo.- La Comisi\u00f3n Pol\u00edtica del PRSC reunida en Santiago decidi\u00f3 someter a la justicia la pr\u00f3xima semana a los responsables del desag\u00fce criminal del complejo de presas Tavera-Bao que provoc\u00f3 [&hellip;]<\/p>\n","protected":false},"author":3,"featured_media":0,"comment_status":"open","ping_status":"open","sticky":false,"template":"","format":"standard","meta":{"footnotes":""},"categories":[22],"tags":[],"class_list":["post-191362","post","type-post","status-publish","format-standard","hentry","category-politica"],"_links":{"self":[{"href":"https:\/\/diariodominicano.com\/index.php?rest_route=\/wp\/v2\/posts\/191362","targetHints":{"allow":["GET"]}}],"collection":[{"href":"https:\/\/diariodominicano.com\/index.php?rest_route=\/wp\/v2\/posts"}],"about":[{"href":"https:\/\/diariodominicano.com\/index.php?rest_route=\/wp\/v2\/types\/post"}],"author":[{"embeddable":true,"href":"https:\/\/diariodominicano.com\/index.php?rest_route=\/wp\/v2\/users\/3"}],"replies":[{"embeddable":true,"href":"https:\/\/diariodominicano.com\/index.php?rest_route=%2Fwp%2Fv2%2Fcomments&post=191362"}],"version-history":[{"count":0,"href":"https:\/\/diariodominicano.com\/index.php?rest_route=\/wp\/v2\/posts\/191362\/revisions"}],"wp:attachment":[{"href":"https:\/\/diariodominicano.com\/index.php?rest_route=%2Fwp%2Fv2%2Fmedia&parent=191362"}],"wp:term":[{"taxonomy":"category","embeddable":true,"href":"https:\/\/diariodominicano.com\/index.php?rest_route=%2Fwp%2Fv2%2Fcategories&post=191362"},{"taxonomy":"post_tag","embeddable":true,"href":"https:\/\/diariodominicano.com\/index.php?rest_route=%2Fwp%2Fv2%2Ftags&post=191362"}],"curies":[{"name":"wp","href":"https:\/\/api.w.org\/{rel}","templated":true}]}}