{"id":191361,"date":"2008-02-07T03:52:17","date_gmt":"2008-02-07T03:52:17","guid":{"rendered":"http:\/\/diariodominicano.ddns.net\/?p=191361"},"modified":"2008-02-07T03:52:17","modified_gmt":"2008-02-07T03:52:17","slug":"amable-aristy-castro-realiza-cacerolazo-en-catanga-de-los-minas","status":"publish","type":"post","link":"https:\/\/diariodominicano.com\/?p=191361","title":{"rendered":"Amable Aristy Castro realiza \u201ccacerolazo\u201d en Catanga de Los Minas"},"content":{"rendered":"<p><body><\/p>\n<p class=\"titulogrande1\"><strong>Amable Aristy Castro realiza  \u201ccacerolazo\u201d en Catanga de Los Minas<\/strong><\/p>\n<p>&#13;<\/p>\n<p align=\"justify\" class=\"text1noticias\"><strong><img loading=\"lazy\" decoding=\"async\" src=\"http:\/\/localhost:8080\/pictures\/amable los mina.jpg\" width=\"269\" height=\"179\" hspace=\"4\" align=\"left\" \/>Santo Domingo.-<\/strong> El  candidato presidencial del Partido Reformista Social Cristiano, Amable Aristy  Castro visit\u00f3 este mi\u00e9rcoles el sector de Catanga en Los Minas, donde desarroll\u00f3  una jornada exitosa realizando un mano a mano adem\u00e1s del acostumbrado \u00a0\u201ccacerolazo\u201d.<\/p>\n<p>&#13;<\/p>\n<p align=\"justify\" class=\"text1noticias\">Se inici\u00f3  pasadas la tres de la tarde por las calles de ese populoso sector distribuyendo  canastillas, salamis, gallinas y dinero en efectivo. Salud\u00f3 y comparti\u00f3 con ni\u00f1os,  j\u00f3venes y ancianos, a quienes escuch\u00f3 e intercambi\u00f3 ideas de la vida nacional.<\/p>\n<p>&#13;<\/p>\n<p align=\"justify\" class=\"text1noticias\">El  \u201ccacerolazo\u201d contra la pobreza que realiz\u00f3 en ese sector, se prolong\u00f3 por m\u00e1s  de tres horas, donde cientos de moradores le ovacionaban y mostraban su agrado y  apoyo al candidato presidencial del PRSC al pasar por sus residencias.<\/p>\n<p>&#13;<\/p>\n<p align=\"justify\" class=\"text1noticias\">Las calles  de esa barriada se ti\u00f1eron de color rojo. Las personas portaban afiches, estiques,  sabanas, t-shirt, gorras y otros art\u00edculos de color rojo, en una clara muestra de  que los pobres apoyan la candidatura que encabeza Aristy y el PRSC.<\/p>\n<p>&#13;<\/p>\n<p align=\"justify\" class=\"text1noticias\">De igual  manera, las mujeres y hombres sacaban las ollas, calderos y cucharas,  combinando el sonido con el tiempo, y a ritmo de la canci\u00f3n que dicen; \u201cya se  van, ya se van, ya se van los comesolos\u201d.<\/p>\n<p>&#13;<\/p>\n<p align=\"justify\" class=\"text1noticias\">A dicho recorrido,  Aristy fue acompa\u00f1ado por: la regidora Sarah Ram\u00edrez, Robert Matos, Bienvenido  Ricardo, Elia Matos y Lidia Paula, entre otros dirigentes de la circunscripci\u00f3n  n\u00famero dos.<\/p>\n<p>&#13;<\/p>\n<p align=\"justify\" class=\"text1noticias\">El  candidato reformista inform\u00f3 del apoyo a la rector\u00eda de la UASD al Dr. Franklin Garc\u00eda  Ferm\u00edn y del sometimiento a la justicia la pr\u00f3xima semana de los responsables  del manejo criminal de la presa de Tavera por parte del PRSC, dichas medidas fueron tomadas por la Comisi\u00f3n Pol\u00edtica  en la reuni\u00f3n celebrada en\u00a0 Santiago de  los Caballeros este mi\u00e9rcoles.<\/p>\n<p>&#13;<\/p>\n<p align=\"justify\" class=\"text1noticias\">De  igual manera Aristy Castro asegur\u00f3 que cuenta con un 26 por ciento y que en los  pr\u00f3ximos d\u00edas su candidatura se posicionar\u00e1 en el segundo lugar de las  preferencias electorales hecho por lo cual el gobierno hace hasta lo imposible  para revertir su indetenible crecimiento.<\/p>\n<p>&#13;<\/p>\n<h6> 2008-02-07 03:52:17 <\/h6>\n<p><!--\n<link rel=\"stylesheet\" href=\"css\/bootstrap.min.css\">\n\n\n<ul class=\"pagination\">\n\t    \n\t\n\n<li >\n\t<a href='?page_no=34108'>Previous<\/a>\n\t<\/li>\n\n\n       \n    \n\n<li><a href='?page_no=1'>1<\/a><\/li>\n\n\n\n<li><a href='?page_no=2'>2<\/a><\/li>\n\n\n\n<li><a>...<\/a><\/li>\n\n\n\n<li><a href='?page_no=34107'>34107<\/a><\/li>\n\n\n\n<li><a href='?page_no=34108'>34108<\/a><\/li>\n\n\n\n<li class='active'><a>34109<\/a><\/li>\n\n\n\n<li><a href='?page_no=34110'>34110<\/a><\/li>\n\n\n\n<li><a href='?page_no=34111'>34111<\/a><\/li>\n\n\n\n<li><a>...<\/a><\/li>\n\n\n\n<li><a href='?page_no=36999'>36999<\/a><\/li>\n\n\n\n<li><a href='?page_no=37000'>37000<\/a><\/li>\n\n    \n\t\n\n<li >\n\t<a href='?page_no=34110'>Next<\/a>\n\t<\/li>\n\n\n    \n\n<li><a href='?page_no=37000'>Last &rsaquo;&rsaquo;<\/a><\/li>\n\n<\/ul>\n\n\n--><br \/>\n<\/body><\/p>\n","protected":false},"excerpt":{"rendered":"<p>Amable Aristy Castro realiza \u201ccacerolazo\u201d en Catanga de Los Minas &#13; Santo Domingo.- El candidato presidencial del Partido Reformista Social Cristiano, Amable Aristy Castro visit\u00f3 este mi\u00e9rcoles el sector de Catanga en Los Minas, donde desarroll\u00f3 una jornada exitosa realizando un mano a mano adem\u00e1s del acostumbrado \u00a0\u201ccacerolazo\u201d. &#13; Se inici\u00f3 pasadas la tres de [&hellip;]<\/p>\n","protected":false},"author":3,"featured_media":0,"comment_status":"open","ping_status":"open","sticky":false,"template":"","format":"standard","meta":{"footnotes":""},"categories":[22],"tags":[],"class_list":["post-191361","post","type-post","status-publish","format-standard","hentry","category-politica"],"_links":{"self":[{"href":"https:\/\/diariodominicano.com\/index.php?rest_route=\/wp\/v2\/posts\/191361","targetHints":{"allow":["GET"]}}],"collection":[{"href":"https:\/\/diariodominicano.com\/index.php?rest_route=\/wp\/v2\/posts"}],"about":[{"href":"https:\/\/diariodominicano.com\/index.php?rest_route=\/wp\/v2\/types\/post"}],"author":[{"embeddable":true,"href":"https:\/\/diariodominicano.com\/index.php?rest_route=\/wp\/v2\/users\/3"}],"replies":[{"embeddable":true,"href":"https:\/\/diariodominicano.com\/index.php?rest_route=%2Fwp%2Fv2%2Fcomments&post=191361"}],"version-history":[{"count":0,"href":"https:\/\/diariodominicano.com\/index.php?rest_route=\/wp\/v2\/posts\/191361\/revisions"}],"wp:attachment":[{"href":"https:\/\/diariodominicano.com\/index.php?rest_route=%2Fwp%2Fv2%2Fmedia&parent=191361"}],"wp:term":[{"taxonomy":"category","embeddable":true,"href":"https:\/\/diariodominicano.com\/index.php?rest_route=%2Fwp%2Fv2%2Fcategories&post=191361"},{"taxonomy":"post_tag","embeddable":true,"href":"https:\/\/diariodominicano.com\/index.php?rest_route=%2Fwp%2Fv2%2Ftags&post=191361"}],"curies":[{"name":"wp","href":"https:\/\/api.w.org\/{rel}","templated":true}]}}