{"id":191355,"date":"2008-02-07T21:14:44","date_gmt":"2008-02-07T21:14:44","guid":{"rendered":"http:\/\/diariodominicano.ddns.net\/?p=191355"},"modified":"2008-02-07T21:14:44","modified_gmt":"2008-02-07T21:14:44","slug":"el-candidato-del-pri-considera-que-el-estado-dominicano-debe-colocar-a-la-educacion-superior-en-el-sitial-que-merece","status":"publish","type":"post","link":"https:\/\/diariodominicano.com\/?p=191355","title":{"rendered":"El Candidato del PRI considera que el Estado dominicano debe colocar a la educaci\u00f3n superior en el sitial que merece"},"content":{"rendered":"<p><body><\/p>\n<p class=\"titulogrande1\"><strong>El Candidato del PRI considera que el  Estado dominicano debe colocar a la educaci\u00f3n superior en el sitial que merece<\/strong><\/p>\n<p>&#13;<\/p>\n<p align=\"justify\" class=\"text1noticias\"><strong>SANTO  DOMINGO.-<\/strong> El candidato presidencial del Partido Revolucionario Independiente  (PRI), Trajano Santana, \u00a0consider\u00f3 este  jueves que el Estado dominicano debe colocar a la educaci\u00f3n superior en el  sitial que merece y asegur\u00f3 que, de ganar las elecciones del 16 de mayo, invertir\u00e1  el cuatro por ciento del Producto  Interno Bruto (PBI) a ese sector.<\/p>\n<p>&#13;<\/p>\n<p align=\"justify\" class=\"text1noticias\">El  candidato del PRI dijo que la Educaci\u00f3n   Superior est\u00e1 llamada a jugar un papel determinante en el  desarrollo social y el crecimiento econ\u00f3mico de la Rep\u00fablica Dominicana.<\/p>\n<p>&#13;<\/p>\n<p align=\"justify\" class=\"text1noticias\">En  un despacho de prensa, Santana afirm\u00f3 que convertir\u00e1 la secretar\u00eda de Educaci\u00f3n  Superior en una instituci\u00f3n eficaz, que garantice la interconexi\u00f3n de las  universidades del pa\u00eds, para que las carreras que oferten al estudiantado se  correspondan con las necesidades de desarrollo nacional.<\/p>\n<p>&#13;<\/p>\n<p align=\"justify\" class=\"text1noticias\">Expres\u00f3  sus consideraciones durante una ponencia en la Universidad APECE,  en la que expuso el contenido del Programa de Gobierno del PRI, de cara a  las\u00a0 elecciones del pr\u00f3ximo 16 de mayo.<\/p>\n<p>&#13;<\/p>\n<p align=\"justify\" class=\"text1noticias\">\u201cEntendemos  que la educaci\u00f3n superior debe ser abordada como parte de una propuesta de naci\u00f3n  y una estrategia de desarrollo integrar del pa\u00eds, que responda a sus  requerimientos de corto, mediano y largo plazo\u201d, expres\u00f3 Santana.<\/p>\n<p>&#13;<\/p>\n<p align=\"justify\" class=\"text1noticias\">El  aspirante a la presidencia de la   Rep\u00fablica consider\u00f3 imprescindible  \u201cinterconectar los sectores productivos nacionales con los centros de formaci\u00f3n  y educaci\u00f3n superior, mediante programas conjuntos de investigaci\u00f3n, innovaci\u00f3n  y desarrollo de nuevas tecnolog\u00edas y conocimientos aplicados a la actividad  productiva\u201d.<\/p>\n<p>&#13;<\/p>\n<p align=\"justify\" class=\"text1noticias\">Indic\u00f3  que promover\u00e1 una profunda transformaci\u00f3n curricular en las universidades y los  centros de educaci\u00f3n superior, en correspondencia con la demanda de  profesionales del mercado nacional e internacional, de un mercado globalizado.<\/p>\n<p>&#13;<\/p>\n<p align=\"justify\" class=\"text1noticias\">Asimismo,  explic\u00f3 el documento, prometi\u00f3 redise\u00f1ar el tiempo de duraci\u00f3n de las carreras  universitarias, de manera que esos centros de ense\u00f1anza tengan egresados en un per\u00edodo  de tres y cuatro a\u00f1os.<\/p>\n<p>&#13;<\/p>\n<p align=\"justify\" class=\"text1noticias\">Plante\u00f3  que Santana prometi\u00f3, tambi\u00e9n, establecer como pasant\u00eda de los egresados  universitarios la ejecuci\u00f3n de programas de alfabetizaci\u00f3n a nivel nacional, en  su lucha contra el analfabetismo.<\/p>\n<p>&#13;<\/p>\n<p align=\"justify\" class=\"text1noticias\">\u201cAdem\u00e1s,  promover la expansi\u00f3n del sistema de educaci\u00f3n superior, para que los recintos  universitarios contribuyan con el desarrollo de las comunidades urbanas y  rurales\u201d, puntualiz\u00f3 el documento del PRI.<\/p>\n<p>&#13;<\/p>\n<h6> 2008-02-07 21:14:44 <\/h6>\n<p><!--\n<link rel=\"stylesheet\" href=\"css\/bootstrap.min.css\">\n\n\n<ul class=\"pagination\">\n\t    \n\t\n\n<li >\n\t<a href='?page_no=34102'>Previous<\/a>\n\t<\/li>\n\n\n       \n    \n\n<li><a href='?page_no=1'>1<\/a><\/li>\n\n\n\n<li><a href='?page_no=2'>2<\/a><\/li>\n\n\n\n<li><a>...<\/a><\/li>\n\n\n\n<li><a href='?page_no=34101'>34101<\/a><\/li>\n\n\n\n<li><a href='?page_no=34102'>34102<\/a><\/li>\n\n\n\n<li class='active'><a>34103<\/a><\/li>\n\n\n\n<li><a href='?page_no=34104'>34104<\/a><\/li>\n\n\n\n<li><a href='?page_no=34105'>34105<\/a><\/li>\n\n\n\n<li><a>...<\/a><\/li>\n\n\n\n<li><a href='?page_no=36999'>36999<\/a><\/li>\n\n\n\n<li><a href='?page_no=37000'>37000<\/a><\/li>\n\n    \n\t\n\n<li >\n\t<a href='?page_no=34104'>Next<\/a>\n\t<\/li>\n\n\n    \n\n<li><a href='?page_no=37000'>Last &rsaquo;&rsaquo;<\/a><\/li>\n\n<\/ul>\n\n\n--><br \/>\n<\/body><\/p>\n","protected":false},"excerpt":{"rendered":"<p>El Candidato del PRI considera que el Estado dominicano debe colocar a la educaci\u00f3n superior en el sitial que merece &#13; SANTO DOMINGO.- El candidato presidencial del Partido Revolucionario Independiente (PRI), Trajano Santana, \u00a0consider\u00f3 este jueves que el Estado dominicano debe colocar a la educaci\u00f3n superior en el sitial que merece y asegur\u00f3 que, de [&hellip;]<\/p>\n","protected":false},"author":3,"featured_media":0,"comment_status":"open","ping_status":"open","sticky":false,"template":"","format":"standard","meta":{"footnotes":""},"categories":[22],"tags":[],"class_list":["post-191355","post","type-post","status-publish","format-standard","hentry","category-politica"],"_links":{"self":[{"href":"https:\/\/diariodominicano.com\/index.php?rest_route=\/wp\/v2\/posts\/191355","targetHints":{"allow":["GET"]}}],"collection":[{"href":"https:\/\/diariodominicano.com\/index.php?rest_route=\/wp\/v2\/posts"}],"about":[{"href":"https:\/\/diariodominicano.com\/index.php?rest_route=\/wp\/v2\/types\/post"}],"author":[{"embeddable":true,"href":"https:\/\/diariodominicano.com\/index.php?rest_route=\/wp\/v2\/users\/3"}],"replies":[{"embeddable":true,"href":"https:\/\/diariodominicano.com\/index.php?rest_route=%2Fwp%2Fv2%2Fcomments&post=191355"}],"version-history":[{"count":0,"href":"https:\/\/diariodominicano.com\/index.php?rest_route=\/wp\/v2\/posts\/191355\/revisions"}],"wp:attachment":[{"href":"https:\/\/diariodominicano.com\/index.php?rest_route=%2Fwp%2Fv2%2Fmedia&parent=191355"}],"wp:term":[{"taxonomy":"category","embeddable":true,"href":"https:\/\/diariodominicano.com\/index.php?rest_route=%2Fwp%2Fv2%2Fcategories&post=191355"},{"taxonomy":"post_tag","embeddable":true,"href":"https:\/\/diariodominicano.com\/index.php?rest_route=%2Fwp%2Fv2%2Ftags&post=191355"}],"curies":[{"name":"wp","href":"https:\/\/api.w.org\/{rel}","templated":true}]}}