{"id":191352,"date":"2008-02-08T01:02:17","date_gmt":"2008-02-08T01:02:17","guid":{"rendered":"http:\/\/diariodominicano.ddns.net\/?p=191352"},"modified":"2008-02-08T01:02:17","modified_gmt":"2008-02-08T01:02:17","slug":"el-dr-guillermo-moreno-reclama-el-boschismo-historico-ante-el-balaguerismo-de-lf","status":"publish","type":"post","link":"https:\/\/diariodominicano.com\/?p=191352","title":{"rendered":"El Dr. Guillermo Moreno reclama el Boschismo hist\u00f3rico ante el balaguerismo de LF"},"content":{"rendered":"<p><body><\/p>\n<p align=\"justify\" class=\"titulogrande1\">El Dr. Guillermo Moreno reclama el Boschismo hist\u00f3rico ante el balaguerismo de LF<\/p>\n<p>&#13;<\/p>\n<p align=\"justify\" class=\"text1noticias\"><strong><img loading=\"lazy\" decoding=\"async\" src=\"http:\/\/localhost:8080\/pictures\/guillermo moreno.jpg\" width=\"269\" height=\"189\" hspace=\"4\" align=\"left\" \/>Santo Domingo.-<\/strong> El Dr. Guillermo Moreno aclara que sus criticas a la adscripci\u00f3n del presidente Leonel Fern\u00e1ndez al \u00abbalaguerismo hist\u00f3rico\u00bb no persiguen denostar la figura del ex presidente Balaguer, \u00abque ya muri\u00f3\u00bb, sino reclamar la vigencia del \u00abboschismo hist\u00f3rico\u00bb en esta coyuntura de cambio donde tantas concepciones del pasado han sido superadas.<\/p>\n<p>&#13;<\/p>\n<p align=\"justify\" class=\"text1noticias\">\u00abPor esto es que decimos que Leonel Fern\u00e1ndez ya representa el retroceso, porque est\u00e1 retomando un modelo que la sociedad ya super\u00f3, a un alto costo para nuestra democracia\u00bb, afirm\u00f3 Moreno.<\/p>\n<p>&#13;<\/p>\n<p align=\"justify\" class=\"text1noticias\">Lo que Fern\u00e1ndez est\u00e1 reclamando de Balaguer, sigui\u00f3 diciendo el candidato del MIUCA y de la Convergencia, es el modelo reeleccionista que conduce al envilecimiento de las instituciones, al personalismo rastrero, al nepotismo desvergonzado, a la cooptaci\u00f3n forzosa de los comunicadores y de los medios para que no realicen su funci\u00f3n de manera independiente y objetiva.<\/p>\n<p>&#13;<\/p>\n<p align=\"justify\" class=\"text1noticias\">\u00abEn nuestro pensamiento y pr\u00e1ctica esta vivo y presente el boschismo hist\u00f3rico\u00bb, reiter\u00f3 Moreno para llamar a rescatar el legado y la herencia de Bosch, que a su juicio debe preservarse como la mejor escuela pol\u00edtica que han tenido los dominicanos en su historia.<\/p>\n<p>&#13;<\/p>\n<p align=\"justify\" class=\"text1noticias\">\u00abNo queremos robarle al PLD la memoria de Bosch, como Leonel Fern\u00e1ndez trata de apoderarse de la herencia de Balaguer y despojar a los reformistas\u00bb. Dijo.<\/p>\n<p>&#13;<\/p>\n<p align=\"justify\" class=\"text1noticias\">\u00abNosotros pensamos que todav\u00eda en el PLD existen reservas ideol\u00f3gicas y pol\u00edticas que se indignan ante situaciones como la creada por el s\u00fabito enriquecimiento de Alejandrina Germ\u00e1n, que se repite con buena parte de la c\u00fapula morada\u00bb, agreg\u00f3.<\/p>\n<p>&#13;<\/p>\n<p align=\"justify\" class=\"text1noticias\">\u00abApreciamos como ejemplarizadoras las actitudes de dirigentes, cuadros y simples miembros de ese partido que se niegan a ser avasallados por el dinero corruptor, entre los que destacamos la ejemplar resistencia de Danilo Medina ante la arrogancia del poder\u00bb, indic\u00f3.<\/p>\n<p>&#13;<\/p>\n<p align=\"justify\" class=\"text1noticias\">\u00abSabemos que muchos leonelistas hoy se aproximan a Danilo, arrepentidos por el s\u00edndrome reeleccionista, y principalmente por la verg\u00fcenza de ver a Leonel Fern\u00e1ndez renunciar a su propio legado\u00bb, afirmo el jurista.<\/p>\n<p>&#13;<\/p>\n<p align=\"justify\" class=\"text1noticias\">Moreno afirma que este pueblo que expres\u00f3 un rechazo contundente al gobierno de Hip\u00f3lito Mej\u00eda, que lo hundi\u00f3 en el abismo cuando se apart\u00f3 de su ra\u00edces  para arrojarse en brazos de la acumulaci\u00f3n desenfrenada en base a la corrupci\u00f3n, tambi\u00e9n sabr\u00e1 que este es el momento de ejercer un voto positivo y de compromiso, que construya condiciones para el cambio.<br \/>&#13;\n<\/p>\n<p>&#13;<\/p>\n<h6> 2008-02-08 01:02:17 <\/h6>\n<p><!--\n<link rel=\"stylesheet\" href=\"css\/bootstrap.min.css\">\n\n\n<ul class=\"pagination\">\n\t    \n\t\n\n<li >\n\t<a href='?page_no=34099'>Previous<\/a>\n\t<\/li>\n\n\n       \n    \n\n<li><a href='?page_no=1'>1<\/a><\/li>\n\n\n\n<li><a href='?page_no=2'>2<\/a><\/li>\n\n\n\n<li><a>...<\/a><\/li>\n\n\n\n<li><a href='?page_no=34098'>34098<\/a><\/li>\n\n\n\n<li><a href='?page_no=34099'>34099<\/a><\/li>\n\n\n\n<li class='active'><a>34100<\/a><\/li>\n\n\n\n<li><a href='?page_no=34101'>34101<\/a><\/li>\n\n\n\n<li><a href='?page_no=34102'>34102<\/a><\/li>\n\n\n\n<li><a>...<\/a><\/li>\n\n\n\n<li><a href='?page_no=36999'>36999<\/a><\/li>\n\n\n\n<li><a href='?page_no=37000'>37000<\/a><\/li>\n\n    \n\t\n\n<li >\n\t<a href='?page_no=34101'>Next<\/a>\n\t<\/li>\n\n\n    \n\n<li><a href='?page_no=37000'>Last &rsaquo;&rsaquo;<\/a><\/li>\n\n<\/ul>\n\n\n--><br \/>\n<\/body><\/p>\n","protected":false},"excerpt":{"rendered":"<p>El Dr. Guillermo Moreno reclama el Boschismo hist\u00f3rico ante el balaguerismo de LF &#13; Santo Domingo.- El Dr. Guillermo Moreno aclara que sus criticas a la adscripci\u00f3n del presidente Leonel Fern\u00e1ndez al \u00abbalaguerismo hist\u00f3rico\u00bb no persiguen denostar la figura del ex presidente Balaguer, \u00abque ya muri\u00f3\u00bb, sino reclamar la vigencia del \u00abboschismo hist\u00f3rico\u00bb en esta [&hellip;]<\/p>\n","protected":false},"author":3,"featured_media":0,"comment_status":"open","ping_status":"open","sticky":false,"template":"","format":"standard","meta":{"footnotes":""},"categories":[22],"tags":[],"class_list":["post-191352","post","type-post","status-publish","format-standard","hentry","category-politica"],"_links":{"self":[{"href":"https:\/\/diariodominicano.com\/index.php?rest_route=\/wp\/v2\/posts\/191352","targetHints":{"allow":["GET"]}}],"collection":[{"href":"https:\/\/diariodominicano.com\/index.php?rest_route=\/wp\/v2\/posts"}],"about":[{"href":"https:\/\/diariodominicano.com\/index.php?rest_route=\/wp\/v2\/types\/post"}],"author":[{"embeddable":true,"href":"https:\/\/diariodominicano.com\/index.php?rest_route=\/wp\/v2\/users\/3"}],"replies":[{"embeddable":true,"href":"https:\/\/diariodominicano.com\/index.php?rest_route=%2Fwp%2Fv2%2Fcomments&post=191352"}],"version-history":[{"count":0,"href":"https:\/\/diariodominicano.com\/index.php?rest_route=\/wp\/v2\/posts\/191352\/revisions"}],"wp:attachment":[{"href":"https:\/\/diariodominicano.com\/index.php?rest_route=%2Fwp%2Fv2%2Fmedia&parent=191352"}],"wp:term":[{"taxonomy":"category","embeddable":true,"href":"https:\/\/diariodominicano.com\/index.php?rest_route=%2Fwp%2Fv2%2Fcategories&post=191352"},{"taxonomy":"post_tag","embeddable":true,"href":"https:\/\/diariodominicano.com\/index.php?rest_route=%2Fwp%2Fv2%2Ftags&post=191352"}],"curies":[{"name":"wp","href":"https:\/\/api.w.org\/{rel}","templated":true}]}}