{"id":191351,"date":"2008-02-08T01:06:25","date_gmt":"2008-02-08T01:06:25","guid":{"rendered":"http:\/\/diariodominicano.ddns.net\/?p=191351"},"modified":"2008-02-08T01:06:25","modified_gmt":"2008-02-08T01:06:25","slug":"diaz-rua-dice-que-ve-un-triunfo-de-leonel-en-la-primera-vuelta","status":"publish","type":"post","link":"https:\/\/diariodominicano.com\/?p=191351","title":{"rendered":"D\u00edaz R\u00faa dice que ve un triunfo de Leonel en la primera vuelta"},"content":{"rendered":"<p><body><\/p>\n<p class=\"titulogrande1\">D\u00edaz R\u00faa dice que ve un triunfo de Leonel en  la primera vuelta<\/p>\n<p>&#13;<\/p>\n<p align=\"justify\" class=\"text1noticias\"><strong>Santo Domingo.-<\/strong> V\u00edctor D\u00edaz R\u00faa,  miembro de los\u00a0 Comit\u00e9s Central y  Nacional de Campa\u00f1a\u00a0 del Partido de la Liberaci\u00f3n Dominicana  (PLD), dijo que ve un triunfo en  primera vuelta de la candidatura del Presidente Leonel Fern\u00e1ndez, tal y como lo  establecen las mediciones de opini\u00f3n\u00a0 y  como se manifiesta en la aceptaci\u00f3n masiva de la propuesta peledeista.<\/p>\n<p>&#13;<\/p>\n<p align=\"justify\" class=\"text1noticias\">Agreg\u00f3 que \u00abdespu\u00e9s de diciembre hemos  subido much\u00edsimo en la intenci\u00f3n del voto; en estos momentos\u00a0 el presidente est\u00e1 c\u00f3modo para ganar en la  primera vuelta\u00bb. <\/p>\n<p>&#13;<\/p>\n<p align=\"justify\" class=\"text1noticias\">Destac\u00f3 que en el poco tiempo  que esa organizaci\u00f3n tiene en campa\u00f1a ha sido suficiente para reafirmar que es  la primera fuerza politica del pais y que la candidatura se ha \u00abadue\u00f1ado  de las calles\u00bb. <\/p>\n<p>&#13;<\/p>\n<p align=\"justify\" class=\"text1noticias\">\u00abEl PLD tiene el control  de las calles. Nosotros no est\u00e1bamos en campa\u00f1a, iniciamos ese proceso con el  a\u00f1o y ya se ven los resultados\u00bb, acot\u00f3.<\/p>\n<p>&#13;<\/p>\n<p align=\"justify\" class=\"text1noticias\">D\u00edaz Rua se refiri\u00f3 tambi\u00e9n a  los recorridos del presidente y al entusiasmo con que la gente recibe al Doctor  Leonel Fern\u00e1ndez y al\u00a0 PLD en cada uno de los lugares por donde se  desplazan.<\/p>\n<p>&#13;<\/p>\n<p align=\"justify\" class=\"text1noticias\">\u00abEn Santiago, espectacular, en Moca espectacular, y ahora  recientemente en Villa Mella y La   Victoria \u00ab, subray\u00f3 el Secretario de Estado y dirigente  del PLD.<\/p>\n<p>&#13;<\/p>\n<p align=\"justify\" class=\"text1noticias\"> Insisti\u00f3 en que el Partido de la Liberaci\u00f3n Dominicana  es el due\u00f1o de las calles y que no se hab\u00eda visto tanta identificaci\u00f3n y  entrega hacia un candidato.<\/p>\n<p>&#13;<\/p>\n<p align=\"justify\" class=\"text1noticias\">\u00abEs un acontecimiento\u00a0 nunca visto antes, sin duda\u00a0 que el PLD es el due\u00f1o de las calles y del  sentimiento de la poblaci\u00f3n \u00ab, declar\u00f3\u00a0  D\u00edaz Rua.<\/p>\n<p>&#13;<\/p>\n<p align=\"justify\" class=\"text1noticias\">Anunci\u00f3 que el fin de semana el Presidente del  PLD estar\u00e1 en la regi\u00f3n Este del pa\u00eds, zona donde el gobierno ejecuta m\u00faltiples obras publicas en la actualidad.<\/p>\n<p>&#13;<\/p>\n<p align=\"justify\" class=\"text1noticias\">El Aer\u00f3dromo, las obras de la Cueva de la Maravilla, en la que  Obras Publicas\u00a0 trabaja en combinaci\u00f3n  con la autoridad del departamento aeroportuario ser\u00e1 inaugurado al tiempo que  se dar\u00e1\u00a0 el inicio al reclamado acueducto  de Higuey\u00bb, anunci\u00f3\u00a0 el secretario  de Obras Publicas.<\/p>\n<p>&#13;<\/p>\n<p align=\"justify\" class=\"text1noticias\">Los dias viernes, s\u00e1bado y Domingo el  presidente Leonel Fern\u00e1ndez realizar\u00e1 labores proselitistas en las Provincias La Altagracia, El Seybo,  Hato Mayor y San Pedro de Macor\u00eds en la regi\u00f3n Oriental del pais.<\/p>\n<p>&#13;<\/p>\n<h6> 2008-02-08 01:06:25 <\/h6>\n<p><!--\n<link rel=\"stylesheet\" href=\"css\/bootstrap.min.css\">\n\n\n<ul class=\"pagination\">\n\t    \n\t\n\n<li >\n\t<a href='?page_no=34098'>Previous<\/a>\n\t<\/li>\n\n\n       \n    \n\n<li><a href='?page_no=1'>1<\/a><\/li>\n\n\n\n<li><a href='?page_no=2'>2<\/a><\/li>\n\n\n\n<li><a>...<\/a><\/li>\n\n\n\n<li><a href='?page_no=34097'>34097<\/a><\/li>\n\n\n\n<li><a href='?page_no=34098'>34098<\/a><\/li>\n\n\n\n<li class='active'><a>34099<\/a><\/li>\n\n\n\n<li><a href='?page_no=34100'>34100<\/a><\/li>\n\n\n\n<li><a href='?page_no=34101'>34101<\/a><\/li>\n\n\n\n<li><a>...<\/a><\/li>\n\n\n\n<li><a href='?page_no=36999'>36999<\/a><\/li>\n\n\n\n<li><a href='?page_no=37000'>37000<\/a><\/li>\n\n    \n\t\n\n<li >\n\t<a href='?page_no=34100'>Next<\/a>\n\t<\/li>\n\n\n    \n\n<li><a href='?page_no=37000'>Last &rsaquo;&rsaquo;<\/a><\/li>\n\n<\/ul>\n\n\n--><br \/>\n<\/body><\/p>\n","protected":false},"excerpt":{"rendered":"<p>D\u00edaz R\u00faa dice que ve un triunfo de Leonel en la primera vuelta &#13; Santo Domingo.- V\u00edctor D\u00edaz R\u00faa, miembro de los\u00a0 Comit\u00e9s Central y Nacional de Campa\u00f1a\u00a0 del Partido de la Liberaci\u00f3n Dominicana (PLD), dijo que ve un triunfo en primera vuelta de la candidatura del Presidente Leonel Fern\u00e1ndez, tal y como lo establecen [&hellip;]<\/p>\n","protected":false},"author":3,"featured_media":0,"comment_status":"open","ping_status":"open","sticky":false,"template":"","format":"standard","meta":{"footnotes":""},"categories":[22],"tags":[],"class_list":["post-191351","post","type-post","status-publish","format-standard","hentry","category-politica"],"_links":{"self":[{"href":"https:\/\/diariodominicano.com\/index.php?rest_route=\/wp\/v2\/posts\/191351","targetHints":{"allow":["GET"]}}],"collection":[{"href":"https:\/\/diariodominicano.com\/index.php?rest_route=\/wp\/v2\/posts"}],"about":[{"href":"https:\/\/diariodominicano.com\/index.php?rest_route=\/wp\/v2\/types\/post"}],"author":[{"embeddable":true,"href":"https:\/\/diariodominicano.com\/index.php?rest_route=\/wp\/v2\/users\/3"}],"replies":[{"embeddable":true,"href":"https:\/\/diariodominicano.com\/index.php?rest_route=%2Fwp%2Fv2%2Fcomments&post=191351"}],"version-history":[{"count":0,"href":"https:\/\/diariodominicano.com\/index.php?rest_route=\/wp\/v2\/posts\/191351\/revisions"}],"wp:attachment":[{"href":"https:\/\/diariodominicano.com\/index.php?rest_route=%2Fwp%2Fv2%2Fmedia&parent=191351"}],"wp:term":[{"taxonomy":"category","embeddable":true,"href":"https:\/\/diariodominicano.com\/index.php?rest_route=%2Fwp%2Fv2%2Fcategories&post=191351"},{"taxonomy":"post_tag","embeddable":true,"href":"https:\/\/diariodominicano.com\/index.php?rest_route=%2Fwp%2Fv2%2Ftags&post=191351"}],"curies":[{"name":"wp","href":"https:\/\/api.w.org\/{rel}","templated":true}]}}